{"id":136310,"date":"2025-09-24T18:50:10","date_gmt":"2025-09-24T18:50:10","guid":{"rendered":"https:\/\/www.europesays.com\/es\/136310\/"},"modified":"2025-09-24T18:50:10","modified_gmt":"2025-09-24T18:50:10","slug":"james-bond-sera-un-actor-desconocido-en-la-pelicula-de-denis-villeneuve-sobre-el-agente-007","status":"publish","type":"post","link":"https:\/\/www.europesays.com\/es\/136310\/","title":{"rendered":"James Bond ser\u00e1 un actor desconocido en la pel\u00edcula de Denis Villeneuve sobre el agente 007"},"content":{"rendered":"<p class=\"c-paragraph\">El fichaje de <b>Denis Villeneuve <\/b>como director de la pr\u00f3xima entrega de <a href=\"https:\/\/www.20minutos.es\/cinemania\/noticias\/opinion-antigua-productora-james-bond-fichaje-denis-villeneuve-5732813\/\" title=\"Esto es lo que opina la antigua productora de James Bond sobre el fichaje de Denis Villeneuve\" rel=\"nofollow noopener\" target=\"_blank\">James Bond<\/a><b> <\/b>ha sembrado tantas esperanzas como dudas. Las primeras, por tener a uno de los cineastas m\u00e1s aclamados de la actualidad al frente del regreso de 007. Las segundas, por el miedo a que el canadiense se pasase con las originalidades al ponerse al frente de la saga.\u00a0\u00a0<\/p>\n<p class=\"c-paragraph\">No obstante, seg\u00fan <a href=\"https:\/\/deadline.com\/2025\/09\/james-bond-cast-unknown-british-actor-denis-villeneuve-dune-1236554375\/\" rel=\"nofollow noreferrer noopener\" target=\"_blank\">Deadline<\/a>, los fans old school pueden estar tranquilos.\u00a0 Villeneuve ya busca a un actor que empu\u00f1e la Walther PPK tras la marcha de <b>Daniel Craig&#8230; <\/b>y busca un perfil que se atenga a los par\u00e1metros m\u00e1s cl\u00e1sicos del personaje.\u00a0<\/p>\n<p>\u00bfC\u00f3mo quiere Villeneuve que sea su James Bond?\u00a0<\/p>\n<p class=\"c-paragraph\">Seg\u00fan las fuentes citadas por Deadline, el James Bond de Denis Villeneuve correr\u00e1 a cargo de\u00a0<b>un actor desconocido, brit\u00e1nico y de alrededor de 30 a\u00f1os. <\/b>Algo que deja fuera a algunos de los nombres m\u00e1s citados como candidatos al MI6.<\/p>\n<p class=\"c-paragraph\"><b>Timoth\u00e9e Chalamet, Glen Powell, Austin Butler<\/b> y <b>Jacob Elordi, <\/b>entre otros, se quedan en la cuneta debido a su nacionalidad. En cuanto a <b>Tom Hardy<\/b> (47 a\u00f1os) <b>Idris Elba<\/b> (53) y <b>Henry Cavill<\/b> (42) se pasan de la edad requerida para el papel.\u00a0<\/p>\n<p class=\"c-paragraph\">Por otra parte, tanto Villeneuve como el guionista <b>Steven Knight <\/b>(Peaky Blinders) quieren volver a los or\u00edgenes del personaje en las novelas de <b>Ian Fleming, <\/b>caracterizando al esp\u00eda como un sujeto violento y sin escr\u00fapulos. Algo que tambi\u00e9n influir\u00e1 en su decisi\u00f3n de reparto.\u00a0<\/p>\n<p class=\"c-paragraph\">\u00abSea quien sea, tiene que tener pinta de <b>poder matarte con sus manos desnudas en un santiam\u00e9n\u00bb,<\/b> asegura una fuente an\u00f3nima. \u00abEso tiene que quedar claro desde la primera vez que lo veas\u00bb. Dado que, a todos los efectos, esta Bond 26 reiniciar\u00e1 la franquicia tras el final de Sin tiempo para morir, tambi\u00e9n es posible que la pel\u00edcula siga al personaje durante sus a\u00f1os en los Royal Marines, antes de unirse al servicio secreto.\u00a0<\/p>\n<p class=\"c-paragraph\">Aun as\u00ed, Villeneuve a\u00fan tiene una oportunidad para poner nerviosos a los puristas. Entre los m\u00faltiples requisitos que \u00e9l y Knight han puesto para encontrar a su James Bond <b>no figura el de que este sea blanco. <\/b>As\u00ed pues, aunque Idris Elba haya quedado fuera de la ecuaci\u00f3n, es posible que un actor afrobrit\u00e1nico (o de otra etnia) acabe poni\u00e9ndose el esmoquin.\u00a0<\/p>\n<p class=\"c-paragraph\">Finalmente, se\u00f1alemos que a\u00fan nos queda mucho tiempo para zozobrar con Bond 26, ya que Villeneuve no se pondr\u00e1 manos a la obra hasta el a\u00f1o que viene, cuando haya terminado <a href=\"https:\/\/www.20minutos.es\/cinemania\/noticias\/dune-3-diferencia-saga-denis-villeneuve_6234910_0.html\" title=\"Denis Villeneuve ha tomado una decisi\u00f3n para &#039;Dune 3&#039; que marca una diferencia radical con el resto de la saga\" rel=\"nofollow noopener\" target=\"_blank\">la tercera parte de &#8216;Dune&#8217;<\/a><\/p>\n","protected":false},"excerpt":{"rendered":"El fichaje de Denis Villeneuve como director de la pr\u00f3xima entrega de James Bond ha sembrado tantas esperanzas&hellip;\n","protected":false},"author":2,"featured_media":136311,"comment_status":"","ping_status":"","sticky":false,"template":"","format":"standard","meta":{"footnotes":""},"categories":[169],"tags":[43098,177,8723,146,147,25,24,176,13783,175,523,23,16743],"class_list":{"0":"post-136310","1":"post","2":"type-post","3":"status-publish","4":"format-standard","5":"has-post-thumbnail","7":"category-cine","8":"tag-bond","9":"tag-cine","10":"tag-confirmado","11":"tag-entertainment","12":"tag-entretenimiento","13":"tag-es","14":"tag-espana","15":"tag-film","16":"tag-james","17":"tag-movies","18":"tag-sera","19":"tag-spain","20":"tag-un"},"share_on_mastodon":{"url":"","error":""},"_links":{"self":[{"href":"https:\/\/www.europesays.com\/es\/wp-json\/wp\/v2\/posts\/136310","targetHints":{"allow":["GET"]}}],"collection":[{"href":"https:\/\/www.europesays.com\/es\/wp-json\/wp\/v2\/posts"}],"about":[{"href":"https:\/\/www.europesays.com\/es\/wp-json\/wp\/v2\/types\/post"}],"author":[{"embeddable":true,"href":"https:\/\/www.europesays.com\/es\/wp-json\/wp\/v2\/users\/2"}],"replies":[{"embeddable":true,"href":"https:\/\/www.europesays.com\/es\/wp-json\/wp\/v2\/comments?post=136310"}],"version-history":[{"count":0,"href":"https:\/\/www.europesays.com\/es\/wp-json\/wp\/v2\/posts\/136310\/revisions"}],"wp:featuredmedia":[{"embeddable":true,"href":"https:\/\/www.europesays.com\/es\/wp-json\/wp\/v2\/media\/136311"}],"wp:attachment":[{"href":"https:\/\/www.europesays.com\/es\/wp-json\/wp\/v2\/media?parent=136310"}],"wp:term":[{"taxonomy":"category","embeddable":true,"href":"https:\/\/www.europesays.com\/es\/wp-json\/wp\/v2\/categories?post=136310"},{"taxonomy":"post_tag","embeddable":true,"href":"https:\/\/www.europesays.com\/es\/wp-json\/wp\/v2\/tags?post=136310"}],"curies":[{"name":"wp","href":"https:\/\/api.w.org\/{rel}","templated":true}]}}