{"id":136316,"date":"2025-09-24T18:53:13","date_gmt":"2025-09-24T18:53:13","guid":{"rendered":"https:\/\/www.europesays.com\/es\/136316\/"},"modified":"2025-09-24T18:53:13","modified_gmt":"2025-09-24T18:53:13","slug":"mar-flores-hablo-en-late-xou-de-su-hijo-carlo-costanzia-por-su-participacion-en-el-nuevo-decomasters-de-rtve","status":"publish","type":"post","link":"https:\/\/www.europesays.com\/es\/136316\/","title":{"rendered":"Mar Flores habl\u00f3 en &#8216;Late Xou&#8217; de su hijo Carlo Costanzia por su participaci\u00f3n en el nuevo &#8216;Decomasters&#8217; de RTVE"},"content":{"rendered":"<p class=\"article-text\">\n        <strong>Mar Flores<\/strong> visit\u00f3 este martes <strong>Late Xou con Marc Gir\u00f3<\/strong> para promocionar Mar en calma, su autobiograf\u00eda, que tanto est\u00e1 dando de qu\u00e9 hablar en los programas del coraz\u00f3n. La publicaci\u00f3n del libro ha devuelto a la modelo a la primera plana de la cr\u00f3nica social de nuestro pa\u00eds, lo que ha provocado que se est\u00e9 comentando, entre otras muchas cosas, de una supuesta mala relaci\u00f3n entre ella y el mayor de sus cinco hijos, <strong>Carlos Costanzia<\/strong>. Sin embargo, la tambi\u00e9n actriz y empresaria se encarg\u00f3 de desmentirlo en el programa de La 1.\n    <\/p>\n<p>    <a href=\"https:\/\/www.eldiario.es\/vertele\/noticias\/decomasters-patricia-montero-presentadora-jurado-rtve-la-1_1_12591856.html\" data-mrf-recirculation=\"saber-mas\" data-dl-event=\"saber-mas\" rel=\"nofollow noopener\" target=\"_blank\"><\/p>\n<p class=\"know-more__title\">RTVE recupera a Patricia Montero para presentar &#8216;DecoMasters&#8217; y desvela su jurado<\/p>\n<p>            <img decoding=\"async\" class=\"lazy\" loading=\"lazy\" data-src=\"https:\/\/static.eldiario.es\/clip\/c9eff732-8c51-4eec-b98b-72949859a262_16-9-aspect-ratio_default_0.jpg\" src=\"data:image\/svg+xml,%3Csvg xmlns=\" http:=\"\" viewbox=\"0 0 880 495\" alt=\"RTVE recupera a Patricia Montero para presentar 'DecoMasters' y desvela su jurado\"\/><\/p>\n<p>                        <\/a><\/p>\n<p class=\"article-text\">\n        Mar lo hizo aludiendo a otro formato de la cadena p\u00fablica, el in\u00e9dito <a href=\"https:\/\/www.eldiario.es\/vertele\/noticias\/decomasters-patricia-montero-presentadora-jurado-rtve-la-1_1_12591856.html\" target=\"_blank\" data-mrf-recirculation=\"links-noticia\" class=\"link\" rel=\"nofollow noopener\">Decomasters<\/a>, que actualmente est\u00e1 grabando y en el que participa como concursante junto al propio Carlo. \u201cVengo agotada porque empezamos a grabar el programa el lunes. Estoy haci\u00e9ndolo de pareja con mi hijo y lo estamos pasando bomba. Es como MasterChef, pero de decoraci\u00f3n\u201d, explic\u00f3 la madrile\u00f1a. \u201c\u00bfY c\u00f3mo es la relaci\u00f3n con tu hijo? Yo me pondr\u00eda nervios\u00edsimo. A m\u00ed me ponen con mi madre a decorar o a tirar tabiques y acabamos a la gre\u00f1a\u201d, le pregunt\u00f3 Marc Gir\u00f3. \u201cNo, qu\u00e9 va.<strong>\u00a0Mejor con tu hijo<\/strong>.\u00a0Adem\u00e1s,\u00a0\u00e9l hac\u00eda de jefe de obra y me fue dirigiendo fenomenal.\u00a0Cuando \u00e9l quiere algo, yo le sigo. No me importa\u201d, respondi\u00f3 Mar Flores.\n    <\/p>\n<p class=\"article-text\">\n        \u201cAs\u00ed que con tu hijo fenomenal. D\u00edselo a Espa\u00f1a porque a veces hay un poco de l\u00edo\u201d, insisti\u00f3 el presentador, consciente de que se estaba hablando mucho de un supuesto enfriamiento en la relaci\u00f3n entre la modelo y el novio de <strong>Alejandra Rubio<\/strong>. \u201cTengo cinco hijos y fenomenal con todos, con los cinco.\u00a0<strong>Educad\u00edsimos todos y m\u00e1s buenos\u2026<\/strong>\u201d, concluy\u00f3 la ex de Javier Merino para dejar claro que no tiene ning\u00fan problema con Carlo, sino todo lo contrario.\n    <\/p>\n<p class=\"article-text\">\n        De hecho, cuando Gir\u00f3 le pregunt\u00f3 cu\u00e1l era la reacci\u00f3n que m\u00e1s le hab\u00eda dolido de entre todas las que hab\u00eda generado su biograf\u00eda, Mar no se qued\u00f3 con ninguna en concreto. Simplemente lament\u00f3 que <strong>\u201cestamos en lo mismo que hace 30 a\u00f1os\u201d<\/strong> y que \u201cno avanzamos mucho\u201d, por lo que no pareci\u00f3 dar mucha importancia a todo lo que se ha dicho sobre ella y su libro en las \u00faltimas semanas.\n    <\/p>\n<p>    <a href=\"https:\/\/www.eldiario.es\/vertele\/noticias\/rtve-descubre-archivos-secretos-no-do-adelanta-criticas-mostramos-franco-tapujos_1_12611262.html\" data-mrf-recirculation=\"saber-mas-abajo\" data-dl-event=\"saber-mas-abajo\" rel=\"nofollow noopener\" target=\"_blank\"><\/p>\n<p class=\"know-more__title\">RTVE descubre &#8216;Los archivos secretos del NO-DO&#8217; y se adelanta a las cr\u00edticas: \u201cMostramos a Franco sin tapujos\u201d\n<\/p>\n<p>            <img decoding=\"async\" class=\"lazy\" loading=\"lazy\" data-src=\"https:\/\/static.eldiario.es\/clip\/c20fadff-6027-44cc-9b72-0a0a9311b4ff_16-9-aspect-ratio_default_0.jpg\" src=\"data:image\/svg+xml,%3Csvg xmlns=\" http:=\"\" viewbox=\"0 0 880 495\" alt=\"RTVE descubre 'Los archivos secretos del NO-DO' y se adelanta a las cr\u00edticas: &quot;Mostramos a Franco sin tapujos&quot;\"\/><\/p>\n<p>                        <\/a><\/p>\n<blockquote class=\"twitter-tweet\" data-lang=\"es\"><p><a href=\"https:\/\/twitter.com\/X\/status\/1970610569787867417?ref_src=twsrc%5Etfw\" rel=\"nofollow noopener\" target=\"_blank\"><\/p><\/blockquote>\n<p>    As\u00ed es &#8216;Decomasters&#8217;, el nuevo programa de La 1<\/p>\n<p class=\"article-text\">\n        El espacio producido por RTVE en colaboraci\u00f3n con Shine Iberia tiene la decoraci\u00f3n como premisa. Distintas parejas de famosos competir\u00e1n semanalmente con el objetivo de lograr el benepl\u00e1cito del jurado. Las<strong>\u00a0<\/strong><a href=\"https:\/\/www.eldiario.es\/vertele\/noticias\/rtve-completa-casting-10-parejas-famosas-decomasters-mar-flores-hijo-carlo-costanzia_1_12502972.html\" target=\"_blank\" data-mrf-recirculation=\"links-noticia\" class=\"link\" rel=\"nofollow noopener\">diez parejas participantes<\/a> son las siguientes: Mar Flores y Carlos Costanzia, Isa Pantoja y Asraf Beno, Samantha y Colate Vallejo-N\u00e1gera, Mar\u00eda Zurita y Antonia Dell&#8217;Atte, Eduardo Casanova y Canco Rodr\u00edguez, Luc\u00eda Bos\u00e9 y Palito Domingu\u00edn, Eduardo Navarrete y La Terremoto de Alcorc\u00f3n, Raquel Mero\u00f1o y Bel\u00e9n L\u00f3pez, los Gemeliers, adem\u00e1s de King Bru y Andy Andrea. A su vez, la actriz <a href=\"https:\/\/www.eldiario.es\/vertele\/noticias\/decomasters-patricia-montero-presentadora-jurado-rtve-la-1_1_12591856.html\" target=\"_blank\" data-mrf-recirculation=\"links-noticia\" class=\"link\" rel=\"nofollow noopener\">Patricia Montero ser\u00e1 la presentadora<\/a> de este nuevo programa, mientras que el jurado estar\u00e1 compuesto por los especialistas Lorenzo Castillo y Marta Riop\u00e9rez\n    <\/p>\n<p>                                    <script async src=\"https:\/\/platform.twitter.com\/widgets.js\" charset=\"utf-8\"><\/script><\/p>\n","protected":false},"excerpt":{"rendered":"Mar Flores visit\u00f3 este martes Late Xou con Marc Gir\u00f3 para promocionar Mar en calma, su autobiograf\u00eda, que&hellip;\n","protected":false},"author":2,"featured_media":136317,"comment_status":"","ping_status":"","sticky":false,"template":"","format":"standard","meta":{"footnotes":""},"categories":[91],"tags":[9893,43099,146,147,25,24,13331,30,36593,9892,524,2599,518,23],"class_list":{"0":"post-136316","1":"post","2":"type-post","3":"status-publish","4":"format-standard","5":"has-post-thumbnail","7":"category-entretenimiento","8":"tag-carlo-costanzia","9":"tag-decomasters","10":"tag-entertainment","11":"tag-entretenimiento","12":"tag-es","13":"tag-espana","14":"tag-hablo","15":"tag-hijo","16":"tag-late-xou","17":"tag-mar-flores","18":"tag-nuevo","19":"tag-participacion","20":"tag-rtve","21":"tag-spain"},"share_on_mastodon":{"url":"","error":""},"_links":{"self":[{"href":"https:\/\/www.europesays.com\/es\/wp-json\/wp\/v2\/posts\/136316","targetHints":{"allow":["GET"]}}],"collection":[{"href":"https:\/\/www.europesays.com\/es\/wp-json\/wp\/v2\/posts"}],"about":[{"href":"https:\/\/www.europesays.com\/es\/wp-json\/wp\/v2\/types\/post"}],"author":[{"embeddable":true,"href":"https:\/\/www.europesays.com\/es\/wp-json\/wp\/v2\/users\/2"}],"replies":[{"embeddable":true,"href":"https:\/\/www.europesays.com\/es\/wp-json\/wp\/v2\/comments?post=136316"}],"version-history":[{"count":0,"href":"https:\/\/www.europesays.com\/es\/wp-json\/wp\/v2\/posts\/136316\/revisions"}],"wp:featuredmedia":[{"embeddable":true,"href":"https:\/\/www.europesays.com\/es\/wp-json\/wp\/v2\/media\/136317"}],"wp:attachment":[{"href":"https:\/\/www.europesays.com\/es\/wp-json\/wp\/v2\/media?parent=136316"}],"wp:term":[{"taxonomy":"category","embeddable":true,"href":"https:\/\/www.europesays.com\/es\/wp-json\/wp\/v2\/categories?post=136316"},{"taxonomy":"post_tag","embeddable":true,"href":"https:\/\/www.europesays.com\/es\/wp-json\/wp\/v2\/tags?post=136316"}],"curies":[{"name":"wp","href":"https:\/\/api.w.org\/{rel}","templated":true}]}}