{"id":136326,"date":"2025-09-24T18:58:18","date_gmt":"2025-09-24T18:58:18","guid":{"rendered":"https:\/\/www.europesays.com\/es\/136326\/"},"modified":"2025-09-24T18:58:18","modified_gmt":"2025-09-24T18:58:18","slug":"arrestan-a-un-hombre-en-relacion-con-un-ciberataque-que-afecto-a-varios-aeropuertos-europeos","status":"publish","type":"post","link":"https:\/\/www.europesays.com\/es\/136326\/","title":{"rendered":"Arrestan a un hombre en relaci\u00f3n con un ciberataque que afect\u00f3 a varios aeropuertos europeos"},"content":{"rendered":"<p>      CNN<br \/>\n        \u00a0\u2014\u00a0<\/p>\n<p class=\"paragraph inline-placeholder vossi-paragraph\" data-uri=\"es.cms.cnn.com\/_components\/paragraph\/instances\/cmfxxp535003r26qw10m3andp@published\" data-editable=\"text\" data-component-name=\"paragraph\" data-article-gutter=\"true\">\n            Un hombre de unos 40 a\u00f1os ha sido arrestado en relaci\u00f3n con un ciberataque que inutiliz\u00f3 los sistemas de check-in en algunos de los aeropuertos m\u00e1s concurridos de Europa la semana pasada.\n    <\/p>\n<p class=\"paragraph inline-placeholder vossi-paragraph\" data-uri=\"es.cms.cnn.com\/_components\/paragraph\/instances\/cmfxxr1e00002356n0ckv8vg4@published\" data-editable=\"text\" data-component-name=\"paragraph\" data-article-gutter=\"true\">\n            El hombre, arrestado en West Sussex, Inglaterra, en la noche del martes, fue detenido bajo sospecha de delitos relacionados con la Ley de Uso Indebido de Computadoras, seg\u00fan inform\u00f3 la Agencia Nacional contra el Crimen (NCA, por sus siglas en ingl\u00e9s) del Reino Unido en un comunicado que fue compartido con CNN. Ha quedado en libertad condicional.\n    <\/p>\n<p class=\"paragraph inline-placeholder vossi-paragraph\" data-uri=\"es.cms.cnn.com\/_components\/paragraph\/instances\/cmfxxr1e00003356n18geb434@published\" data-editable=\"text\" data-component-name=\"paragraph\" data-article-gutter=\"true\">\n            \u201cAunque este arresto es un paso positivo, la investigaci\u00f3n de este incidente se encuentra en sus primeras etapas y contin\u00faa en curso\u201d, declar\u00f3 Paul Foster, jefe de la Unidad Nacional de Delitos Cibern\u00e9ticos de la NCA, en el comunicado.\n    <\/p>\n<p class=\"paragraph inline-placeholder vossi-paragraph\" data-uri=\"es.cms.cnn.com\/_components\/paragraph\/instances\/cmfxxr1e00004356ne3vxl3qx@published\" data-editable=\"text\" data-component-name=\"paragraph\" data-article-gutter=\"true\">\n            \u201cEl cibercrimen es una amenaza global persistente que contin\u00faa causando importantes perturbaciones en el Reino Unido. Junto con nuestros socios locales e internacionales, la NCA se compromete a reducir esta amenaza para proteger a la ciudadan\u00eda brit\u00e1nica\u201d, a\u00f1adi\u00f3.\n    <\/p>\n<p class=\"paragraph inline-placeholder vossi-paragraph\" data-uri=\"es.cms.cnn.com\/_components\/paragraph\/instances\/cmfxxpc890000356naiqbk88y@published\" data-editable=\"text\" data-component-name=\"paragraph\" data-article-gutter=\"true\">\n            El viernes pasado, la compa\u00f1\u00eda de aviaci\u00f3n Collins Aerospace fue blanco del ciberataque, lo que caus\u00f3 problemas para los pasajeros que ten\u00edan previsto partir desde ciudades como Londres, Bruselas, Berl\u00edn y Dubl\u00edn.\n    <\/p>\n<p class=\"paragraph inline-placeholder vossi-paragraph\" data-uri=\"es.cms.cnn.com\/_components\/paragraph\/instances\/cmfxy1zdn000i356ng41g0iwb@published\" data-editable=\"text\" data-component-name=\"paragraph\" data-article-gutter=\"true\">\n            El Aeropuerto de Bruselas utiliz\u00f3 iPads y port\u00e1tiles para el registro de los pasajeros, mientras que un pasajero del Aeropuerto de Berl\u00edn-Brandeburgo declar\u00f3 a Reuters que los viajeros recib\u00edan tarjetas de embarque escritas a mano.\n    <\/p>\n<p class=\"paragraph inline-placeholder vossi-paragraph\" data-uri=\"es.cms.cnn.com\/_components\/paragraph\/instances\/cmfxy1zdn000j356n53stjaig@published\" data-editable=\"text\" data-component-name=\"paragraph\" data-article-gutter=\"true\">\n            En un comunicado emitido en la ma\u00f1ana de este mi\u00e9rcoles, el Aeropuerto de Berl\u00edn afirm\u00f3 que las interrupciones continuaban.\n    <\/p>\n<p class=\"paragraph inline-placeholder vossi-paragraph\" data-uri=\"es.cms.cnn.com\/_components\/paragraph\/instances\/cmfxy1zdn000k356nup7ytlse@published\" data-editable=\"text\" data-component-name=\"paragraph\" data-article-gutter=\"true\">\n            \u201cDado que la facturaci\u00f3n y el embarque siguen siendo mayoritariamente manuales, es posible que las aerol\u00edneas sigan registrando tiempos de procesamiento m\u00e1s largos, retrasos y cancelaciones a pesar de la movilizaci\u00f3n de todos los recursos disponibles\u201d, declar\u00f3 el aeropuerto, a\u00f1adiendo que est\u00e1 trabajando en \u201csoluciones alternativas para minimizar el impacto\u201d del ciberataque en los pasajeros.\n    <\/p>\n<p class=\"paragraph inline-placeholder vossi-paragraph\" data-uri=\"es.cms.cnn.com\/_components\/paragraph\/instances\/cmfxy1zdn000l356ne5c9s9z6@published\" data-editable=\"text\" data-component-name=\"paragraph\" data-article-gutter=\"true\">\n            El aeropuerto londinense de Heathrow inform\u00f3 el mi\u00e9rcoles que la mayor\u00eda de sus vuelos \u201coperan con normalidad\u201d. El Aeropuerto de Bruselas indic\u00f3 el martes que a\u00fan podr\u00eda haber \u201cinterrupciones limitadas\u201d en los vuelos debido al ciberataque.\n    <\/p>\n<p class=\"paragraph inline-placeholder vossi-paragraph\" data-uri=\"es.cms.cnn.com\/_components\/paragraph\/instances\/cmfxxr1e00005356nmj7hrwmq@published\" data-editable=\"text\" data-component-name=\"paragraph\" data-article-gutter=\"true\">\n            Esta noticia est\u00e1 en desarrollo y ser\u00e1 actualizada.\n    <\/p>\n","protected":false},"excerpt":{"rendered":"CNN \u00a0\u2014\u00a0 Un hombre de unos 40 a\u00f1os ha sido arrestado en relaci\u00f3n con un ciberataque que inutiliz\u00f3&hellip;\n","protected":false},"author":2,"featured_media":136327,"comment_status":"","ping_status":"","sticky":false,"template":"","format":"standard","meta":{"footnotes":""},"categories":[5],"tags":[17,18,32196,25,24,700,13,14,43100,11,19,20,9,10,15,16,23,12,21,22],"class_list":{"0":"post-136326","1":"post","2":"type-post","3":"status-publish","4":"format-standard","5":"has-post-thumbnail","7":"category-titulares","8":"tag-breaking-news","9":"tag-breakingnews","10":"tag-ciberataque","11":"tag-es","12":"tag-espana","13":"tag-europa","14":"tag-featured-news","15":"tag-featurednews","16":"tag-hackeo","17":"tag-headlines","18":"tag-latest-news","19":"tag-latestnews","20":"tag-news","21":"tag-noticias","22":"tag-noticias-destacadas","23":"tag-noticiasdestacadas","24":"tag-spain","25":"tag-titulares","26":"tag-ultimas-noticias","27":"tag-ultimasnoticias"},"share_on_mastodon":{"url":"","error":""},"_links":{"self":[{"href":"https:\/\/www.europesays.com\/es\/wp-json\/wp\/v2\/posts\/136326","targetHints":{"allow":["GET"]}}],"collection":[{"href":"https:\/\/www.europesays.com\/es\/wp-json\/wp\/v2\/posts"}],"about":[{"href":"https:\/\/www.europesays.com\/es\/wp-json\/wp\/v2\/types\/post"}],"author":[{"embeddable":true,"href":"https:\/\/www.europesays.com\/es\/wp-json\/wp\/v2\/users\/2"}],"replies":[{"embeddable":true,"href":"https:\/\/www.europesays.com\/es\/wp-json\/wp\/v2\/comments?post=136326"}],"version-history":[{"count":0,"href":"https:\/\/www.europesays.com\/es\/wp-json\/wp\/v2\/posts\/136326\/revisions"}],"wp:featuredmedia":[{"embeddable":true,"href":"https:\/\/www.europesays.com\/es\/wp-json\/wp\/v2\/media\/136327"}],"wp:attachment":[{"href":"https:\/\/www.europesays.com\/es\/wp-json\/wp\/v2\/media?parent=136326"}],"wp:term":[{"taxonomy":"category","embeddable":true,"href":"https:\/\/www.europesays.com\/es\/wp-json\/wp\/v2\/categories?post=136326"},{"taxonomy":"post_tag","embeddable":true,"href":"https:\/\/www.europesays.com\/es\/wp-json\/wp\/v2\/tags?post=136326"}],"curies":[{"name":"wp","href":"https:\/\/api.w.org\/{rel}","templated":true}]}}