{"id":136330,"date":"2025-09-24T19:00:08","date_gmt":"2025-09-24T19:00:08","guid":{"rendered":"https:\/\/www.europesays.com\/es\/136330\/"},"modified":"2025-09-24T19:00:08","modified_gmt":"2025-09-24T19:00:08","slug":"en-lerdo-viviran-corrida-de-toros-de-la-revolucion-grupo-milenio","status":"publish","type":"post","link":"https:\/\/www.europesays.com\/es\/136330\/","title":{"rendered":"En Lerdo vivir\u00e1n corrida de toros de la Revoluci\u00f3n- Grupo Milenio"},"content":{"rendered":"<p>\t\t\t\t\t\t\t\t\t\t\t<a href=\"https:\/\/www.milenio.com\/autores\/luis-salcedo-cassio\" rel=\"author nofollow noopener\" target=\"_blank\">Luis Salcedo Cassio<\/a><\/p>\n<p>\n\t\t\t\t\tLerdo, Durango \/ 24.09.2025 12:41:26<\/p>\n<p>La <strong>Plaza de Toros Alberto Balderas de Ciudad Lerdo<\/strong> ser\u00e1 la sede de la Tradicional Corrida de la Revoluci\u00f3n, la cual se desarrollar\u00e1 el pr\u00f3ximo 22 de noviembre a partir de las 17:00 horas con el espectacular mano a mano entre el queretano, <strong>Octavio Garc\u00eda \u00abEl Payo\u00bb<\/strong> y el lagunero y joven diestro del momento, <strong>Arturo Gilio Quintero.<\/strong><\/p>\n<p>Esta es una fecha taurina muy tradicional que se ven\u00eda realizando en Torre\u00f3n, ahora se realizar\u00e1 en<strong> Lerdo <\/strong>ante la prohibici\u00f3n que persiste en Coahuila.<\/p>\n<p>La corrida fue presentada el mediod\u00eda del martes en conferencia de prensa realizada en la <strong style=\"font-family: var(--font-source-serif-pro);\">Plaza de Toros Lerdo<\/strong>, donde estuvieron presidium, el coordinador de medios Rafael Cort\u00e9s; Jorge Galv\u00e1n, m\u00e9dico de plaza; el matador de toros, Arturo Gilio Quintero; H\u00e9ctor Escamilla, director de Arte y Cultura de Lerdo; Mar\u00eda Jos\u00e9 Lazo, Turismo de Ciudad Lrdo; Jorge Mata, Pasi\u00f3n por el Toro; Karla Garc\u00eda, muralista lagunera; Hugo Vel\u00e1zquez, coordinador de la Plaza de Toros y Jos\u00e9 Luis Orozco, Juez de Plaza.<\/p>\n<p><strong style=\"color: rgb(118, 146, 60);\">&#8216;El Payo&#8217; desde Espa\u00f1a a La Laguna<\/strong><\/p>\n<p>En este festejo se presentar\u00e1<strong> &#8216;El Payo&#8217;, un matador que pocas veces ha venido a La Laguna <\/strong>y que actualmente se encuentra en temporada en Espa\u00f1a, mientras que Gilio pasa por uno de sus mejores momentos.<\/p>\n<p>La corrida ser\u00e1 con tem\u00e1tica de la Revoluci\u00f3n Mexicana, los toreros no van a torear de luces sino a la usanza charra y todos los participantes de igual manera.<\/p>\n<p>La<strong> venta de boletos arrancar\u00e1 este viernes<\/strong> a partir de las 10:00 horas en el Coliseo Centenario de Torre\u00f3n con precios que van de los 500 en el tendido de sol general y 700 en sombra general.<\/p>\n<blockquote><p>\u00abSiempre regresar a Lerdo me ilusiona y me compromete, estoy pasando por un momento bonito. Vestir de Charro no lo hab\u00eda hecho, es algo que estoy descubriendo y de lo que me quiero empapar. Feliz y con mucha ilusi\u00f3n, ser\u00e1 de las \u00faltimas corridas de mi actual temporada\u00bb, precis\u00f3 Arturo Gilio.<\/p><\/blockquote>\n<p>aarp<\/p>\n<p>    <a aria-label=\"Google News Milenio\" data-mrf-conversion=\"google-news-follow\" href=\"https:\/\/news.google.com\/publications\/CAAqBwgKMNyRggsw-N7-Ag?hl=es-419&amp;gl=MX&amp;ceid=MX:es-419\" rel=\"nofollow noopener\" target=\"_blank\"><br \/>\n        <img decoding=\"async\" alt=\"Google news logo\" src=\"https:\/\/www.milenio.com\/bundles\/appcamusassets\/dist\/images\/svg\/google-news.svg\" width=\"72\" height=\"20\" loading=\"lazy\"\/><br \/>\n        S\u00edguenos en<br \/>\n    <\/a><\/p>\n","protected":false},"excerpt":{"rendered":"Luis Salcedo Cassio Lerdo, Durango \/ 24.09.2025 12:41:26 La Plaza de Toros Alberto Balderas de Ciudad Lerdo ser\u00e1&hellip;\n","protected":false},"author":2,"featured_media":136331,"comment_status":"","ping_status":"","sticky":false,"template":"","format":"standard","meta":{"footnotes":""},"categories":[277],"tags":[28145,373,43101,168,25,24,43103,43102,33256,23,167,374],"class_list":{"0":"post-136330","1":"post","2":"type-post","3":"status-publish","4":"format-standard","5":"has-post-thumbnail","7":"category-toreo","8":"tag-arturo-gilio","9":"tag-bullfighting","10":"tag-corrida-de-la-revolucion-en-lerdo","11":"tag-deportes","12":"tag-es","13":"tag-espana","14":"tag-lerdo","15":"tag-octavio-garcia-el-payo","16":"tag-plaza-de-toros-alberto-balderas","17":"tag-spain","18":"tag-sports","19":"tag-toreo"},"share_on_mastodon":{"url":"","error":""},"_links":{"self":[{"href":"https:\/\/www.europesays.com\/es\/wp-json\/wp\/v2\/posts\/136330","targetHints":{"allow":["GET"]}}],"collection":[{"href":"https:\/\/www.europesays.com\/es\/wp-json\/wp\/v2\/posts"}],"about":[{"href":"https:\/\/www.europesays.com\/es\/wp-json\/wp\/v2\/types\/post"}],"author":[{"embeddable":true,"href":"https:\/\/www.europesays.com\/es\/wp-json\/wp\/v2\/users\/2"}],"replies":[{"embeddable":true,"href":"https:\/\/www.europesays.com\/es\/wp-json\/wp\/v2\/comments?post=136330"}],"version-history":[{"count":0,"href":"https:\/\/www.europesays.com\/es\/wp-json\/wp\/v2\/posts\/136330\/revisions"}],"wp:featuredmedia":[{"embeddable":true,"href":"https:\/\/www.europesays.com\/es\/wp-json\/wp\/v2\/media\/136331"}],"wp:attachment":[{"href":"https:\/\/www.europesays.com\/es\/wp-json\/wp\/v2\/media?parent=136330"}],"wp:term":[{"taxonomy":"category","embeddable":true,"href":"https:\/\/www.europesays.com\/es\/wp-json\/wp\/v2\/categories?post=136330"},{"taxonomy":"post_tag","embeddable":true,"href":"https:\/\/www.europesays.com\/es\/wp-json\/wp\/v2\/tags?post=136330"}],"curies":[{"name":"wp","href":"https:\/\/api.w.org\/{rel}","templated":true}]}}