{"id":136344,"date":"2025-09-24T19:08:11","date_gmt":"2025-09-24T19:08:11","guid":{"rendered":"https:\/\/www.europesays.com\/es\/136344\/"},"modified":"2025-09-24T19:08:11","modified_gmt":"2025-09-24T19:08:11","slug":"carlo-costanzia-y-alejandra-rubio-muy-preocupados-por-la-salud-de-la-abuela-de-el","status":"publish","type":"post","link":"https:\/\/www.europesays.com\/es\/136344\/","title":{"rendered":"Carlo Costanzia y Alejandra Rubio, muy preocupados por la salud de la abuela de \u00e9l"},"content":{"rendered":"<p data-journey-content=\"true\" data-node-id=\"3\" class=\"css-6wxqfj emevuu60\"><strong data-node-id=\"3.0\">Carlo Costanzia y <a href=\"https:\/\/www.diezminutos.es\/alejandra-rubio\/\" target=\"_blank\" data-vars-ga-outbound-link=\"https:\/\/www.diezminutos.es\/alejandra-rubio\/\" data-vars-ga-ux-element=\"Hyperlink\" data-vars-ga-call-to-action=\"Alejandra Rubio\" data-node-id=\"3.0.1\" data-mrf-link=\"https:\/\/www.diezminutos.es\/alejandra-rubio\/\" class=\"body-link css-177bzfx emevuu60\" rel=\"nofollow noopener\">Alejandra Rubio<\/a> est\u00e1n muy pendientes de la salud de una persona de su entorno m\u00e1s cercano.<\/strong> La pareja est\u00e1 de m\u00e1xima actualidad tras la publicaci\u00f3n de &#8216;Mar en calma&#8217;, las memorias de Mar Flores, en las que aclara los episodios m\u00e1s pol\u00e9micos de su vida y <a href=\"https:\/\/www.diezminutos.es\/famosos-corazon\/famosos-espanoles\/a66008212\/mar-flores-entrevista-libro-memorias-hijo-carlo-costanzia-nieto\/\" target=\"_blank\" data-vars-ga-outbound-link=\"https:\/\/www.diezminutos.es\/famosos-corazon\/famosos-espanoles\/a66008212\/mar-flores-entrevista-libro-memorias-hijo-carlo-costanzia-nieto\/\" data-vars-ga-ux-element=\"Hyperlink\" data-vars-ga-call-to-action=\"su relaci\u00f3n con su hijo mayor\" data-node-id=\"3.2\" class=\"body-link css-177bzfx emevuu60\" rel=\"nofollow noopener\">su relaci\u00f3n con su hijo mayor<\/a>, fruto de su matrimonio con Carlo Costanzia padre. Las confesiones de la modelo han causado mucha pol\u00e9mica y su ex ha anunciado que <a href=\"https:\/\/www.diezminutos.es\/famosos-corazon\/famosos-espanoles\/a67969910\/alejandra-rubio-aviso-carlo-costanzia-memorias-mar-flores-de-viernes\/\" target=\"_blank\" data-vars-ga-outbound-link=\"https:\/\/www.diezminutos.es\/famosos-corazon\/famosos-espanoles\/a67969910\/alejandra-rubio-aviso-carlo-costanzia-memorias-mar-flores-de-viernes\/\" data-vars-ga-ux-element=\"Hyperlink\" data-vars-ga-call-to-action=\"demandar\u00e1 a la madre de su hijo mayor\" data-node-id=\"3.4\" class=\"body-link css-177bzfx emevuu60\" rel=\"nofollow noopener\">demandar\u00e1 a la madre de su hijo mayor<\/a> y que <a href=\"https:\/\/www.diezminutos.es\/famosos-corazon\/famosos-espanoles\/a67972145\/carlo-costanzia-memorias-mar-flores-carlo-decomasters-de-viernes\/\" target=\"_blank\" data-vars-ga-outbound-link=\"https:\/\/www.diezminutos.es\/famosos-corazon\/famosos-espanoles\/a67972145\/carlo-costanzia-memorias-mar-flores-carlo-decomasters-de-viernes\/\" data-vars-ga-ux-element=\"Hyperlink\" data-vars-ga-call-to-action=\"ni \u00e9l ni Carlo eran conocedores\" data-node-id=\"3.6\" class=\"body-link css-177bzfx emevuu60\" rel=\"nofollow noopener\">ni \u00e9l ni Carlo eran conocedores<\/a> de que Mar iba a publicar sus memorias.<\/p>\n<p data-journey-content=\"true\" data-node-id=\"6\" class=\"css-6wxqfj emevuu60\">A pesar de la pol\u00e9mica, Carlo Costanzia y Alejandra Rubio contin\u00faan con su vida y mientras la hija de Terelu Campos colabora en varios programas de Telecinco como &#8216;Vaya fama&#8217; o &#8216;Vamos a ver&#8217;, el hijo de Mar Flores <a href=\"https:\/\/www.diezminutos.es\/teleprograma\/programas-tv\/a66135744\/mar-flores-carlo-costanzia-grabaciones-decomasters-concursantes\/\" target=\"_blank\" data-vars-ga-outbound-link=\"https:\/\/www.diezminutos.es\/teleprograma\/programas-tv\/a66135744\/mar-flores-carlo-costanzia-grabaciones-decomasters-concursantes\/\" data-vars-ga-ux-element=\"Hyperlink\" data-vars-ga-call-to-action=\"est\u00e1 inmerso en las grabaciones de &#039;DecoMasters&#039;\" data-node-id=\"6.1\" class=\"body-link css-177bzfx emevuu60\" rel=\"nofollow noopener\">est\u00e1 inmerso en las grabaciones de &#8216;DecoMasters&#8217;<\/a>, el nuevo reality de decoraci\u00f3n que comparte con su madre y del que ya ha revelado su<a href=\"https:\/\/www.diezminutos.es\/famosos-corazon\/famosos-espanoles\/a68010394\/carlo-costanzia-desvela-fecha-estreno-decomasters-tve\/\" target=\"_blank\" data-vars-ga-outbound-link=\"https:\/\/www.diezminutos.es\/famosos-corazon\/famosos-espanoles\/a68010394\/carlo-costanzia-desvela-fecha-estreno-decomasters-tve\/\" data-vars-ga-ux-element=\"Hyperlink\" data-vars-ga-call-to-action=\" fecha de estreno\" data-node-id=\"6.3\" class=\"body-link css-177bzfx emevuu60\" rel=\"nofollow noopener\"> fecha de estreno<\/a>. La pareja aprovecha los d\u00edas libres que su trabajo les permite para viajar a Italia a visitar a la familia de Carlo.<\/p>\n<p><img draggable=\"true\" alt=\"carlo costanzia\" title=\"Carlo Costanzia\" loading=\"lazy\" width=\"4800\" height=\"7200\" decoding=\"async\" data-nimg=\"1\" style=\"color:transparent;width:100%;height:auto;\"   src=\"https:\/\/www.europesays.com\/es\/wp-content\/uploads\/2025\/09\/carlo-costanzia-aeropuerto-68c19070bf18f.jpg\" class=\"css-0 e1g79fud0\"\/><\/p>\n<p>Europa Press<\/p>\n<p data-journey-content=\"true\" data-node-id=\"9\" class=\"css-6wxqfj emevuu60\">Hace unos d\u00edas, <strong data-node-id=\"9.1\">Carlo Costanzia comparti\u00f3 en sus redes sociales algunas im\u00e1genes de su \u00faltimo viaje a Italia y, en una de ellas, se pod\u00eda ver c\u00f3mo sosten\u00eda la mano de una persona mayor.<\/strong> Y es que, tal y como \u00e9l mismo ha confirmado, <strong data-node-id=\"9.3\">viaj\u00f3 a Tur\u00edn para visitar a su abuela paterna,<\/strong> una de las mujeres m\u00e1s importantes de su vida y que est\u00e1 delicada de salud. Ya en Madrid, el joven, antes de regresar a las grabaciones de &#8216;DecoMasters&#8217;, confirm\u00f3 que hab\u00eda estado con su abuela.<\/p>\n<p>Carlo Costanzia, muy unido a su &#8216;nonna&#8217;, su abuela paterna<\/p>\n<p data-journey-content=\"true\" data-node-id=\"14\" class=\"css-6wxqfj emevuu60\"><strong data-node-id=\"14.0\">Carlo Costanzia est\u00e1 muy unido a su &#8216;nonna&#8217;, la madre de Carlo Costanzia padre,<\/strong> y, como <a href=\"https:\/\/www.diezminutos.es\/famosos-corazon\/famosos-espanoles\/a64147869\/alejandra-rubio-libertad-condena-carlo-costanzia-vamos-a-ver\/\" target=\"_blank\" data-vars-ga-outbound-link=\"https:\/\/www.diezminutos.es\/famosos-corazon\/famosos-espanoles\/a64147869\/alejandra-rubio-libertad-condena-carlo-costanzia-vamos-a-ver\/\" data-vars-ga-ux-element=\"Hyperlink\" data-vars-ga-call-to-action=\"cont\u00f3 Alejandra Rubio\" data-node-id=\"14.2\" class=\"body-link css-177bzfx emevuu60\" rel=\"nofollow noopener\">cont\u00f3 Alejandra Rubio<\/a> hace unos meses, el hijo de Mar Flores estaba deseando cumplir con su <a href=\"https:\/\/www.diezminutos.es\/famosos-corazon\/famosos-espanoles\/a46464956\/carlo-constanzia-detalles-condena-estafa-de-viernes\/\" target=\"_blank\" data-vars-ga-outbound-link=\"https:\/\/www.diezminutos.es\/famosos-corazon\/famosos-espanoles\/a46464956\/carlo-constanzia-detalles-condena-estafa-de-viernes\/\" data-vars-ga-ux-element=\"Hyperlink\" data-vars-ga-call-to-action=\"condena por estafa\" data-node-id=\"14.4\" class=\"body-link css-177bzfx emevuu60\" rel=\"nofollow noopener\">condena por estafa<\/a> de 21 meses de privaci\u00f3n de libertad y que le obligaba a dormir en un centro penitenciario y a llevar una pulsera telem\u00e1tica de control que le imped\u00eda abandonar territorio espa\u00f1ol, para poder viajar a Italia a visitarla. Fue el pasado 11 de marzo cuando el joven cumpli\u00f3 su condena y pudo cumplir su sue\u00f1o: <a href=\"https:\/\/www.diezminutos.es\/famosos-corazon\/famosos-espanoles\/a64217245\/alejandra-rubio-carlo-costanzia-viaje-italia-bebe\/\" target=\"_blank\" data-vars-ga-outbound-link=\"https:\/\/www.diezminutos.es\/famosos-corazon\/famosos-espanoles\/a64217245\/alejandra-rubio-carlo-costanzia-viaje-italia-bebe\/\" data-vars-ga-ux-element=\"Hyperlink\" data-vars-ga-call-to-action=\"viajar a Tur\u00edn a ver a su nonna y presentarle a su hijo Carlo\" data-node-id=\"14.6\" class=\"body-link css-177bzfx emevuu60\" rel=\"nofollow noopener\">viajar a Tur\u00edn a ver a su nonna y presentarle a su hijo Carlo<\/a>, fruto de su relaci\u00f3n con Alejandra Rubio. Desde el pasado marzo, Carlo, Alejandra y su beb\u00e9 han viajado varias veces hasta Italia para ver a la bisabuela de su hijo y ahora ambos est\u00e1n muy preocupados por su salud.<\/p>\n<p><img draggable=\"true\" alt=\"alejandra rubio y carlo costanzia en turin, italia, en fotos exclusivas en diez minutos\" title=\"Alejandra Rubio y Carlo Costanzia en Turin, Italia, en fotos exclusivas en Diez Minutos\" loading=\"lazy\" width=\"3000\" height=\"2561\" decoding=\"async\" data-nimg=\"1\" style=\"color:transparent;width:100%;height:auto;\"   src=\"https:\/\/www.europesays.com\/es\/wp-content\/uploads\/2025\/09\/alejandra-rubio-carlo-costanzia-viaje-turin-italia-67d96447c4dce.jpg\" class=\"css-0 e1g79fud0\"\/><\/p>\n<p>Agencias<\/p>\n<p><img src=\"https:\/\/www.europesays.com\/es\/wp-content\/uploads\/2025\/09\/1758740891_732_956e4c3c-2efd-4963-a949-05017c07afa9_1734435946.jpg\" alt=\"Headshot of Silvia Criado\" title=\"Headshot of Silvia Criado\" width=\"100%\" height=\"100%\" decoding=\"async\" loading=\"lazy\" class=\"css-o0wq4v ev8dhu53\"\/><\/p>\n<p>Silvia Criado es Jefa de Secci\u00f3n Digital de Diez Minutos experta en coraz\u00f3n y sociedad especializada en famosos y casas reales, de los que lleva escribiendo m\u00e1s de 20 a\u00f1os. En su larga trayectoria profesional, ha cubierto eventos de lo m\u00e1s variado desde el nacimiento de la princesa Leonor, futura reina de Espa\u00f1a, a los premios Goya. No se le escapa un detalle de las alfombras rojas como los Goya o el Oscar y conoce como nadie los secretos de las biograf\u00edas de las celebridades.<br \/>\nAunque est\u00e1 especializada en famosos y realidad, es una periodista todoterreno que tambi\u00e9n ha escrito mucho sobre maternidad, decoraci\u00f3n, moda, belleza, televisi\u00f3n y ocio. En sus art\u00edculos tanto te cuenta cu\u00e1l es el restaurante m\u00e1s de moda de Madrid, copia el look de Nuria Roca en versi\u00f3n &#8216;low cost&#8217;, te da los &#8216;consejos&#8217; necesarios para decorar la habitaci\u00f3n de tu hijo o te cuenta todo lo que ha pasado en &#8216;Supervivientes&#8217;.<br \/>\nSilvia Criado es licenciada en Periodismo por la Universidad Complutense de Madrid y a empez\u00f3 a colaborar en diferentes medios de comunicaci\u00f3n cuando todav\u00eda no hab\u00eda terminado la carrera. Ha trabajado en la cadena Ser, el diario Menorca y las revistas Crecer Feliz, Casa Diez, Micasa o Elle Decoration aunque, la mayor parte de su trayectoria, ha transcurrido en Diez Minutos donde lleg\u00f3 a su edici\u00f3n de papel en el a\u00f1o 2001. Desde 2018, puedes leer sus art\u00edculos en la web.<\/p>\n","protected":false},"excerpt":{"rendered":"Carlo Costanzia y Alejandra Rubio est\u00e1n muy pendientes de la salud de una persona de su entorno m\u00e1s&hellip;\n","protected":false},"author":2,"featured_media":136345,"comment_status":"","ping_status":"","sticky":false,"template":"","format":"standard","meta":{"footnotes":""},"categories":[174],"tags":[255,253,146,147,25,24,256,23],"class_list":{"0":"post-136344","1":"post","2":"type-post","3":"status-publish","4":"format-standard","5":"has-post-thumbnail","7":"category-famosos","8":"tag-celebrities","9":"tag-discover","10":"tag-entertainment","11":"tag-entretenimiento","12":"tag-es","13":"tag-espana","14":"tag-famosos","15":"tag-spain"},"share_on_mastodon":{"url":"","error":""},"_links":{"self":[{"href":"https:\/\/www.europesays.com\/es\/wp-json\/wp\/v2\/posts\/136344","targetHints":{"allow":["GET"]}}],"collection":[{"href":"https:\/\/www.europesays.com\/es\/wp-json\/wp\/v2\/posts"}],"about":[{"href":"https:\/\/www.europesays.com\/es\/wp-json\/wp\/v2\/types\/post"}],"author":[{"embeddable":true,"href":"https:\/\/www.europesays.com\/es\/wp-json\/wp\/v2\/users\/2"}],"replies":[{"embeddable":true,"href":"https:\/\/www.europesays.com\/es\/wp-json\/wp\/v2\/comments?post=136344"}],"version-history":[{"count":0,"href":"https:\/\/www.europesays.com\/es\/wp-json\/wp\/v2\/posts\/136344\/revisions"}],"wp:featuredmedia":[{"embeddable":true,"href":"https:\/\/www.europesays.com\/es\/wp-json\/wp\/v2\/media\/136345"}],"wp:attachment":[{"href":"https:\/\/www.europesays.com\/es\/wp-json\/wp\/v2\/media?parent=136344"}],"wp:term":[{"taxonomy":"category","embeddable":true,"href":"https:\/\/www.europesays.com\/es\/wp-json\/wp\/v2\/categories?post=136344"},{"taxonomy":"post_tag","embeddable":true,"href":"https:\/\/www.europesays.com\/es\/wp-json\/wp\/v2\/tags?post=136344"}],"curies":[{"name":"wp","href":"https:\/\/api.w.org\/{rel}","templated":true}]}}