{"id":136412,"date":"2025-09-24T19:53:11","date_gmt":"2025-09-24T19:53:11","guid":{"rendered":"https:\/\/www.europesays.com\/es\/136412\/"},"modified":"2025-09-24T19:53:11","modified_gmt":"2025-09-24T19:53:11","slug":"si-rashford-se-quiere-quedar-en-el-barca-tiene-que-cambiar","status":"publish","type":"post","link":"https:\/\/www.europesays.com\/es\/136412\/","title":{"rendered":"Si Rashford se quiere quedar en el Bar\u00e7a, tiene que cambiar"},"content":{"rendered":"<p class=\"ft-text\"><strong>Marcus Rashford se reivindic\u00f3 el pasado jueves en Newcastle.<\/strong> El ingl\u00e9s fue la decisi\u00f3n final del Bar\u00e7a para reforzar la delantera, la opci\u00f3n favorita de Flick, que termin\u00f3 llegando en forma de cesi\u00f3n desde el Manchester United. <strong>Con sus dos tantos ante los &#8216;magpies&#8217;, Rashford est\u00e1 aprovechando los minutos y quiere luchar por un hueco en el once titular.<\/strong><\/p>\n<p class=\"ft-text\">Los cul\u00e9s consiguieron un acuerdo muy beneficioso para su llegada: <strong>cesi\u00f3n simple con una opci\u00f3n de compra de 30 millones de euros.<\/strong> Una operaci\u00f3n de riesgo pr\u00e1cticamente cero para el Bar\u00e7a; si el jugador funciona, se puede buscar un acuerdo y, si no termina por rendir, v<strong>olver\u00e1 a Manchester a final de curso.<\/strong><\/p>\n<p class=\"ft-text\">Lo cierto es que en estos primeros meses est\u00e1 convenciendo a toda la parroquia azulgrana y muchos ya empiezan a pensar en una continuidad a largo plazo. <strong>En Inglaterra han salido informaciones que explican las intenciones del FC Barcelona con el delantero.<\/strong><\/p>\n<p><img decoding=\"async\" src=\"https:\/\/www.europesays.com\/es\/wp-content\/uploads\/2025\/09\/bc6efb3a-7f08-42a0-b400-c1988404e988_alta-libre-aspect-ratio_default_0.jpg\" width=\"1200\" height=\"800\" alt=\"Barcelona's Marcus Rashford celebrates after scoring his side second goal during the Champions League, opening phase soccer match between Newcastle and Barcelona in Newcastle, England, Thursday, Sept. 18, 2025. (AP Photo\/Jon Super)\" class=\"ft-helper-img-rd\" loading=\"lazy\" hasdataaida=\"true\"\/><\/p>\n<p class=\"ft-helper-fontColor-quaternary ft-helper-fontSize-body-S ft-helper-spacer-t-xxs\">Rashford celebrando su tanto ante el Newcastle  \/ LAP<\/p>\n<p class=\"ft-text\">Lyall Thomas, periodista de SkySports, explic\u00f3 que los azulgranas est\u00e1n muy contentos con el progreso del jugador desde su llegada. <strong>Se ha adaptado de maravilla al club y a la ciudad de Barcelona, pero que no se espera ninguna negociaci\u00f3n para su fichaje hasta el pr\u00f3ximo verano.<\/strong> En Manchester recuerdan que el posible precio ya est\u00e1 acordado<strong> y ser\u00edan los 30 millones de euros de la cl\u00e1usula de compra.<\/strong><\/p>\n<p class=\"ft-text\">Mientras tanto, el jugador tiene una oportunidad \u00fanica para volver a la primera plana futbol\u00edstica. Tras unos a\u00f1os apagado en Manchester y con una cesi\u00f3n al Aston Villa, <strong>Marcus Rashford vuelve a sonre\u00edr en Barcelona. Flick est\u00e1 encantado con su llegada y va a ser un jugador muy importante durante toda la temporada.<\/strong><\/p>\n<p>\u00a1Cr\u00edticas en Inglaterra!<\/p>\n<p class=\"ft-text\">A pesar del gran momento de forma del ingl\u00e9s, en su pa\u00eds lo han criticado con dureza. Una leyenda de la selecci\u00f3n y del Newcastle, Alan Shearer, le dio un toque de atenci\u00f3n tras el partido ante el Getafe: \u00abEstuvo sensacional contra Newcastle. El segundo final, en particular, fue incre\u00edble.<strong> Pero no puedes ser poco profesional. \u00bfPor qu\u00e9 todos los dem\u00e1s deber\u00edan llegar a tiempo, pero t\u00fa llegas tarde? No importa si llegas dos minutos tarde o 20 minutos tarde. Llegas tarde y tus compa\u00f1eros de equipo tienen que esperarte. No est\u00e1 bien\u00bb<\/strong>, refiri\u00e9ndose a cuando lleg\u00f3 tarde al entrenamiento previo ante los madrile\u00f1os.<\/p>\n<p class=\"ft-text\">El m\u00edtico delantero le dio un consejo por si quiere seguir en el Bar\u00e7a: <strong>&#8216;Supongo que si quiere quedarse all\u00ed, particularmente solo estando cedido, tiene que cambiar<\/strong>, porque cuando est\u00e1s en un club importante como\u00a0el Barcelona, siempre habr\u00e1 alguien que ocupe tu lugar\u00bb.<\/p>\n<p><img decoding=\"async\" src=\"https:\/\/www.europesays.com\/es\/wp-content\/uploads\/2025\/09\/330a421d-6f55-4e35-8fec-9d227526b5e3_alta-libre-aspect-ratio_default_0.jpg\" width=\"1200\" height=\"800\" alt=\"Casemiro, junto a Rashford, en el Manchester United\" class=\"ft-helper-img-rd\" loading=\"lazy\" hasdataaida=\"true\"\/><\/p>\n<p class=\"ft-helper-fontColor-quaternary ft-helper-fontSize-body-S ft-helper-spacer-t-xxs\">Casemiro, junto a Rashford, en el Manchester United  \/ AP<\/p>\n<p class=\"ft-text\">Estas no fueron las primeras cr\u00edticas que recibi\u00f3 desde Inglaterra. Tras el duelo en Newcastle, Paul Scholes lo critic\u00f3 duramente por su actitud: \u00abNo hay duda del talento que tiene ese chico, es rid\u00edculo. Principalmente por su actitud en el United. El momento en que se fue, pens\u00e9 que era una verg\u00fcenza en el United no intentarlo, b\u00e1sicamente.<strong> Si te peleaste con un entrenador, entonces est\u00e1 bien, pero recuerda, tienes compa\u00f1eros de equipo con los que est\u00e1s jugando. Tienes 80.000 all\u00ed, cada semana en la que tienes que esforzarte un poco. La cantidad de veces que lo vi en el United caminando porque quiere irse, pens\u00e9 que todo su comportamiento era una verg\u00fcenza\u00bb<\/strong>, dijo el ingl\u00e9s.<\/p>\n<p class=\"ft-text\">Mientras en Inglaterra se le critica, <strong>Rashford demuestra toda su calidad en el Bar\u00e7a y ante el Oviedo este jueves, volver\u00e1 a tener una oportunidad para dejar su huella.<\/strong><\/p>\n","protected":false},"excerpt":{"rendered":"Marcus Rashford se reivindic\u00f3 el pasado jueves en Newcastle. El ingl\u00e9s fue la decisi\u00f3n final del Bar\u00e7a para&hellip;\n","protected":false},"author":2,"featured_media":136413,"comment_status":"","ping_status":"","sticky":false,"template":"","format":"standard","meta":{"footnotes":""},"categories":[268],"tags":[2296,168,25,24,280,282,43118,3254,3253,281,23,167],"class_list":{"0":"post-136412","1":"post","2":"type-post","3":"status-publish","4":"format-standard","5":"has-post-thumbnail","7":"category-futbol","8":"tag-barca","9":"tag-deportes","10":"tag-es","11":"tag-espana","12":"tag-football","13":"tag-futbol","14":"tag-intenciones","15":"tag-marcus-rashford","16":"tag-rashford","17":"tag-soccer","18":"tag-spain","19":"tag-sports"},"share_on_mastodon":{"url":"","error":""},"_links":{"self":[{"href":"https:\/\/www.europesays.com\/es\/wp-json\/wp\/v2\/posts\/136412","targetHints":{"allow":["GET"]}}],"collection":[{"href":"https:\/\/www.europesays.com\/es\/wp-json\/wp\/v2\/posts"}],"about":[{"href":"https:\/\/www.europesays.com\/es\/wp-json\/wp\/v2\/types\/post"}],"author":[{"embeddable":true,"href":"https:\/\/www.europesays.com\/es\/wp-json\/wp\/v2\/users\/2"}],"replies":[{"embeddable":true,"href":"https:\/\/www.europesays.com\/es\/wp-json\/wp\/v2\/comments?post=136412"}],"version-history":[{"count":0,"href":"https:\/\/www.europesays.com\/es\/wp-json\/wp\/v2\/posts\/136412\/revisions"}],"wp:featuredmedia":[{"embeddable":true,"href":"https:\/\/www.europesays.com\/es\/wp-json\/wp\/v2\/media\/136413"}],"wp:attachment":[{"href":"https:\/\/www.europesays.com\/es\/wp-json\/wp\/v2\/media?parent=136412"}],"wp:term":[{"taxonomy":"category","embeddable":true,"href":"https:\/\/www.europesays.com\/es\/wp-json\/wp\/v2\/categories?post=136412"},{"taxonomy":"post_tag","embeddable":true,"href":"https:\/\/www.europesays.com\/es\/wp-json\/wp\/v2\/tags?post=136412"}],"curies":[{"name":"wp","href":"https:\/\/api.w.org\/{rel}","templated":true}]}}