{"id":136431,"date":"2025-09-24T20:06:08","date_gmt":"2025-09-24T20:06:08","guid":{"rendered":"https:\/\/www.europesays.com\/es\/136431\/"},"modified":"2025-09-24T20:06:08","modified_gmt":"2025-09-24T20:06:08","slug":"la-oei-lleva-a-mondiacult-la-propuesta-de-un-objetivo-de-desarrollo-para-la-cultura-y-proyecta-a-iberoamerica-como-potencia-cultural-global","status":"publish","type":"post","link":"https:\/\/www.europesays.com\/es\/136431\/","title":{"rendered":"La OEI lleva a Mondiacult la propuesta de un objetivo de desarrollo para la cultura y proyecta a Iberoam\u00e9rica como potencia cultural global"},"content":{"rendered":"<p>Impulsar una declaraci\u00f3n en la que se aboga por un objetivo espec\u00edfico de cultura -con metas e indicadores que permitan evaluar el aporte de este sector en el desarrollo sostenible a nivel global- o poner sobre la mesa el valor estrat\u00e9gico y los aportes que la regi\u00f3n iberoamericana representan para el desarrollo de la cultura en el mundo son las apuestas que la Organizaci\u00f3n de Estados Iberoamericanos para la Educaci\u00f3n, la Ciencia y la Cultura (OEI) ha desplegado para recibir la pr\u00f3xima edici\u00f3n de <strong>Mondiacult<\/strong>, la Conferencia Mundial de la Unesco sobre Pol\u00edticas Culturales y Desarrollo Sostenible.<\/p>\n<p>Los participantes en importante cita global, que tendr\u00e1 lugar en Barcelona del 29 de septiembre al 1 de octubre, tendr\u00e1n acceso a esta declaraci\u00f3n, <strong>la \u00fanica impulsada por un organismo internacional de cara a este evento<\/strong>, y que ha surgido en el seno del Foro Iberoamericano de Viceministros(as) y Altas Autoridades de Cultura, el \u00f3rgano de trabajo del Programa Iberoamericano de Industrias Cuturales y Creativas que lidera la Organizaci\u00f3n de Estados Iberoamericanos (OEI).<\/p>\n<p>Entre otras propuestas, la declaraci\u00f3n pone \u00e9nfasis en el fortalecimiento de <strong>marcos regulatorios frente a la transformaci\u00f3n digital y la inteligencia artificial<\/strong>, la <strong>consolidaci\u00f3n de sistemas de datos e indicadores culturales<\/strong>, y la <strong>promoci\u00f3n de la diversidad cultural iberoamericana,<\/strong> con foco en los pueblos ind\u00edgenas, afrodescendientes, migrantes y comunidades hist\u00f3ricamente excluidas.<\/p>\n<p>A principios de septiembre, en la capital catalana, <a href=\"https:\/\/oei.int\/oficinas\/secretaria-general\/noticias\/mas-cultura-derechos-y-creatividad-para-impulsar-el-desarrollo-sostenible-en-iberoamerica\/\" target=\"_blank\" rel=\"noopener nofollow\">el foro se reuni\u00f3 en el marco de unas jornadas preparatorias a Mondiacult<\/a> que tuvieron por objetivo analizar y reflexionar sobre los principales retos que enfrenta el sector cultural iberoamericano en el contexto actual. Durante las jornadas, la digitalizaci\u00f3n, los derechos autorales o la protecci\u00f3n de los artistas fueron varios de los temas que marcaron la agenda.<\/p>\n<p><a href=\"https:\/\/oei.int\/wp-content\/uploads\/2025\/09\/declaracion-4areunion.pdf\" target=\"_blank\" rel=\"noopener nofollow\">Accede a la declaraci\u00f3n aqu\u00ed<\/a><\/p>\n<p><strong>OEI, comprometida con la cultura <\/strong><\/p>\n<p>Durante Mondiacult, la OEI desarrollar\u00e1 el lunes, 29 de septiembre, el evento paralelo <a href=\"https:\/\/oei.int\/oficinas\/secretaria-general\/eventos\/side-event-mondiacult-2025-cultura-y-desarrollo-sostenible-contribuciones-de-iberoamerica-a-la-agenda-global\/\" target=\"_blank\" rel=\"noopener nofollow\">Cultura y Desarrollo Sostenible \u2013 \u00abContribuciones de Iberoam\u00e9rica a la agenda global<\/a>\u00bb, un espacio de debate en el que se presentar\u00e1 un panorama de iniciativas y proyectos impulsados en la regi\u00f3n por entidades como la Agencia Espa\u00f1ola de Cooperaci\u00f3n Internacional para el Desarrollo, CAF \u2013 banco de desarrollo de Am\u00e9rica Latina y la OEI, con la participaci\u00f3n del Ministerio de Cultura de Brasil.<\/p>\n<p>El evento busca ofrecer aportes concretos a los debates de la agenda global promovida por Mondiacult, y que, entre otras cuestiones, responder\u00e1 a preguntas como qu\u00e9 mecanismos, datos e indicadores permiten fortalecer la gesti\u00f3n cultural en Iberoam\u00e9rica o c\u00f3mo integrar efectivamente la cultura en las pol\u00edticas p\u00fablicas de desarrollo sostenible.<\/p>\n<p>Participar\u00e1n del evento autoridades en la materia como Mariano Jabonero, secretario general de la OEI; Alejandra Claros, secretaria general de CAF; Santiago Herrero, director de Relaciones Culturales y Cient\u00edficas de la AECID y Claudia Leit\u00e3o, secretaria de Econom\u00eda Creativa del Ministerio de Cultura de Brasil, con la moderaci\u00f3n de Raphael Callou, director general de Cultura de la OEI.<\/p>\n","protected":false},"excerpt":{"rendered":"Impulsar una declaraci\u00f3n en la que se aboga por un objetivo espec\u00edfico de cultura -con metas e indicadores&hellip;\n","protected":false},"author":2,"featured_media":136432,"comment_status":"","ping_status":"","sticky":false,"template":"","format":"standard","meta":{"footnotes":""},"categories":[8],"tags":[17,18,25,24,13,14,11,19,20,9,10,15,16,23,12,21,22],"class_list":{"0":"post-136431","1":"post","2":"type-post","3":"status-publish","4":"format-standard","5":"has-post-thumbnail","7":"category-espana","8":"tag-breaking-news","9":"tag-breakingnews","10":"tag-es","11":"tag-espana","12":"tag-featured-news","13":"tag-featurednews","14":"tag-headlines","15":"tag-latest-news","16":"tag-latestnews","17":"tag-news","18":"tag-noticias","19":"tag-noticias-destacadas","20":"tag-noticiasdestacadas","21":"tag-spain","22":"tag-titulares","23":"tag-ultimas-noticias","24":"tag-ultimasnoticias"},"share_on_mastodon":{"url":"","error":""},"_links":{"self":[{"href":"https:\/\/www.europesays.com\/es\/wp-json\/wp\/v2\/posts\/136431","targetHints":{"allow":["GET"]}}],"collection":[{"href":"https:\/\/www.europesays.com\/es\/wp-json\/wp\/v2\/posts"}],"about":[{"href":"https:\/\/www.europesays.com\/es\/wp-json\/wp\/v2\/types\/post"}],"author":[{"embeddable":true,"href":"https:\/\/www.europesays.com\/es\/wp-json\/wp\/v2\/users\/2"}],"replies":[{"embeddable":true,"href":"https:\/\/www.europesays.com\/es\/wp-json\/wp\/v2\/comments?post=136431"}],"version-history":[{"count":0,"href":"https:\/\/www.europesays.com\/es\/wp-json\/wp\/v2\/posts\/136431\/revisions"}],"wp:featuredmedia":[{"embeddable":true,"href":"https:\/\/www.europesays.com\/es\/wp-json\/wp\/v2\/media\/136432"}],"wp:attachment":[{"href":"https:\/\/www.europesays.com\/es\/wp-json\/wp\/v2\/media?parent=136431"}],"wp:term":[{"taxonomy":"category","embeddable":true,"href":"https:\/\/www.europesays.com\/es\/wp-json\/wp\/v2\/categories?post=136431"},{"taxonomy":"post_tag","embeddable":true,"href":"https:\/\/www.europesays.com\/es\/wp-json\/wp\/v2\/tags?post=136431"}],"curies":[{"name":"wp","href":"https:\/\/api.w.org\/{rel}","templated":true}]}}