{"id":136461,"date":"2025-09-24T20:28:06","date_gmt":"2025-09-24T20:28:06","guid":{"rendered":"https:\/\/www.europesays.com\/es\/136461\/"},"modified":"2025-09-24T20:28:06","modified_gmt":"2025-09-24T20:28:06","slug":"lideres-progresistas-como-boric-lula-sanchez-y-petro-y-43-premios-nobel-llaman-en-la-onu-a-defender-la-democracia-tras-el-discurso-de-trump-eldiario-es","status":"publish","type":"post","link":"https:\/\/www.europesays.com\/es\/136461\/","title":{"rendered":"L\u00edderes progresistas como Boric, Lula, S\u00e1nchez y Petro y 43 Premios Nobel llaman en la ONU a defender la democracia tras el discurso de Trump &#8211; elDiario.es"},"content":{"rendered":"<ol>\n<li><a href=\"https:\/\/news.google.com\/rss\/articles\/CBMi_AFBVV95cUxPeVkyNThNa0xGVjBqQzR1NDUtalZ1eWhoRGtDRk5fempKUmxhbFIxeWlIWW9rcE1FNVBSM0VpZDlZN3FqbjhEOV9TN21QV3MweEJhRmVVcjdnQXRYSHBmVFBvYXpXZFZZd2pWS2VaQlV3WHRtNU4zYjVWRlRwLUFJeFh3dEFFM1hlXzlVQTJMSVh4WTZEdkl6cFIxOTFGUXpfM18yREFic0NYU0RaS3RyRlJzN2RUeFZsb211UFNOUHNhU2FzdTIzUkFTUmZNU2w3bjE0RjN0ZEhlV09tb2d4UjZZNVUxdVRkZEFETktWR1ZRRG9RTDgxMmpydWHSAYICQVVfeXFMTmgzRWExS1pSYk9hR2VPRFVoWmZnbnUwanBlb0NwRGxsTXQ5ZkRUd2JVRTNkRlBwXzVpV0txYjdNalVkLWRBcEU4VzlTZ05YbDZQaXhaVGZmanpMdmNoa01XeldJODBPc2J5ejRRaEZvbVp2THRmUExDTVdxcHgwRjV6SW9pTU5wZkp5eE9LU0tuQU1tLWhxWXZoNGZPalhLN05ROE1WZnNLYUNBSnduV09rSVM0ZDkxM09OanNSWmVudW5UdFZ0b2NicXZpWHducFdNdW43R0pxdWZMbkl2VTI3bGNzaUEzM2RpZmJwaDJGcHY4ZDB6enVRcjNIV1ZkcTZ3?oc=5\" target=\"_blank\" rel=\"nofollow noopener\">L\u00edderes progresistas como Boric, Lula, S\u00e1nchez y Petro y 43 Premios Nobel llaman en la ONU a defender la democracia tras el discurso de Trump<\/a>&nbsp;&nbsp;elDiario.es<\/li>\n<li><a href=\"https:\/\/news.google.com\/rss\/articles\/CBMirgFBVV95cUxORUtfZTJ3cW9rVVpYM21uY3phUjAzdkhkS3FGQjdRVzA3cVU2U2dzaENoSlJpT210SWhiNlJ2NmlZdzVoWnBva1VGcWx1TE1Xdm5vOFUtNTVIc2xyd2hmemdpa0NleTYybmllYUdZVXljc0N3dTlMM3hsTE1nTmljanBYOHJuWnNYNGt2UjFnQkt5c3h2QjZaY1BwbE1uTGg0SHNpNWZ6dnlRaHlCcEE?oc=5\" target=\"_blank\" rel=\"nofollow noopener\">Pedro S\u00e1nchez participa en la II edici\u00f3n del evento \u00abEn defensa de la democracia, luchando contra el extremismo\u00bb<\/a>&nbsp;&nbsp;La Moncloa<\/li>\n<li><a href=\"https:\/\/news.google.com\/rss\/articles\/CBMi2AFBVV95cUxQSWExNkdqcThhWFFkenlpRDFZZmpPQnhHTHFmLVJKZUZ6RjRGZHY3cFJrZ0wyekktRFNZVloyd09kTTVGa3JNdTFIYlJBUkF0cVRmQk03TzUxN01GLUxyaFBSTnNzSjNIRHh0S0ZmcEVkVzNTV2wyVUU1NHpJVDR2b0pDeFF5YXlVUHVpUHRFZUpldExMRS1nZldLQVZOVl9XREtXZFBIb0kwSlBqbnpQYm9LMXk3bWRUUm44N1pYRTR6bjF1ZkZmQTgzd3RNWm9RT0FmcUpPdDc?oc=5\" target=\"_blank\" rel=\"nofollow noopener\">Pedro S\u00e1nchez reh\u00faye hablar en la ONU: \u00abVoy a terminar la intervenci\u00f3n aqu\u00ed\u00bb<\/a>&nbsp;&nbsp;Libertad Digital<\/li>\n<li><a href=\"https:\/\/news.google.com\/rss\/articles\/CBMimAFBVV95cUxNQzBCYUx3U2xSNzJvUzU5cVk2RzQ1bUxDM3QteTJsTDNIWWx1c2luWUhOVHg0UHFTUU51TmV5UWhjeC1TSlFKWl85emRhMnhGSW1GdG5pRXhDSDhTRFVHUThlWUU5RVdvT3MtTW9KZlhteGtOSXo1a3ExWktzbXM2QUFxN3RlLXpmbnhQeEh6MDNqZXV1aG9mUw?oc=5\" target=\"_blank\" rel=\"nofollow noopener\">S\u00e1nchez cede su turno de palabra para dar m\u00e1s espacio a los dem\u00e1s durante debate para \u00abreforzar la democracia global\u00bb<\/a>&nbsp;&nbsp;ABC<\/li>\n<li><a href=\"https:\/\/news.google.com\/rss\/articles\/CBMi5gFBVV95cUxPbkxrTEFvb1JocXdJMFZIRzA3a0JwSFFOU01oZG05V29lQjlwak40cUpjWFBmd2F1ZDA0Y2MwZnE1RjZBbjRhTXYyakx4ZHJlQnhLMzVVMWMyci1ObjR6Ykh5aUtwVWdTQnBQZ3VqaVU0UU50ME8xdmpFUzRQUEQzYUljZEFMTFRVQTZvdmJGUF9nNWtNYnUxVDdacWtHdkdTWjFzUGZkWmxnd0xlNlFOYTVqeEZya3l2S2RZcEZnbDZVMFgwVTdjYTh0ZWtJN0FVa1VTUmNsU0ZIUEl5MEszR3hCQkdTQQ?oc=5\" target=\"_blank\" rel=\"nofollow noopener\">S\u00e1nchez anuncia junto a Lula, Petro y Boric que el pr\u00f3ximo foro \u201ccontra el extremismo\u201d ser\u00e1 en Madrid<\/a>&nbsp;&nbsp;La Vanguardia<\/li>\n<\/ol>\n","protected":false},"excerpt":{"rendered":"L\u00edderes progresistas como Boric, Lula, S\u00e1nchez y Petro y 43 Premios Nobel llaman en la ONU a defender&hellip;\n","protected":false},"author":2,"featured_media":134493,"comment_status":"","ping_status":"","sticky":false,"template":"","format":"standard","meta":{"footnotes":""},"categories":[42],"tags":[17,18,13,14,11,61,62,63,64,19,20,9,10,15,16,12,21,22,65,66,67],"class_list":{"0":"post-136461","1":"post","2":"type-post","3":"status-publish","4":"format-standard","5":"has-post-thumbnail","7":"category-internacional","8":"tag-breaking-news","9":"tag-breakingnews","10":"tag-featured-news","11":"tag-featurednews","12":"tag-headlines","13":"tag-internacional","14":"tag-international","15":"tag-international-news","16":"tag-internationalnews","17":"tag-latest-news","18":"tag-latestnews","19":"tag-news","20":"tag-noticias","21":"tag-noticias-destacadas","22":"tag-noticiasdestacadas","23":"tag-titulares","24":"tag-ultimas-noticias","25":"tag-ultimasnoticias","26":"tag-world","27":"tag-world-news","28":"tag-worldnews"},"share_on_mastodon":{"url":"","error":""},"_links":{"self":[{"href":"https:\/\/www.europesays.com\/es\/wp-json\/wp\/v2\/posts\/136461","targetHints":{"allow":["GET"]}}],"collection":[{"href":"https:\/\/www.europesays.com\/es\/wp-json\/wp\/v2\/posts"}],"about":[{"href":"https:\/\/www.europesays.com\/es\/wp-json\/wp\/v2\/types\/post"}],"author":[{"embeddable":true,"href":"https:\/\/www.europesays.com\/es\/wp-json\/wp\/v2\/users\/2"}],"replies":[{"embeddable":true,"href":"https:\/\/www.europesays.com\/es\/wp-json\/wp\/v2\/comments?post=136461"}],"version-history":[{"count":0,"href":"https:\/\/www.europesays.com\/es\/wp-json\/wp\/v2\/posts\/136461\/revisions"}],"wp:featuredmedia":[{"embeddable":true,"href":"https:\/\/www.europesays.com\/es\/wp-json\/wp\/v2\/media\/134493"}],"wp:attachment":[{"href":"https:\/\/www.europesays.com\/es\/wp-json\/wp\/v2\/media?parent=136461"}],"wp:term":[{"taxonomy":"category","embeddable":true,"href":"https:\/\/www.europesays.com\/es\/wp-json\/wp\/v2\/categories?post=136461"},{"taxonomy":"post_tag","embeddable":true,"href":"https:\/\/www.europesays.com\/es\/wp-json\/wp\/v2\/tags?post=136461"}],"curies":[{"name":"wp","href":"https:\/\/api.w.org\/{rel}","templated":true}]}}