{"id":136462,"date":"2025-09-24T20:29:17","date_gmt":"2025-09-24T20:29:17","guid":{"rendered":"https:\/\/www.europesays.com\/es\/136462\/"},"modified":"2025-09-24T20:29:17","modified_gmt":"2025-09-24T20:29:17","slug":"carla-toscano-concejala-de-vox-en-madrid-se-desmarca-del-partido-y-condena-la-masacre-que-se-esta-viviendo-en-gaza-noticias-de-madrid","status":"publish","type":"post","link":"https:\/\/www.europesays.com\/es\/136462\/","title":{"rendered":"Carla Toscano, concejala de Vox en Madrid, se desmarca del partido y condena \u201cla masacre que se est\u00e1 viviendo en Gaza\u201d | Noticias de Madrid"},"content":{"rendered":"<p class=\"\">La postura de Vox frente a la guerra en Gaza ha sido contraria a quienes la califican como un genocidio por parte del Ej\u00e9rcito israel\u00ed sobre el pueblo palestino. <a href=\"https:\/\/elpais.com\/espana\/madrid\/2025-07-22\/vox-usa-el-pleno-de-cibeles-para-afilar-su-discurso-contra-migrantes-y-homosexuales.html\" target=\"_blank\" rel=\"noreferrer nofollow noopener\" title=\"https:\/\/elpais.com\/espana\/madrid\/2025-07-22\/vox-usa-el-pleno-de-cibeles-para-afilar-su-discurso-contra-migrantes-y-homosexuales.html\">La formaci\u00f3n ultra<\/a> se ha resistido a usar ese t\u00e9rmino e incluso <a href=\"https:\/\/elpais.com\/espana\/madrid\/2025-09-10\/fracasa-el-intento-de-vox-de-prohibir-las-protestas-por-palestina-en-vallecas.html\" target=\"_blank\" rel=\"noreferrer nofollow noopener\" title=\"https:\/\/elpais.com\/espana\/madrid\/2025-09-10\/fracasa-el-intento-de-vox-de-prohibir-las-protestas-por-palestina-en-vallecas.html\">intent\u00f3 sin \u00e9xito prohibir las protestas por Palestina en el distrito madrile\u00f1o de Vallecas<\/a>. En una publicaci\u00f3n que resulta distante de la l\u00ednea general de Vox, la concejala Carla Toscano, portavoz adjunta de la formaci\u00f3n en el Ayuntamiento de Madrid, ha expresado este mi\u00e9rcoles su condena \u201ca la masacre que se est\u00e1 viviendo en Gaza, con tant\u00edsimos palestinos viviendo en las peores condiciones y obligados a abandonar su propio hogar\u201d.<\/p>\n<p>M\u00e1s informaci\u00f3n<\/p>\n<p class=\"\">Toscano ha hecho la publicaci\u00f3n en la <a href=\"https:\/\/x.com\/eledhmel\/status\/1970743062532862377\" target=\"_blank\" rel=\"noreferrer nofollow\" title=\"https:\/\/x.com\/eledhmel\/status\/1970743062532862377\">red social X<\/a> (antes Twitter) y contin\u00faa: \u201cMe uno a las oraciones por un cambio de paz y de justicia, para que se cumpla el derecho internacional humanitario y paren tantas atrocidades\u201d.<\/p>\n<p class=\"\">Las palabras de la concejala de la formaci\u00f3n ultra recogen una publicaci\u00f3n hecha desde el perfil oficial del <a href=\"https:\/\/elpais.com\/sociedad\/2025-09-18\/leon-xiv-sobre-trump-no-tengo-planeado-involucrarme-en-la-politica-partidista.html\" target=\"_blank\" rel=\"noreferrer nofollow noopener\" title=\"https:\/\/elpais.com\/sociedad\/2025-09-18\/leon-xiv-sobre-trump-no-tengo-planeado-involucrarme-en-la-politica-partidista.html\">papa Le\u00f3n XIV<\/a> en espa\u00f1ol donde se lee: \u201cQueridos representantes de diversas Asociaciones cat\u00f3licas, comprometidas en la solidaridad con la poblaci\u00f3n de la Franja de Gaza: aprecio su iniciativa y muchas otras que en toda la Iglesia expresan cercan\u00eda a los hermanos y hermanas que sufren en esa tierra martirizada. Con ustedes y con los Pastores de las Iglesias de Tierra Santa repito: no hay futuro basado en la violencia, en el exilio forzoso, en la venganza. Los pueblos necesitan paz: quien los ama de verdad, trabaja por la paz\u201d. <\/p>\n<p><img decoding=\"auto\" class=\"_re lazyload a_m-h\" height=\"308\"  width=\"414\"  src=\"https:\/\/www.europesays.com\/es\/wp-content\/uploads\/2025\/09\/D5QATDRJGRAPJGYLBZWWS7V25U.png\" loading=\"lazy\"\/>El mensaje de Carla Toscano en X<\/p>\n<p class=\"\">La reivindicaci\u00f3n de Toscano sobre el conflicto en Gaza, al que ella misma se ha referido como una masacre, choca con las declaraciones de otros miembros de la formaci\u00f3n ultra. El martes, <a href=\"https:\/\/elpais.com\/espana\/2025-09-23\/vox-se-ausenta-del-minuto-de-silencio-en-el-congreso-por-las-victimas-del-genocidio-en-gaza.html\" target=\"_blank\" rel=\"noreferrer nofollow noopener\" title=\"https:\/\/elpais.com\/espana\/2025-09-23\/vox-se-ausenta-del-minuto-de-silencio-en-el-congreso-por-las-victimas-del-genocidio-en-gaza.html\">los diputados de Vox se ausentaron del minuto de silencio por las v\u00edctimas del genocidio en Gaza<\/a> y entraron al hemiciclo m\u00e1s tarde.<\/p>\n<p class=\"\">Santiago Abascal, presidente de Vox, ha defendido la ofensiva israel\u00ed desde el primer momento. De hecho, en 2023, <a href=\"https:\/\/elpais.com\/espana\/2023-12-05\/abascal-defiende-en-israel-la-ofensiva-sobre-gaza-y-dice-que-sanchez-debe-pedir-perdon-por-cuestionarla.html\" target=\"_blank\" rel=\"noreferrer nofollow noopener\" title=\"https:\/\/elpais.com\/espana\/2023-12-05\/abascal-defiende-en-israel-la-ofensiva-sobre-gaza-y-dice-que-sanchez-debe-pedir-perdon-por-cuestionarla.html\">exigi\u00f3 que Pedro S\u00e1nchez pidiera perd\u00f3n por cuestionar el ataque de Israel contra Ham\u00e1s<\/a>. \u201cEl Gobierno de Israel tiene todo nuestro apoyo, afecto y comprensi\u00f3n\u201d, escribi\u00f3 Abascal en un mensaje publicado en la <a href=\"https:\/\/x.com\/Santi_ABASCAL\/status\/1732004292876186055\" target=\"_blank\" rel=\"noreferrer nofollow\" title=\"https:\/\/x.com\/Santi_ABASCAL\/status\/1732004292876186055\">red social X<\/a> en diciembre de ese a\u00f1o.<\/p>\n<p class=\"\">Mientras la guerra en Gaza sigue teniendo efectos en la pol\u00edtica internacional, una comisi\u00f3n independiente de investigaci\u00f3n nombrada por Naciones Unidas <a href=\"https:\/\/elpais.com\/internacional\/2025-09-16\/una-comision-de-la-onu-acusa-a-israel-de-genocidio-en-gaza.html\" target=\"_blank\" rel=\"noreferrer nofollow noopener\" title=\"https:\/\/elpais.com\/internacional\/2025-09-16\/una-comision-de-la-onu-acusa-a-israel-de-genocidio-en-gaza.html\">acus\u00f3 a Israel por primera vez de ser responsable de genocidio<\/a> al considerar que su actual ofensiva en el enclave, que ha causado casi 65.000 muertos en algo menos de dos a\u00f1os, tiene como objetivo \u201cdestruir a los palestinos de la Franja como grupo\u201d.<\/p>\n","protected":false},"excerpt":{"rendered":"La postura de Vox frente a la guerra en Gaza ha sido contraria a quienes la califican como&hellip;\n","protected":false},"author":2,"featured_media":136463,"comment_status":"","ping_status":"","sticky":false,"template":"","format":"standard","meta":{"footnotes":""},"categories":[8],"tags":[17,18,43123,1467,68,25,24,13,14,73,79,69,75,11,74,19,20,205,9,10,15,16,76,23,12,21,22,624],"class_list":{"0":"post-136462","1":"post","2":"type-post","3":"status-publish","4":"format-standard","5":"has-post-thumbnail","7":"category-espana","8":"tag-breaking-news","9":"tag-breakingnews","10":"tag-carla-toscano","11":"tag-comunidad-de-madrid","12":"tag-conflicto-arabe-israeli","13":"tag-es","14":"tag-espana","15":"tag-featured-news","16":"tag-featurednews","17":"tag-franja-gaza","18":"tag-genocidio","19":"tag-guerra","20":"tag-hamas","21":"tag-headlines","22":"tag-israel","23":"tag-latest-news","24":"tag-latestnews","25":"tag-madrid","26":"tag-news","27":"tag-noticias","28":"tag-noticias-destacadas","29":"tag-noticiasdestacadas","30":"tag-palestina","31":"tag-spain","32":"tag-titulares","33":"tag-ultimas-noticias","34":"tag-ultimasnoticias","35":"tag-vox"},"share_on_mastodon":{"url":"","error":""},"_links":{"self":[{"href":"https:\/\/www.europesays.com\/es\/wp-json\/wp\/v2\/posts\/136462","targetHints":{"allow":["GET"]}}],"collection":[{"href":"https:\/\/www.europesays.com\/es\/wp-json\/wp\/v2\/posts"}],"about":[{"href":"https:\/\/www.europesays.com\/es\/wp-json\/wp\/v2\/types\/post"}],"author":[{"embeddable":true,"href":"https:\/\/www.europesays.com\/es\/wp-json\/wp\/v2\/users\/2"}],"replies":[{"embeddable":true,"href":"https:\/\/www.europesays.com\/es\/wp-json\/wp\/v2\/comments?post=136462"}],"version-history":[{"count":0,"href":"https:\/\/www.europesays.com\/es\/wp-json\/wp\/v2\/posts\/136462\/revisions"}],"wp:featuredmedia":[{"embeddable":true,"href":"https:\/\/www.europesays.com\/es\/wp-json\/wp\/v2\/media\/136463"}],"wp:attachment":[{"href":"https:\/\/www.europesays.com\/es\/wp-json\/wp\/v2\/media?parent=136462"}],"wp:term":[{"taxonomy":"category","embeddable":true,"href":"https:\/\/www.europesays.com\/es\/wp-json\/wp\/v2\/categories?post=136462"},{"taxonomy":"post_tag","embeddable":true,"href":"https:\/\/www.europesays.com\/es\/wp-json\/wp\/v2\/tags?post=136462"}],"curies":[{"name":"wp","href":"https:\/\/api.w.org\/{rel}","templated":true}]}}