{"id":136464,"date":"2025-09-24T20:30:32","date_gmt":"2025-09-24T20:30:32","guid":{"rendered":"https:\/\/www.europesays.com\/es\/136464\/"},"modified":"2025-09-24T20:30:32","modified_gmt":"2025-09-24T20:30:32","slug":"la-moncloa-agenda-del-gobierno-gobierno-agenda-3","status":"publish","type":"post","link":"https:\/\/www.europesays.com\/es\/136464\/","title":{"rendered":"La Moncloa. Agenda del Gobierno [Gobierno\/Agenda]"},"content":{"rendered":"<p>\t\t\t\t\t\t\t\t&#13;<br \/>\n\t\t\t\t\t\t\t\t\t&#13;<\/p>\n<ul class=\"eventList personList\">&#13;<br \/>\n        &#13;<\/p>\n<li>&#13;\n<p>                    <img decoding=\"async\" title=\"22\/11\/2023. Pedro S\u00e1nchez. El presidente del Gobierno, Pedro S\u00e1nchez P\u00e9rez-Castej\u00f3n\" class=\"eventImage\" src=\"https:\/\/www.europesays.com\/es\/wp-content\/uploads\/2025\/09\/presidente_pedro_sanchez.png\" alt=\"22\/11\/2023. Pedro S\u00e1nchez. El presidente del Gobierno, Pedro S\u00e1nchez P\u00e9rez-Castej\u00f3n\"\/><br \/>\n                &#13;<\/p>\n<p>                    Pedro S\u00e1nchez                    <\/p>\n<p class=\"eventDescription cargo\">Presidente del Gobierno<\/p>\n<p>                &#13;<br \/>\n                &#13;<\/p>\n<ul class=\"eventList\">&#13;<br \/>\n                    &#13;<\/p>\n<li>&#13;<br \/>\n                            &#13;<\/p>\n<p class=\"eventPersonTitle\">Contin\u00faa viaje en EE.UU. para asistir al 80\u00ba per\u00edodo de sesiones de la Asamblea General de Naciones Unidas.<\/p>\n<p>Asisten la vicepresidenta tercera y ministra para la Transici\u00f3n Ecol\u00f3gica y el Reto Demogr\u00e1fico; el ministro de Asuntos Exteriores, Uni\u00f3n Europea y Cooperaci\u00f3n, y la ministra de Sanidad. <\/p>\n<p>                            &#13;\n                        <\/li>\n<p>&#13;<br \/>\n                    &#13;<\/p>\n<li>&#13;\n<p>15:00 h.<\/p>\n<p>&#13;<\/p>\n<p class=\"eventPersonTitle\">Asiste a la intervenci\u00f3n de S.M. el Rey ante la Asamblea General de Naciones Unidas, en Nueva York.<\/p>\n<p class=\"eventLocation\">09:00 hora local. <\/p>\n<p>Cobertura gr\u00e1fica en r\u00e9gimen de pool \/ Se\u00f1al institucional. <\/p>\n<p>Asisten la vicepresidenta tercera y ministra para la Transici\u00f3n Ecol\u00f3gica y el Reto Demogr\u00e1fico; el ministro de Asuntos Exteriores, Uni\u00f3n Europea y Cooperaci\u00f3n, y la ministra de Sanidad.<\/p>\n<p>                            &#13;\n                        <\/li>\n<p>&#13;<br \/>\n                    &#13;<\/p>\n<li>&#13;\n<p>16:00 h.<\/p>\n<p>&#13;<\/p>\n<p class=\"eventPersonTitle\">Interviene en la II edici\u00f3n del evento &#8216;En defensa de la Democracia, luchando contra el extremismo&#8217;, en el Consejo de Administraci\u00f3n Fiduciaria de la sede de Naciones Unidas, en Nueva York. <\/p>\n<p>10:00 hora local. <\/p>\n<p>Cobertura abierta \/ Se\u00f1al en directo.<\/p>\n<p>                            &#13;\n                        <\/li>\n<p>&#13;<br \/>\n                    &#13;<\/p>\n<li>&#13;\n<p>19:00 h.<\/p>\n<p>&#13;<\/p>\n<p class=\"eventPersonTitle\">Clausura el evento &#8216;Latin America, Spain and the United States in the Global Economy&#8217;, organizado por la C\u00e1mara de Comercio Espa\u00f1a-EE.UU. , en la sede del Instituto Cervantes en Nueva York.<\/p>\n<p class=\"eventLocation\">13:00 hora local.<\/p>\n<p>Cobertura abierta \/ Se\u00f1al en directo.<\/p>\n<p>                            &#13;\n                        <\/li>\n<p>&#13;<br \/>\n                    &#13;<\/p>\n<li>&#13;\n<p>20:00 h.<\/p>\n<p>&#13;<\/p>\n<p class=\"eventPersonTitle\">Comparece ante los medios de comunicaci\u00f3n, en la sede de la Representaci\u00f3n Permanente de Espa\u00f1a ante Naciones Unidas, en Nueva York.<\/p>\n<p class=\"eventLocation\">14:00 hora local.<\/p>\n<p>Cobertura abierta \/ Se\u00f1al en directo. <\/p>\n<p>Asiste el ministro de Asuntos Exteriores, Uni\u00f3n Europea y Cooperaci\u00f3n. <\/p>\n<p>                            &#13;\n                        <\/li>\n<p>&#13;<br \/>\n                    &#13;<\/p>\n<li>&#13;\n<p>21:15 h.<\/p>\n<p>&#13;<\/p>\n<p class=\"eventPersonTitle\">Es entrevistado en el programa &#8216;The Close&#8217;, de Bloomberg TV.<\/p>\n<p>                            &#13;\n                        <\/li>\n<p>&#13;<br \/>\n                    &#13;<\/p>\n<li>&#13;\n<p>21:30 h.<\/p>\n<p>&#13;<\/p>\n<p class=\"eventPersonTitle\">Interviene en la Cumbre sobre Acci\u00f3n Clim\u00e1tica, en la sala del Consejo de Administraci\u00f3n Fiduciaria de la sede de Naciones Unidas, en Nueva York.<\/p>\n<p class=\"eventLocation\">15:30 hora local.<\/p>\n<p>Cobertura abierta \/ Se\u00f1al en directo. <\/p>\n<p>Asiste la vicepresidenta tercera y ministra para la Transici\u00f3n Ecol\u00f3gica y el Reto Demogr\u00e1fico. <\/p>\n<p>                            &#13;\n                        <\/li>\n<p>&#13;<br \/>\n                    &#13;<\/p>\n<li>&#13;<br \/>\n                            &#13;<\/p>\n<p class=\"eventPersonTitle\">Interviene en el acto homenaje al expresidente de la Rep\u00fablica del Uruguay Jos\u00e9 Mujica, en Nueva York.<\/p>\n<p class=\"eventLocation\">787 Seventh Avenue.<\/p>\n<p>00:30 hora espa\u00f1ola. <\/p>\n<p>18:30 hora local. <\/p>\n<p>Cobertura abierta \/ Se\u00f1al en directo.<\/p>\n<p>                            &#13;\n                        <\/li>\n<p>&#13;<br \/>\n                    &#13;\n                        <\/ul>\n<p>&#13;<br \/>\n                    &#13;\n            <\/li>\n<p>&#13;<br \/>\n\t    &#13;<\/p>\n<li>&#13;\n<p>                    <img decoding=\"async\" title=\"22\/11\/2023. Mar\u00eda Jes\u00fas Montero. La vicepresidenta primera y ministra de Hacienda, Mar\u00eda Jes\u00fas Montero.\" class=\"eventImage\" src=\"https:\/\/www.europesays.com\/es\/wp-content\/uploads\/2025\/09\/ministra_maria_jesus_montero.jpg\" alt=\"22\/11\/2023. Mar\u00eda Jes\u00fas Montero. La vicepresidenta primera y ministra de Hacienda, Mar\u00eda Jes\u00fas Montero.\"\/><br \/>\n                &#13;<\/p>\n<p>                    Mar\u00eda Jes\u00fas Montero                    <\/p>\n<p class=\"eventDescription cargo\">Vicepresidenta primera y ministra de Hacienda<\/p>\n<p>                &#13;<br \/>\n                &#13;<\/p>\n<ul class=\"eventList\">&#13;<br \/>\n                    &#13;<\/p>\n<li>&#13;\n<p>09:00 h.<\/p>\n<p>&#13;<\/p>\n<p class=\"eventPersonTitle\">Asiste al Pleno del Congreso y responde a las preguntas y a una interpelaci\u00f3n de la sesi\u00f3n parlamentaria de control al Gobierno.<\/p>\n<p>                            &#13;\n                        <\/li>\n<p>&#13;<br \/>\n                    &#13;\n                        <\/ul>\n<p>&#13;<br \/>\n                    &#13;\n            <\/li>\n<p>&#13;<br \/>\n\t    &#13;<\/p>\n<li>&#13;\n<p>                    <img decoding=\"async\" title=\"22\/11\/2023. Yolanda D\u00edaz. La vicepresidenta segunda y Ministra de Trabajo y Econom\u00eda Social, Yolanda D\u00edaz.\" class=\"eventImage\" src=\"https:\/\/www.europesays.com\/es\/wp-content\/uploads\/2025\/09\/ministra_yolanda_diaz.jpg\" alt=\"22\/11\/2023. Yolanda D\u00edaz. La vicepresidenta segunda y Ministra de Trabajo y Econom\u00eda Social, Yolanda D\u00edaz.\"\/><br \/>\n                &#13;<\/p>\n<p>                    Yolanda D\u00edaz                    <\/p>\n<p class=\"eventDescription cargo\">Vicepresidenta segunda y ministra de Trabajo y Econom\u00eda Social<\/p>\n<p>                &#13;<br \/>\n                &#13;<\/p>\n<ul class=\"eventList\">&#13;<br \/>\n                    &#13;<\/p>\n<li>&#13;\n<p>09:00 h.<\/p>\n<p>&#13;<\/p>\n<p class=\"eventPersonTitle\">Asiste al Pleno del Congreso.<\/p>\n<p>                            &#13;\n                        <\/li>\n<p>&#13;<br \/>\n                    &#13;\n                        <\/ul>\n<p>&#13;<br \/>\n                    &#13;\n            <\/li>\n<p>&#13;<br \/>\n\t    &#13;<\/p>\n<li>&#13;\n<p>                    <img decoding=\"async\" title=\"La vicepresidenta tercera y ministra para la Transici\u00f3n Ecol\u00f3gica y el Reto Demogr\u00e1fico, Sara Aagesen Mu\u00f1oz.\" class=\"eventImage\" src=\"https:\/\/www.europesays.com\/es\/wp-content\/uploads\/2025\/09\/ministra-sara-aagesen.png\" alt=\"La vicepresidenta tercera y ministra para la Transici\u00f3n Ecol\u00f3gica y el Reto Demogr\u00e1fico, Sara Aagesen Mu\u00f1oz.\"\/><br \/>\n                &#13;<\/p>\n<p>                    Sara Aagesen                    <\/p>\n<p class=\"eventDescription cargo\">Vicepresidenta tercera y ministra para la Transici\u00f3n Ecol\u00f3gica y el Reto Demogr\u00e1fico<\/p>\n<p>                &#13;<br \/>\n                &#13;<\/p>\n<ul class=\"eventList\">&#13;<br \/>\n                    &#13;<\/p>\n<li>&#13;\n<p>18:30 h.<\/p>\n<p>&#13;<\/p>\n<p class=\"eventPersonTitle\">Mantiene una reuni\u00f3n con el presidente designado de la COP30, Andr\u00e9 Corr\u00eaa do Lago, en Nueva York.<\/p>\n<p>                            &#13;\n                        <\/li>\n<p>&#13;<br \/>\n                    &#13;<\/p>\n<li>&#13;\n<p>20:00 h.<\/p>\n<p>&#13;<\/p>\n<p class=\"eventPersonTitle\">Interviene en el evento de alto nivel sobre las Contribuciones Determinadas a Nivel Nacional (NDCs), en la sede de Naciones Unidas, en Nueva York.<\/p>\n<p>                            &#13;\n                        <\/li>\n<p>&#13;<br \/>\n                    &#13;<\/p>\n<li>&#13;\n<p>22:30 h.<\/p>\n<p>&#13;<\/p>\n<p class=\"eventPersonTitle\">Mantiene una reuni\u00f3n bilateral con el ministro de Clima y Energ\u00eda de la Rep\u00fablica de Irlanda, Darragh O\u2019Brien, en Nueva York.<\/p>\n<p>                            &#13;\n                        <\/li>\n<p>&#13;<br \/>\n                    &#13;\n                        <\/ul>\n<p>&#13;<br \/>\n                    &#13;\n            <\/li>\n<p>&#13;<br \/>\n\t    &#13;<\/p>\n<li>&#13;\n<p>                    <img decoding=\"async\" title=\"26\/08\/2025. Jos\u00e9 Manuel Albares Bueno. El ministro de Asuntos Exteriores, Uni\u00f3n Europea y Cooperaci\u00f3n, Jos\u00e9 Manuel Albares Bueno.\" class=\"eventImage\" src=\"https:\/\/www.europesays.com\/es\/wp-content\/uploads\/2025\/09\/ministro_jose_manuel_albares.jpg\" alt=\"26\/08\/2025. Jos\u00e9 Manuel Albares Bueno. El ministro de Asuntos Exteriores, Uni\u00f3n Europea y Cooperaci\u00f3n, Jos\u00e9 Manuel Albares Bueno.\"\/><br \/>\n                &#13;<\/p>\n<p>                    Jos\u00e9 Manuel Albares                    <\/p>\n<p class=\"eventDescription cargo\">Ministro de Asuntos Exteriores, Uni\u00f3n Europea y Cooperaci\u00f3n<\/p>\n<p>                &#13;<br \/>\n                &#13;<\/p>\n<ul class=\"eventList\">&#13;<br \/>\n                    &#13;<\/p>\n<li>&#13;\n<p>15:30 h.<\/p>\n<p>&#13;<\/p>\n<p class=\"eventPersonTitle\">Interviene en la reuni\u00f3n de la UE-CELAC, en la sede de Naciones Unidas, en Nueva York.<\/p>\n<p>                            &#13;\n                        <\/li>\n<p>&#13;<br \/>\n                    &#13;<\/p>\n<li>&#13;\n<p>17:00 h.<\/p>\n<p>&#13;<\/p>\n<p class=\"eventPersonTitle\">Interviene en el Foro empresarial, organizado por C\u00e1mara de Comercio de Espa\u00f1a, en la sede de Naciones Unidas, en Nueva York.<\/p>\n<p>                            &#13;\n                        <\/li>\n<p>&#13;<br \/>\n                    &#13;<\/p>\n<li>&#13;\n<p>17:35 h.<\/p>\n<p>&#13;<\/p>\n<p class=\"eventPersonTitle\">En entrevistado en &#8216;Al Jazeera Arabic&#8217;. <\/p>\n<p>                            &#13;\n                        <\/li>\n<p>&#13;<br \/>\n                    &#13;<\/p>\n<li>&#13;\n<p>21:00 h.<\/p>\n<p>&#13;<\/p>\n<p class=\"eventPersonTitle\">Participa en la reuni\u00f3n de la &#8216;Alianza Global por la Soluci\u00f3n de los Dos Estados&#8217;, en la sede de Naciones Unidas, en Nueva York.<\/p>\n<p>                            &#13;\n                        <\/li>\n<p>&#13;<br \/>\n                    &#13;<\/p>\n<li>&#13;\n<p>23:00 h.<\/p>\n<p>&#13;<\/p>\n<p class=\"eventPersonTitle\">Interviene en la reuni\u00f3n ministerial del Grupo de Amigos de las V\u00edctimas del Terrorismo, en la sede de Naciones Unidas, en Nueva York.<\/p>\n<p>                            &#13;\n                        <\/li>\n<p>&#13;<br \/>\n                    &#13;\n                        <\/ul>\n<p>&#13;<br \/>\n                    &#13;\n            <\/li>\n<p>&#13;<br \/>\n\t    &#13;<\/p>\n<li>&#13;\n<p>                    <img decoding=\"async\" title=\"22\/11\/2023. F\u00e9lix Bola\u00f1os. El ministro de la Presidencia, Justicia y Relaciones con las Cortes, F\u00e9lix Bola\u00f1os.\" class=\"eventImage\" src=\"https:\/\/www.europesays.com\/es\/wp-content\/uploads\/2025\/09\/ministro_felix_bolanos.jpg\" alt=\"22\/11\/2023. F\u00e9lix Bola\u00f1os. El ministro de la Presidencia, Justicia y Relaciones con las Cortes, F\u00e9lix Bola\u00f1os.\"\/><br \/>\n                &#13;<\/p>\n<p>                    F\u00e9lix Bola\u00f1os                    <\/p>\n<p class=\"eventDescription cargo\">Ministro de la Presidencia, Justicia y Relaciones con las Cortes<\/p>\n<p>                &#13;<br \/>\n                &#13;<\/p>\n<ul class=\"eventList\">&#13;<br \/>\n                    &#13;<\/p>\n<li>&#13;\n<p>09:00 h.<\/p>\n<p>&#13;<\/p>\n<p class=\"eventPersonTitle\">Asiste al Pleno del Congreso y responde a las preguntas de la sesi\u00f3n parlamentaria de control al Gobierno.<\/p>\n<p>                            &#13;\n                        <\/li>\n<p>&#13;<br \/>\n                    &#13;<\/p>\n<li>&#13;\n<p>13:00 h.<\/p>\n<p>&#13;<\/p>\n<p class=\"eventPersonTitle\">Preside el saludo a jueces y magistrados en estancia, en la sede del Ministerio (Palacio de Parcent).<\/p>\n<p>                            &#13;\n                        <\/li>\n<p>&#13;<br \/>\n                    &#13;\n                        <\/ul>\n<p>&#13;<br \/>\n                    &#13;\n            <\/li>\n<p>&#13;<br \/>\n\t    &#13;<\/p>\n<li>&#13;\n<p>                    <img decoding=\"async\" title=\"22\/11\/2023. Margarita Robles Fern\u00e1ndez. La ministra de Defensa, Margarita Robles Fern\u00e1ndez.\" class=\"eventImage\" src=\"https:\/\/www.europesays.com\/es\/wp-content\/uploads\/2025\/09\/ministra_margarita_robles.jpg\" alt=\"22\/11\/2023. Margarita Robles Fern\u00e1ndez. La ministra de Defensa, Margarita Robles Fern\u00e1ndez.\"\/><br \/>\n                &#13;<\/p>\n<p>                    Margarita Robles                     <\/p>\n<p class=\"eventDescription cargo\">Ministra de Defensa<\/p>\n<p>                &#13;<br \/>\n                &#13;<\/p>\n<ul class=\"eventList\">&#13;<br \/>\n                    &#13;<\/p>\n<li>&#13;<br \/>\n                            &#13;<\/p>\n<p class=\"eventPersonTitle\">Viaja a la Rep\u00fablica de Lituania.<\/p>\n<p>                            &#13;\n                        <\/li>\n<p>&#13;<br \/>\n                    &#13;<\/p>\n<li>&#13;\n<p>09:45 h.<\/p>\n<p>&#13;<\/p>\n<p class=\"eventPersonTitle\">Mantiene una reuni\u00f3n bilateral con la ministra de Defensa de la Rep\u00fablica de Lituania, Dovil\u00eb Sakalien\u00eb, en el marco de la visita a los efectivos del Ej\u00e9rcito del Aire y del Espacio que componen el Destacamento Aerot\u00e1ctico (DAT) &#8216;Vilkas&#8217;, en la Base A\u00e9rea de Siauliai.<\/p>\n<p>10:45 hora local. <\/p>\n<p>Tras la reuni\u00f3n (10:40 h), comparecen en rueda de prensa. <\/p>\n<p>11:40 hora local. <\/p>\n<p>                            &#13;\n                        <\/li>\n<p>&#13;<br \/>\n                    &#13;<\/p>\n<li>&#13;\n<p>11:45 h.<\/p>\n<p>&#13;<\/p>\n<p class=\"eventPersonTitle\">Preside, junto a la ministra de Defensa de la Rep\u00fablica de Lituania, Dovil\u00eb Sakalien\u00eb, el acto de imposici\u00f3n de condecoraciones y homenaje a los ca\u00eddos y visitan las instalaciones del destacamento, en la Base A\u00e9rea de Siauliai.<\/p>\n<p>                            &#13;\n                        <\/li>\n<p>&#13;<br \/>\n                    &#13;<\/p>\n<li>&#13;\n<p>13:15 h.<\/p>\n<p>&#13;<\/p>\n<p class=\"eventPersonTitle\">Mantiene un encuentro con los componentes del Destacamento &#8216;Vilkas&#8217;, junto a la ministra de Defensa de la Rep\u00fablica de Lituania, Dovil\u00eb Sakalien\u00eb, en la Base A\u00e9rea de Siauliai.<\/p>\n<p>                            &#13;\n                        <\/li>\n<p>&#13;<br \/>\n                    &#13;\n                        <\/ul>\n<p>&#13;<br \/>\n                    &#13;\n            <\/li>\n<p>&#13;<br \/>\n\t    &#13;<\/p>\n<li>&#13;\n<p>                    <img decoding=\"async\" title=\"22\/11\/2023. Fernando Grande-Marlaska G\u00f3mez. El ministro del Interior, Fernando Grande-Marlaska G\u00f3mez.\" class=\"eventImage\" src=\"https:\/\/www.europesays.com\/es\/wp-content\/uploads\/2025\/09\/ministro_fernando_marlaska.jpg\" alt=\"22\/11\/2023. Fernando Grande-Marlaska G\u00f3mez. El ministro del Interior, Fernando Grande-Marlaska G\u00f3mez.\"\/><br \/>\n                &#13;<\/p>\n<p>                    Fernando Grande-Marlaska                    <\/p>\n<p class=\"eventDescription cargo\">Ministro del Interior<\/p>\n<p>                &#13;<br \/>\n                &#13;<\/p>\n<ul class=\"eventList\">&#13;<br \/>\n                    &#13;<\/p>\n<li>&#13;\n<p>09:00 h.<\/p>\n<p>&#13;<\/p>\n<p class=\"eventPersonTitle\">Asiste al Pleno del Congreso y responde a una pregunta de la sesi\u00f3n parlamentaria de control al Gobierno.<\/p>\n<p>                            &#13;\n                        <\/li>\n<p>&#13;<br \/>\n                    &#13;<\/p>\n<li>&#13;\n<p>21:00 h.<\/p>\n<p>&#13;<\/p>\n<p class=\"eventPersonTitle\">Asiste a la proyecci\u00f3n de la pel\u00edcula &#8216;Un fantasma en la batalla&#8217;, de Agust\u00edn D\u00edaz Yanes, en el marco del 73\u00ba Festival Internacional de Cine de San Sebasti\u00e1n, en el Palacio de Congresos y Auditorio Kursaal, en Donostia-San Sebasti\u00e1n (Gipuzkoa).<\/p>\n<p>                            &#13;\n                        <\/li>\n<p>&#13;<br \/>\n                    &#13;\n                        <\/ul>\n<p>&#13;<br \/>\n                    &#13;\n            <\/li>\n<p>&#13;<br \/>\n\t    &#13;<\/p>\n<li>&#13;\n<p>                    <img decoding=\"async\" title=\"22\/11\/2023. \u00d3scar Puente. El ministro de Transportes y Movilidad Sostenible, \u00d3scar Puente.\" class=\"eventImage\" src=\"https:\/\/www.europesays.com\/es\/wp-content\/uploads\/2025\/09\/ministro_oscar_puente.jpg\" alt=\"22\/11\/2023. \u00d3scar Puente. El ministro de Transportes y Movilidad Sostenible, \u00d3scar Puente.\"\/><br \/>\n                &#13;<\/p>\n<p>                    \u00d3scar Puente                     <\/p>\n<p class=\"eventDescription cargo\">Ministro de Transportes y Movilidad Sostenible <\/p>\n<p>                &#13;<br \/>\n                &#13;<\/p>\n<ul class=\"eventList\">&#13;<br \/>\n                    &#13;<\/p>\n<li>&#13;\n<p>16:30 h.<\/p>\n<p>&#13;<\/p>\n<p class=\"eventPersonTitle\">Participa en la ceremonia p\u00fablica para la firma de cuatro acuerdos de Espa\u00f1a con la Organizaci\u00f3n de Aviaci\u00f3n Civil Internacional (OACI), en Montreal.<\/p>\n<p>                            &#13;\n                        <\/li>\n<p>&#13;<br \/>\n                    &#13;\n                        <\/ul>\n<p>&#13;<br \/>\n                    &#13;\n            <\/li>\n<p>&#13;<br \/>\n\t    &#13;<\/p>\n<li>&#13;\n<p>                    <img decoding=\"async\" title=\"22\/11\/2023. Pilar Alegr\u00eda Continente. La ministra de Educaci\u00f3n, Formaci\u00f3n Profesional y Deportes y portavoz del Gobierno de Espa\u00f1a, Pilar Al...\" class=\"eventImage\" src=\"https:\/\/www.europesays.com\/es\/wp-content\/uploads\/2025\/09\/ministra_pilar_alegria.jpg\" alt=\"22\/11\/2023. Pilar Alegr\u00eda Continente. La ministra de Educaci\u00f3n, Formaci\u00f3n Profesional y Deportes y portavoz del Gobierno de Espa\u00f1a, Pilar Al...\"\/><br \/>\n                &#13;<\/p>\n<p>                    Pilar Alegr\u00eda                    <\/p>\n<p class=\"eventDescription cargo\">Ministra de Educaci\u00f3n, Formaci\u00f3n Profesional y Deportes y portavoz del Gobierno<\/p>\n<p>                &#13;<br \/>\n                &#13;<\/p>\n<ul class=\"eventList\">&#13;<br \/>\n                    &#13;<\/p>\n<li>&#13;\n<p>09:00 h.<\/p>\n<p>&#13;<\/p>\n<p class=\"eventPersonTitle\">Asiste al Pleno del Congreso y responde a una pregunta y a una interpelaci\u00f3n de la sesi\u00f3n parlamentaria de control al Gobierno.<\/p>\n<p>                            &#13;\n                        <\/li>\n<p>&#13;<br \/>\n                    &#13;\n                        <\/ul>\n<p>&#13;<br \/>\n                    &#13;\n            <\/li>\n<p>&#13;<br \/>\n\t    &#13;<\/p>\n<li>&#13;\n<p>                    <img decoding=\"async\" title=\"22\/11\/2023. Jordi Hereu Boher. El ministro de Industria y Turismo, Jordi Hereu Boher.\" class=\"eventImage\" src=\"https:\/\/www.europesays.com\/es\/wp-content\/uploads\/2025\/09\/ministro_jordi_hereu.jpg\" alt=\"22\/11\/2023. Jordi Hereu Boher. El ministro de Industria y Turismo, Jordi Hereu Boher.\"\/><br \/>\n                &#13;<\/p>\n<p>                    Jordi Hereu                    <\/p>\n<p class=\"eventDescription cargo\">Ministro de Industria y Turismo<\/p>\n<p>                &#13;<br \/>\n                &#13;<\/p>\n<ul class=\"eventList\">&#13;<br \/>\n                    &#13;<\/p>\n<li>&#13;\n<p>10:00 h.<\/p>\n<p>&#13;<\/p>\n<p class=\"eventPersonTitle\">Mantiene una reuni\u00f3n con la direcci\u00f3n de Mahle para evaluar la situaci\u00f3n de sus plantas de Cuenca y Valencia, en la sede del Ministerio.<\/p>\n<p>                            &#13;\n                        <\/li>\n<p>&#13;<br \/>\n                    &#13;<\/p>\n<li>&#13;\n<p>12:00 h.<\/p>\n<p>&#13;<\/p>\n<p class=\"eventPersonTitle\">Preside e inaugura el acto de entrega de diplomas de declaraci\u00f3n de fiestas de inter\u00e9s tur\u00edstico nacional e internacional, en el Teatro Real, en Madrid.<\/p>\n<p>                            &#13;\n                        <\/li>\n<p>&#13;<br \/>\n                    &#13;\n                        <\/ul>\n<p>&#13;<br \/>\n                    &#13;\n            <\/li>\n<p>&#13;<br \/>\n\t    &#13;<\/p>\n<li>&#13;\n<p>                    <img decoding=\"async\" title=\"22\/11\/2023. Luis Planas. El ministro de Agricultura, Pesca y Alimentaci\u00f3n, Luis Planas.\" class=\"eventImage\" src=\"https:\/\/www.europesays.com\/es\/wp-content\/uploads\/2025\/09\/ministro_luis_planas.jpg\" alt=\"22\/11\/2023. Luis Planas. El ministro de Agricultura, Pesca y Alimentaci\u00f3n, Luis Planas.\"\/><br \/>\n                &#13;<\/p>\n<p>                    Luis Planas                    <\/p>\n<p class=\"eventDescription cargo\">Ministro de Agricultura, Pesca y Alimentaci\u00f3n<\/p>\n<p>                &#13;<br \/>\n                &#13;<\/p>\n<ul class=\"eventList\">&#13;<br \/>\n                    &#13;<\/p>\n<li>&#13;\n<p>09:00 h.<\/p>\n<p>&#13;<\/p>\n<p class=\"eventPersonTitle\">Asiste al Pleno del Congreso y responde a una pregunta y a una interpelaci\u00f3n de la sesi\u00f3n parlamentaria de control al Gobierno.<\/p>\n<p>                            &#13;\n                        <\/li>\n<p>&#13;<br \/>\n                    &#13;\n                        <\/ul>\n<p>&#13;<br \/>\n                    &#13;\n            <\/li>\n<p>&#13;<br \/>\n\t    &#13;<\/p>\n<li>&#13;\n<p>                    <img decoding=\"async\" title=\"22\/11\/2023. \u00c1ngel V\u00edctor Torres P\u00e9rez. El ministro de Pol\u00edtica Territorial y Memoria Democr\u00e1tica, \u00c1ngel V\u00edctor Torres P\u00e9rez.\" class=\"eventImage\" src=\"https:\/\/www.europesays.com\/es\/wp-content\/uploads\/2025\/09\/ministro_angel_victor_torres.jpg\" alt=\"22\/11\/2023. \u00c1ngel V\u00edctor Torres P\u00e9rez. El ministro de Pol\u00edtica Territorial y Memoria Democr\u00e1tica, \u00c1ngel V\u00edctor Torres P\u00e9rez.\"\/><br \/>\n                &#13;<\/p>\n<p>                    \u00c1ngel V\u00edctor Torres                     <\/p>\n<p class=\"eventDescription cargo\">Ministro de Pol\u00edtica Territorial y Memoria Democr\u00e1tica<\/p>\n<p>                &#13;<br \/>\n                &#13;<\/p>\n<ul class=\"eventList\">&#13;<br \/>\n                    &#13;<\/p>\n<li>&#13;\n<p>10:00 h.<\/p>\n<p>&#13;<\/p>\n<p class=\"eventPersonTitle\">Visita a la oficina de Tragsa, en Paiporta (Valencia).<\/p>\n<p>                            &#13;\n                        <\/li>\n<p>&#13;<br \/>\n                    &#13;<\/p>\n<li>&#13;\n<p>11:00 h.<\/p>\n<p>&#13;<\/p>\n<p class=\"eventPersonTitle\">Se re\u00fane con alcaldes y alcaldesas de las zonas afectadas por la DANA, en Castell de Alaqu\u00e0s (Valencia).<\/p>\n<p>A su llegada, atiende a los medios de comunicaci\u00f3n.<\/p>\n<p>                            &#13;\n                        <\/li>\n<p>&#13;<br \/>\n                    &#13;\n                        <\/ul>\n<p>&#13;<br \/>\n                    &#13;\n            <\/li>\n<p>&#13;<br \/>\n\t    &#13;<\/p>\n<li>&#13;\n<p>                    <img decoding=\"async\" title=\"22\/11\/2023. Isabel Rodr\u00edguez Garc\u00eda. La ministra de Vivienda y Agenda Urbana, Isabel Rodr\u00edguez Garc\u00eda.\" class=\"eventImage\" src=\"https:\/\/www.europesays.com\/es\/wp-content\/uploads\/2025\/09\/ministra_isabel_rodriguez.jpg\" alt=\"22\/11\/2023. Isabel Rodr\u00edguez Garc\u00eda. La ministra de Vivienda y Agenda Urbana, Isabel Rodr\u00edguez Garc\u00eda.\"\/><br \/>\n                &#13;<\/p>\n<p>                    Isabel Rodr\u00edguez                    <\/p>\n<p class=\"eventDescription cargo\">Ministra de Vivienda y Agenda Urbana <\/p>\n<p>                &#13;<br \/>\n                &#13;<\/p>\n<ul class=\"eventList\">&#13;<br \/>\n                    &#13;<\/p>\n<li>&#13;\n<p>09:00 h.<\/p>\n<p>&#13;<\/p>\n<p class=\"eventPersonTitle\">Asiste al Pleno del Congreso y responde a las preguntas de la sesi\u00f3n parlamentaria de control al Gobierno.<\/p>\n<p>                            &#13;\n                        <\/li>\n<p>&#13;<br \/>\n                    &#13;<\/p>\n<li>&#13;\n<p>16:30 h.<\/p>\n<p>&#13;<\/p>\n<p class=\"eventPersonTitle\">Mantiene una reuni\u00f3n con el consejero de Vivienda y Agenda Urbana del Gobierno Vasco, Denis Itxaso, en la sede del Ministerio.<\/p>\n<p>                            &#13;\n                        <\/li>\n<p>&#13;<br \/>\n                    &#13;\n                        <\/ul>\n<p>&#13;<br \/>\n                    &#13;\n            <\/li>\n<p>&#13;<br \/>\n\t    &#13;<\/p>\n<li>&#13;\n<p>                    <img decoding=\"async\" title=\"22\/11\/2023. Ernest Urtasun Dom\u00e8nech. El ministro de Cultura, Ernest Urtasun Dom\u00e8nech.\" class=\"eventImage\" src=\"https:\/\/www.europesays.com\/es\/wp-content\/uploads\/2025\/09\/ministro_ernest_urtasun.jpg\" alt=\"22\/11\/2023. Ernest Urtasun Dom\u00e8nech. El ministro de Cultura, Ernest Urtasun Dom\u00e8nech.\"\/><br \/>\n                &#13;<\/p>\n<p>                    Ernest Urtasun                    <\/p>\n<p class=\"eventDescription cargo\">Ministro de Cultura<\/p>\n<p>                &#13;<br \/>\n                &#13;<\/p>\n<ul class=\"eventList\">&#13;<br \/>\n                    &#13;<\/p>\n<li>&#13;\n<p>09:00 h.<\/p>\n<p>&#13;<\/p>\n<p class=\"eventPersonTitle\">Asiste al Pleno del Congreso.<\/p>\n<p>                            &#13;\n                        <\/li>\n<p>&#13;<br \/>\n                    &#13;<\/p>\n<li>&#13;\n<p>10:30 h.<\/p>\n<p>&#13;<\/p>\n<p class=\"eventPersonTitle\">Se re\u00fane con representantes de la Academia de la M\u00fasica de Espa\u00f1a, en la sede del Ministerio.<\/p>\n<p>                            &#13;\n                        <\/li>\n<p>&#13;<br \/>\n                    &#13;<\/p>\n<li>&#13;\n<p>16:45 h.<\/p>\n<p>&#13;<\/p>\n<p class=\"eventPersonTitle\">Asiste a la proyecci\u00f3n de la pel\u00edcula &#8216;La voz de Hind&#8217;, de la directora Kaouther Ben Hania, en el marco del 73\u00ba Festival Internacional de Cine de San Sebasti\u00e1n, en el Teatro Victoria, en Donostia-San Sebasti\u00e1n (Gipuzkoa).<\/p>\n<p>                            &#13;\n                        <\/li>\n<p>&#13;<br \/>\n                    &#13;\n                        <\/ul>\n<p>&#13;<br \/>\n                    &#13;\n            <\/li>\n<p>&#13;<br \/>\n\t    &#13;<\/p>\n<li>&#13;\n<p>                    <img decoding=\"async\" title=\"29\/12\/2023. Carlos Cuerpo. El ministro de Econom\u00eda, Comercio y Empresa, Carlos Cuerpo Caballero.\" class=\"eventImage\" src=\"https:\/\/www.europesays.com\/es\/wp-content\/uploads\/2025\/09\/ministro_carlos_cuerpo.png\" alt=\"29\/12\/2023. Carlos Cuerpo. El ministro de Econom\u00eda, Comercio y Empresa, Carlos Cuerpo Caballero.\"\/><br \/>\n                &#13;<\/p>\n<p>                    Carlos Cuerpo                    <\/p>\n<p class=\"eventDescription cargo\">Ministro de Econom\u00eda, Comercio y Empresa<\/p>\n<p>                &#13;<br \/>\n                &#13;<\/p>\n<ul class=\"eventList\">&#13;<br \/>\n                    &#13;<\/p>\n<li>&#13;\n<p>19:30 h.<\/p>\n<p>&#13;<\/p>\n<p class=\"eventPersonTitle\">Asiste a un concierto del XLI Ciclo M\u00fasica de C\u00e1mara, en el Palacio Real de Madrid.<\/p>\n<p>                            &#13;\n                        <\/li>\n<p>&#13;<br \/>\n                    &#13;\n                        <\/ul>\n<p>&#13;<br \/>\n                    &#13;\n            <\/li>\n<p>&#13;<br \/>\n\t    &#13;<\/p>\n<li>&#13;\n<p>                    <img decoding=\"async\" title=\"22\/11\/2023. M\u00f3nica Garc\u00eda G\u00f3mez. La ministra de Sanidad, M\u00f3nica Garc\u00eda G\u00f3mez.\" class=\"eventImage\" src=\"https:\/\/www.europesays.com\/es\/wp-content\/uploads\/2025\/09\/ministra_monica_garcia.jpg\" alt=\"22\/11\/2023. M\u00f3nica Garc\u00eda G\u00f3mez. La ministra de Sanidad, M\u00f3nica Garc\u00eda G\u00f3mez.\"\/><br \/>\n                &#13;<\/p>\n<p>                    M\u00f3nica Garc\u00eda                    <\/p>\n<p class=\"eventDescription cargo\">Ministra de Sanidad<\/p>\n<p>                &#13;<br \/>\n                &#13;<\/p>\n<ul class=\"eventList\">&#13;<br \/>\n                    &#13;<\/p>\n<li>&#13;\n<p>14:00 h.<\/p>\n<p>&#13;<\/p>\n<p class=\"eventPersonTitle\">Interviene en el evento sobre migraciones y salud &#8216;Leaving No One Behind: Advancing NCD and Mental Health Equity for Refugees an Migrants&#8217;, en la sede del Instituto Cervantes en Nueva York.<\/p>\n<p>                            &#13;\n                        <\/li>\n<p>&#13;<br \/>\n                    &#13;<\/p>\n<li>&#13;\n<p>17:00 h.<\/p>\n<p>&#13;<\/p>\n<p class=\"eventPersonTitle\">Participa en la 4\u00aa Reuni\u00f3n de Alto Nivel de la Asamblea General de Naciones Unidas, en la sede de Naciones Unidas, en Nueva York.<\/p>\n<p>                            &#13;\n                        <\/li>\n<p>&#13;<br \/>\n                    &#13;<\/p>\n<li>&#13;\n<p>18:30 h.<\/p>\n<p>&#13;<\/p>\n<p class=\"eventPersonTitle\">Asiste al evento paralelo organizado &#8216;Rescuing health.elated SDGs in times of crisis: alingning multilateral collaboration for country impact&#8217;, en la sede de la Misi\u00f3n Permanente de Tailandia ante Naciones Unidas, en Nueva York.<\/p>\n<p>                            &#13;\n                        <\/li>\n<p>&#13;<br \/>\n                    &#13;<\/p>\n<li>&#13;\n<p>19:00 h.<\/p>\n<p>&#13;<\/p>\n<p class=\"eventPersonTitle\">Participa en la mesa redonda &#8216;Hacer frente a los determinantes de las enfermedades no transmisibles y de la salud mental y el bienestar promoviendo la gobernanza y las medidas colaborativas&#8217;, en la sede de Naciones Unidas, en Nueva York.<\/p>\n<p>                            &#13;\n                        <\/li>\n<p>&#13;<br \/>\n                    &#13;<\/p>\n<li>&#13;\n<p>20:30 h.<\/p>\n<p>&#13;<\/p>\n<p class=\"eventPersonTitle\">Mantiene una reuni\u00f3n bilateral con la viceministra de Vigilancia de la Salud y Ambiente de Brasil, Mari\u00e2ngela Batista Galv\u00e3o Sim\u00e3o, en la sede de Naciones Unidas, en Nueva York.<\/p>\n<p>                            &#13;\n                        <\/li>\n<p>&#13;<br \/>\n                    &#13;<\/p>\n<li>&#13;\n<p>21:00 h.<\/p>\n<p>&#13;<\/p>\n<p class=\"eventPersonTitle\">Interviene en la mesa redonda &#8216;Reconfigurar y fortalecer los sistemas de salud y todas las formas de financiaci\u00f3n para satisfacer las necesidades de las personas afectadas por enfermedades no transmisibles y afecciones de salud mental o en riesgo de pacerlas&#8217;, en la sede de Naciones Unidas, en Nueva York.<\/p>\n<p>                            &#13;\n                        <\/li>\n<p>&#13;<br \/>\n                    &#13;<\/p>\n<li>&#13;<br \/>\n                            &#13;<\/p>\n<p class=\"eventPersonTitle\">Asiste a los &#8216;Premios de Obesidad&#8217;, en el Hotel\u00a0The Westin New York Grand Central, en Nueva York.<\/p>\n<p>00:30 hora espa\u00f1ola. <\/p>\n<p>18:30 hora local.<\/p>\n<p>                            &#13;\n                        <\/li>\n<p>&#13;<br \/>\n                    &#13;\n                        <\/ul>\n<p>&#13;<br \/>\n                    &#13;\n            <\/li>\n<p>&#13;<br \/>\n\t    &#13;<\/p>\n<li>&#13;\n<p>                    <img decoding=\"async\" title=\"22\/11\/2023. Pablo Bustinduy. El ministro de Derechos Sociales, Consumo y Agenda 2030, Pablo Bustinduy.\" class=\"eventImage\" src=\"https:\/\/www.europesays.com\/es\/wp-content\/uploads\/2025\/09\/ministro_pablo_bustinduy.jpg\" alt=\"22\/11\/2023. Pablo Bustinduy. El ministro de Derechos Sociales, Consumo y Agenda 2030, Pablo Bustinduy.\"\/><br \/>\n                &#13;<\/p>\n<p>                    Pablo Bustinduy                     <\/p>\n<p class=\"eventDescription cargo\">Ministro de Derechos Sociales, Consumo y Agenda 2030<\/p>\n<p>                &#13;<br \/>\n                &#13;<\/p>\n<ul class=\"eventList\">&#13;<br \/>\n                    &#13;<\/p>\n<li>&#13;\n<p>18:30 h.<\/p>\n<p>&#13;<\/p>\n<p class=\"eventPersonTitle\">Interviene en el acto &#8216;Derechos, una causa universal&#8217;, organizado por Ideas en Guerra, en Madrid.<\/p>\n<p>                            &#13;\n                        <\/li>\n<p>&#13;<br \/>\n                    &#13;\n                        <\/ul>\n<p>&#13;<br \/>\n                    &#13;\n            <\/li>\n<p>&#13;<br \/>\n\t    &#13;<\/p>\n<li>&#13;\n<p>                    <img decoding=\"async\" title=\"22\/11\/2023. Diana Morant. La ministra de Ciencia, Innovaci\u00f3n y Universidades, Diana Morant.\" class=\"eventImage\" src=\"https:\/\/www.europesays.com\/es\/wp-content\/uploads\/2025\/09\/ministra_diana_morant.jpg\" alt=\"22\/11\/2023. Diana Morant. La ministra de Ciencia, Innovaci\u00f3n y Universidades, Diana Morant.\"\/><br \/>\n                &#13;<\/p>\n<p>                    Diana Morant                    <\/p>\n<p class=\"eventDescription cargo\">Ministra de Ciencia, Innovaci\u00f3n y Universidades<\/p>\n<p>                &#13;<br \/>\n                &#13;<\/p>\n<ul class=\"eventList\">&#13;<br \/>\n                    &#13;<\/p>\n<li>&#13;\n<p>10:30 h.<\/p>\n<p>&#13;<\/p>\n<p class=\"eventPersonTitle\">Mantiene una reuni\u00f3n con el nuevo director cient\u00edfico del Centro Nacional de Investigaciones Oncol\u00f3gicas (CNIO), Ra\u00fal Rabad\u00e1n, en la sede del CNIO, en Madrid. <\/p>\n<p>                            &#13;\n                        <\/li>\n<p>&#13;<br \/>\n                    &#13;<\/p>\n<li>&#13;\n<p>12:00 h.<\/p>\n<p>&#13;<\/p>\n<p class=\"eventPersonTitle\">Se re\u00fane con representantes de las universidades p\u00fablicas espa\u00f1olas, en la sede del Ministerio.<\/p>\n<p>Asiste la ministra de Vivienda y Agenda Urbana. <\/p>\n<p>Cobertura gr\u00e1fica.<\/p>\n<p>                            &#13;\n                        <\/li>\n<p>&#13;<br \/>\n                    &#13;\n                        <\/ul>\n<p>&#13;<br \/>\n                    &#13;\n            <\/li>\n<p>&#13;<br \/>\n\t    &#13;<\/p>\n<li>&#13;\n<p>                    <img decoding=\"async\" title=\"22\/11\/2023. Ana Redondo Garc\u00eda. La ministra de Igualdad, Ana Redondo Garc\u00eda.\" class=\"eventImage\" src=\"https:\/\/www.europesays.com\/es\/wp-content\/uploads\/2025\/09\/ministra_ana_redondo.jpg\" alt=\"22\/11\/2023. Ana Redondo Garc\u00eda. La ministra de Igualdad, Ana Redondo Garc\u00eda.\"\/><br \/>\n                &#13;<\/p>\n<p>                    Ana Redondo                    <\/p>\n<p class=\"eventDescription cargo\">Ministra de Igualdad<\/p>\n<p>                &#13;<br \/>\n                &#13;<\/p>\n<ul class=\"eventList\">&#13;<br \/>\n                    &#13;<\/p>\n<li>&#13;\n<p>09:00 h.<\/p>\n<p>&#13;<\/p>\n<p class=\"eventPersonTitle\">Asiste al Pleno del Congreso y responde a dos preguntas de la sesi\u00f3n parlamentaria de control al Gobierno.<\/p>\n<p>                            &#13;\n                        <\/li>\n<p>&#13;<br \/>\n                    &#13;<\/p>\n<li>&#13;\n<p>17:00 h.<\/p>\n<p>&#13;<\/p>\n<p class=\"eventPersonTitle\">Mantiene una reuni\u00f3n con representantes de Save the Children, en la sede del Ministerio.<\/p>\n<p>                            &#13;\n                        <\/li>\n<p>&#13;<br \/>\n                    &#13;\n                        <\/ul>\n<p>&#13;<br \/>\n                    &#13;\n            <\/li>\n<p>&#13;<br \/>\n\t    &#13;<\/p>\n<li>&#13;\n<p>                    <img decoding=\"async\" title=\"22\/11\/2023. Elma Saiz. La ministra de Inclusi\u00f3n, Seguridad Social y Migraciones, Elma Saiz.\" class=\"eventImage\" src=\"https:\/\/www.europesays.com\/es\/wp-content\/uploads\/2025\/09\/ministra_elma_saiz.jpg\" alt=\"22\/11\/2023. Elma Saiz. La ministra de Inclusi\u00f3n, Seguridad Social y Migraciones, Elma Saiz.\"\/><br \/>\n                &#13;<\/p>\n<p>                    Elma Saiz                    <\/p>\n<p class=\"eventDescription cargo\">Ministra de Inclusi\u00f3n, Seguridad Social y Migraciones <\/p>\n<p>                &#13;<br \/>\n                &#13;<\/p>\n<ul class=\"eventList\">&#13;<br \/>\n                    &#13;<\/p>\n<li>&#13;\n<p>09:00 h.<\/p>\n<p>&#13;<\/p>\n<p class=\"eventPersonTitle\">Asiste al Pleno del Congreso y responde a las preguntas de la sesi\u00f3n parlamentaria de control al Gobierno.<\/p>\n<p>Posteriormente, comparece a petici\u00f3n propia ante el Pleno del Congreso.<\/p>\n<p>                            &#13;\n                        <\/li>\n<p>&#13;<br \/>\n                    &#13;\n                        <\/ul>\n<p>&#13;<br \/>\n                    &#13;\n            <\/li>\n<p>&#13;<br \/>\n\t    &#13;<\/p>\n<li>&#13;\n<p>                    <img decoding=\"async\" title=\"6\/09\/2024. \u00d3scar L\u00f3pez. El ministro para la Transformaci\u00f3n Digital y de la Funci\u00f3n P\u00fablica, \u00d3scar L\u00f3pez\" class=\"eventImage\" src=\"https:\/\/www.europesays.com\/es\/wp-content\/uploads\/2025\/09\/ministro-oscar-lopez.png\" alt=\"6\/09\/2024. \u00d3scar L\u00f3pez. El ministro para la Transformaci\u00f3n Digital y de la Funci\u00f3n P\u00fablica, \u00d3scar L\u00f3pez\"\/><br \/>\n                &#13;<\/p>\n<p>                    \u00d3scar L\u00f3pez                    <\/p>\n<p class=\"eventDescription cargo\">Ministro para la Transformaci\u00f3n Digital y de la Funci\u00f3n P\u00fablica<\/p>\n<p>                &#13;<br \/>\n                &#13;<\/p>\n<ul class=\"eventList\">&#13;<br \/>\n                    &#13;<\/p>\n<li>&#13;\n<p>09:00 h.<\/p>\n<p>&#13;<\/p>\n<p class=\"eventPersonTitle\">&#13;<br \/>\nAsiste al Pleno del Congreso.<\/p>\n<p>                            &#13;\n                        <\/li>\n<p>&#13;<br \/>\n                    &#13;\n                        <\/ul>\n<p>&#13;<br \/>\n                    &#13;\n            <\/li>\n<p>&#13;<br \/>\n\t    &#13;<\/p>\n<li>&#13;\n<p>                    <img decoding=\"async\" title=\"22\/11\/2023. Sira Rego. La ministra de Juventud e Infancia, Sira Rego.\" class=\"eventImage\" src=\"https:\/\/www.europesays.com\/es\/wp-content\/uploads\/2025\/09\/ministra_sira_abed.jpg\" alt=\"22\/11\/2023. Sira Rego. La ministra de Juventud e Infancia, Sira Rego.\"\/><br \/>\n                &#13;<\/p>\n<p>                    Sira Rego                    <\/p>\n<p class=\"eventDescription cargo\">Ministra de Juventud e Infancia <\/p>\n<p>                &#13;<br \/>\n                &#13;<\/p>\n<ul class=\"eventList\">&#13;<br \/>\n                    &#13;<\/p>\n<li>&#13;\n<p>09:00 h.<\/p>\n<p>&#13;<\/p>\n<p class=\"eventPersonTitle\">Asiste al Pleno del Congreso.<\/p>\n<p>                            &#13;\n                        <\/li>\n<p>&#13;<br \/>\n                    &#13;<\/p>\n<li>&#13;\n<p>12:30 h.<\/p>\n<p>&#13;<\/p>\n<p class=\"eventPersonTitle\">Mantiene un encuentro con miembros de la Asociaci\u00f3n Estatal de Acogimiento Familiar (ASEAF), en la sede del Ministerio.<\/p>\n<p>                            &#13;\n                        <\/li>\n<p>&#13;<br \/>\n                    &#13;\n                        <\/ul>\n<p>&#13;<br \/>\n                    &#13;\n            <\/li>\n<p>&#13;<br \/>\n\t    &#13;\n            <\/ul>\n<p>\t\t\t\t\t\t\t\t\t &#13;<br \/>\n\t\t\t\t\t\t\t\t\t&#13;<\/p>\n<p id=\"ctl00_CookieInfo_pCookieText\">Este sitio web utiliza cookies propias y de terceros para mantener la sesi\u00f3n, ofrecerle una mejor experiencia de usuario y obtener datos estad\u00edsticos de navegaci\u00f3n de los usuarios. Para m\u00e1s informaci\u00f3n vea la <a title=\"Pol\u00edtica de cookies\" target=\"_self\" href=\"https:\/\/www.lamoncloa.gob.es\/Paginas\/politica-de-cookies.aspx\" rel=\"nofollow noopener\">Pol\u00edtica de cookies<\/a><\/p>\n<p>    Aceptar<br \/>\n    Rechazar<\/p>\n","protected":false},"excerpt":{"rendered":"&#13; &#13; &#13; &#13; &#13; &#13; Pedro S\u00e1nchez Presidente del Gobierno &#13; &#13; &#13; &#13; &#13; &#13; Contin\u00faa&hellip;\n","protected":false},"author":2,"featured_media":46302,"comment_status":"","ping_status":"","sticky":false,"template":"","format":"standard","meta":{"footnotes":""},"categories":[5],"tags":[17,18,25,24,13,14,11,19,20,9,10,15,16,23,12,21,22],"class_list":{"0":"post-136464","1":"post","2":"type-post","3":"status-publish","4":"format-standard","5":"has-post-thumbnail","7":"category-titulares","8":"tag-breaking-news","9":"tag-breakingnews","10":"tag-es","11":"tag-espana","12":"tag-featured-news","13":"tag-featurednews","14":"tag-headlines","15":"tag-latest-news","16":"tag-latestnews","17":"tag-news","18":"tag-noticias","19":"tag-noticias-destacadas","20":"tag-noticiasdestacadas","21":"tag-spain","22":"tag-titulares","23":"tag-ultimas-noticias","24":"tag-ultimasnoticias"},"share_on_mastodon":{"url":"","error":""},"_links":{"self":[{"href":"https:\/\/www.europesays.com\/es\/wp-json\/wp\/v2\/posts\/136464","targetHints":{"allow":["GET"]}}],"collection":[{"href":"https:\/\/www.europesays.com\/es\/wp-json\/wp\/v2\/posts"}],"about":[{"href":"https:\/\/www.europesays.com\/es\/wp-json\/wp\/v2\/types\/post"}],"author":[{"embeddable":true,"href":"https:\/\/www.europesays.com\/es\/wp-json\/wp\/v2\/users\/2"}],"replies":[{"embeddable":true,"href":"https:\/\/www.europesays.com\/es\/wp-json\/wp\/v2\/comments?post=136464"}],"version-history":[{"count":0,"href":"https:\/\/www.europesays.com\/es\/wp-json\/wp\/v2\/posts\/136464\/revisions"}],"wp:featuredmedia":[{"embeddable":true,"href":"https:\/\/www.europesays.com\/es\/wp-json\/wp\/v2\/media\/46302"}],"wp:attachment":[{"href":"https:\/\/www.europesays.com\/es\/wp-json\/wp\/v2\/media?parent=136464"}],"wp:term":[{"taxonomy":"category","embeddable":true,"href":"https:\/\/www.europesays.com\/es\/wp-json\/wp\/v2\/categories?post=136464"},{"taxonomy":"post_tag","embeddable":true,"href":"https:\/\/www.europesays.com\/es\/wp-json\/wp\/v2\/tags?post=136464"}],"curies":[{"name":"wp","href":"https:\/\/api.w.org\/{rel}","templated":true}]}}