{"id":136468,"date":"2025-09-24T20:37:14","date_gmt":"2025-09-24T20:37:14","guid":{"rendered":"https:\/\/www.europesays.com\/es\/136468\/"},"modified":"2025-09-24T20:37:14","modified_gmt":"2025-09-24T20:37:14","slug":"el-gp-de-azerbaiyan-renueva-con-la-formula-1-hasta-2030","status":"publish","type":"post","link":"https:\/\/www.europesays.com\/es\/136468\/","title":{"rendered":"El GP de Azerbaiy\u00e1n renueva con la F\u00f3rmula 1 hasta 2030"},"content":{"rendered":"<p>La <strong>F\u00f3rmula 1 <\/strong>aprovech\u00f3 su <a href=\"https:\/\/noticias.autocosmos.com.ar\/2025\/09\/21\/franco-colapinto-y-otro-fin-de-semana-gris-para-alpine-en-gp-de-azerbaiyan2025\" target=\"_blank\" rel=\"nofollow noopener\">paso por Bak\u00fa el fin de semana pasado <\/a>para confirmar que el <strong>Gran Premio de Azerbaiy\u00e1n<\/strong> seguir\u00e1 siendo parte del calendario hasta, al menos, la <strong>temporada 2030<\/strong>, siguiendo con la tendencia de los organizadores de la M\u00e1xima Categor\u00eda de mantener una importante base de carreras para los siguientes a\u00f1os.<\/p>\n<p>&#13;<br \/>\n&#13;<\/p>\n<p>El <strong>circuito callejero\u00a0de Baku\u00a0<\/strong>debut\u00f3 en la <strong>F\u00f3rmula 1 <\/strong>en la temporada <strong>2016 <\/strong>como el <strong>Gran Premio de Europa<\/strong>, y desde 2017 pas\u00f3 a llamarse <strong>Gran Premio de Azerbaiy\u00e1n<\/strong>, siendo una de las pruebas m\u00e1s complejas del a\u00f1o, con rectas largas, curvas de 90\u00b0 y una zona muy cerrada y t\u00e9cnica en la parte de la ciudad vieja (donde est\u00e1 el Castillo de la Princesa), que la convierten en una de las fechas m\u00e1s entretenidas del calendario.<\/p>\n<p>&#13;<br \/>\n&#13;<\/p>\n<p><img decoding=\"async\" alt=\"\" src=\"https:\/\/www.europesays.com\/es\/wp-content\/uploads\/2025\/09\/NPAZ_730ce48b2d9f45ec934eb81faf30b51a.webp.webp\"\/><\/p>\n<p>&#13;<br \/>\n&#13;<\/p>\n<p>\u201cLa ampliaci\u00f3n de nuestra colaboraci\u00f3n con la F\u00f3rmula 1 refleja la visi\u00f3n y la direcci\u00f3n de Azerbaiy\u00e1n, garantizando que nuestro pa\u00eds siga siendo un centro mundial para grandes eventos deportivos, dejando un legado duradero de inspiraci\u00f3n para las generaciones futuras a trav\u00e9s del poder del deporte, afirm\u00f3 <strong>Farid Gayibov, ministro de Juventud y Deporte de Azerbaiy\u00e1n<\/strong>, y concluy\u00f3: \u00abCon el paso de los a\u00f1os, el Gran Premio de Azerbaiy\u00e1n se ha convertido en una de las carreras m\u00e1s esperadas del calendario de la F1, mostrando no solo la emocionante acci\u00f3n en la pista, sino tambi\u00e9n la belleza, la energ\u00eda y la hospitalidad de nuestra capital\u201d.<\/p>\n<p>&#13;<br \/>\n&#13;<\/p>\n<p>Gracias a la <strong>renovaci\u00f3n por cuatro a\u00f1os m\u00e1s<\/strong>, la pista de <strong>Bak\u00fa <\/strong>se une a las siguientes fechas que tienen asegurado su lugar en el calendario\u00a0al menos hasta <strong>2030<\/strong>:<\/p>\n<p>&#13;<br \/>\n&#13;<\/p>\n<ul>&#13;<\/p>\n<li>Miami (2041)<\/li>\n<p>&#13;<\/p>\n<li>Australia (2037)<\/li>\n<p>&#13;<\/p>\n<li>Bahrein (2036)<\/li>\n<p>&#13;<\/p>\n<li>M\u00f3naco (2035)<\/li>\n<p>&#13;<\/p>\n<li>Silverstone (2034)<\/li>\n<p>&#13;<\/p>\n<li>Qatar y Hungr\u00eda (2032)<\/li>\n<p>&#13;<\/p>\n<li>Canad\u00e1, B\u00e9lgica e Italia (2031)<\/li>\n<p>&#13;<\/p>\n<li>China, Arabia Saudita, Austria, Azerbaiy\u00e1n, Brasil, y Abu Dhabi (2030)<\/li>\n<p>&#13;\n<\/ul>\n<p>&#13;<br \/>\n&#13;<\/p>\n<p>Por \u00faltimo, se espera que <strong>Las Vegas <\/strong>anuncie en las pr\u00f3ximas semanas una <strong>extensi\u00f3n de 10 a\u00f1os<\/strong>, mientras que la\u00a0Jefa de Gobierno de la Ciudad de <strong>M\u00e9xico <\/strong>adelant\u00f3 que habr\u00e1 un anuncio para aquel pa\u00eds en <strong>enero de 2026.<\/strong><\/p>\n<p>&#13;<\/p>\n","protected":false},"excerpt":{"rendered":"La F\u00f3rmula 1 aprovech\u00f3 su paso por Bak\u00fa el fin de semana pasado para confirmar que el Gran&hellip;\n","protected":false},"author":2,"featured_media":132846,"comment_status":"","ping_status":"","sticky":false,"template":"","format":"standard","meta":{"footnotes":""},"categories":[270],"tags":[1763,36481,168,25,24,4636,306,271,272,43125,23,167],"class_list":{"0":"post-136468","1":"post","2":"type-post","3":"status-publish","4":"format-standard","5":"has-post-thumbnail","7":"category-formula-1","8":"tag-automovilismo","9":"tag-baku","10":"tag-deportes","11":"tag-es","12":"tag-espana","13":"tag-frmula-1","14":"tag-f1","15":"tag-formula-1","16":"tag-formula1","17":"tag-gp-de-azerbaiyn","18":"tag-spain","19":"tag-sports"},"share_on_mastodon":{"url":"","error":""},"_links":{"self":[{"href":"https:\/\/www.europesays.com\/es\/wp-json\/wp\/v2\/posts\/136468","targetHints":{"allow":["GET"]}}],"collection":[{"href":"https:\/\/www.europesays.com\/es\/wp-json\/wp\/v2\/posts"}],"about":[{"href":"https:\/\/www.europesays.com\/es\/wp-json\/wp\/v2\/types\/post"}],"author":[{"embeddable":true,"href":"https:\/\/www.europesays.com\/es\/wp-json\/wp\/v2\/users\/2"}],"replies":[{"embeddable":true,"href":"https:\/\/www.europesays.com\/es\/wp-json\/wp\/v2\/comments?post=136468"}],"version-history":[{"count":0,"href":"https:\/\/www.europesays.com\/es\/wp-json\/wp\/v2\/posts\/136468\/revisions"}],"wp:featuredmedia":[{"embeddable":true,"href":"https:\/\/www.europesays.com\/es\/wp-json\/wp\/v2\/media\/132846"}],"wp:attachment":[{"href":"https:\/\/www.europesays.com\/es\/wp-json\/wp\/v2\/media?parent=136468"}],"wp:term":[{"taxonomy":"category","embeddable":true,"href":"https:\/\/www.europesays.com\/es\/wp-json\/wp\/v2\/categories?post=136468"},{"taxonomy":"post_tag","embeddable":true,"href":"https:\/\/www.europesays.com\/es\/wp-json\/wp\/v2\/tags?post=136468"}],"curies":[{"name":"wp","href":"https:\/\/api.w.org\/{rel}","templated":true}]}}