{"id":136481,"date":"2025-09-24T20:47:09","date_gmt":"2025-09-24T20:47:09","guid":{"rendered":"https:\/\/www.europesays.com\/es\/136481\/"},"modified":"2025-09-24T20:47:09","modified_gmt":"2025-09-24T20:47:09","slug":"fechas-grupos-de-riesgo-y-todo-lo-que-tienes-que-saber","status":"publish","type":"post","link":"https:\/\/www.europesays.com\/es\/136481\/","title":{"rendered":"fechas, grupos de riesgo y todo lo que tienes que saber"},"content":{"rendered":"<p><img decoding=\"async\" class=\"voc-author__img\" src=\"https:\/\/www.europesays.com\/es\/wp-content\/uploads\/2025\/09\/autor-4703-foto-2.jpeg\" alt=\"\u00c1. G.\"\/><\/p>\n<p class=\"voc-p\" style=\"\">Cada oto\u00f1o, <strong>Andaluc\u00eda pone en marcha su campa\u00f1a de vacunaci\u00f3n contra la gripe<\/strong> para reducir la incidencia del virus y prevenir complicaciones de salud. Se trata de una medida preventiva fundamental, ya que la gripe puede causar cuadros graves y aumentar la presi\u00f3n sobre el sistema sanitario <a href=\"https:\/\/www.abc.es\/sociedad\/mascarilla-supermercado-autobus-teletrabajo-propuestas-sanidad-ante-20241016141229-nt.html\" target=\"_self\" data-voc-vtm-id=\"in-text-traffic\" title=\"durante los meses m\u00e1s fr\u00edos del a\u00f1o\" data-mrf-link=\"www.abc.es\" rel=\"nofollow noopener\">durante los meses m\u00e1s fr\u00edos del a\u00f1o<\/a>, que son los que se encaran una vez finalizado el verano.<\/p>\n<p class=\"voc-p\" style=\"\">Adem\u00e1s, la vacunaci\u00f3n no solo protege a nivel individual, tambi\u00e9n limita la transmisi\u00f3n del virus en la comunidad. Por eso, desde la <a href=\"https:\/\/www.juntadeandalucia.es\/organismos\/saludyconsumo.html\" target=\"_self\" data-voc-vtm-id=\"in-text-traffic\" title=\"Consejer\u00eda de Salud y Consumo de la Junta de Andaluc\u00eda\" data-mrf-link=\"www.juntadeandalucia.es\" rel=\"nofollow noopener\">Consejer\u00eda de Salud y Consumo de la Junta de Andaluc\u00eda<\/a> se organiza cada a\u00f1o<strong> un calendario de inmunizaci\u00f3n<\/strong> que arranca en oto\u00f1o y que establece <strong>prioridades para determinados colectivos con mayor riesgo<\/strong> de sufrir complicaciones.<\/p>\n<p>\nFecha de inicio de la campa\u00f1a de vacunaci\u00f3n contra la gripe en Andaluc\u00eda en 2025 y grupos prioritarios\n<\/p>\n<p class=\"voc-p\" style=\"\">La campa\u00f1a de vacunaci\u00f3n contra la gripe en Andaluc\u00eda dar\u00e1 comienzo el pr\u00f3ximo <strong>martes 30 de septiembre<\/strong>, comenzando por los colectivos m\u00e1s vulnerables y aquellos que tienen contacto directo con ni\u00f1os peque\u00f1os. As\u00ed pues, las primeras dosis se administrar\u00e1n a<strong> menores de hasta 5 a\u00f1os<\/strong>, <strong>mujeres embarazadas<\/strong> y <strong>docentes de educaci\u00f3n infantil<\/strong>. <\/p>\n<p>\nOtros grupos de riesgo y calendario completo de esta campa\u00f1a de vacunaci\u00f3n\n<\/p>\n<p class=\"voc-p\" style=\"\">Seg\u00fan la consejera de Salud y Consumo, Roc\u00edo Hern\u00e1ndez, \u00abel calendario para la vacuna de la gripe <strong>se ir\u00e1 abriendo progresivamente para el resto de la poblaci\u00f3n diana<\/strong>\u00bb, asegurando as\u00ed una protecci\u00f3n efectiva a lo largo de toda la temporada. Con lo cual, el calendario completo de esta campa\u00f1a de vacunaci\u00f3n contra la gripe en Andaluc\u00eda consta de las siguientes fechas para cada grupo de riesgo.<\/p>\n<ul class=\"oc-d-c-list__list\">\n<li class=\"voc-d-c-list__item\">\n<p class=\"voc-d-c-list__paragraph\">A partir del martes 30 de septiembre: menores de hasta 5 a\u00f1os, mujeres embarazadas, docentes de educaci\u00f3n infantil.<\/p>\n<\/li>\n<li class=\"voc-d-c-list__item\">\n<p class=\"voc-d-c-list__paragraph\">A partir del lunes 6 de octubre: la campa\u00f1a se extiende a residencias de mayores y centros de discapacidad, as\u00ed como a profesionales sanitarios y sociosanitarios.<\/p>\n<\/li>\n<li class=\"voc-d-c-list__item\">\n<p class=\"voc-d-c-list__paragraph\">A partir del martes 14 de octubre: personas de 80 a\u00f1os o m\u00e1s y los grandes dependientes en sus domicilios.<\/p>\n<\/li>\n<li class=\"voc-d-c-list__item\">\n<p class=\"voc-d-c-list__paragraph\">A partir del lunes 20 de octubre: personas de 70 a\u00f1os o m\u00e1s y a las de 5 a\u00f1os o m\u00e1s con patolog\u00edas cr\u00f3nicas.<\/p>\n<\/li>\n<li class=\"voc-d-c-list__item\">\n<p class=\"voc-d-c-list__paragraph\">A partir del lunes 27 de octubre: personas de 60 a\u00f1os o m\u00e1s, profesionales esenciales (como cuerpos y fuerzas de seguridad del estado, bomberos y protecci\u00f3n civil), profesionales con exposici\u00f3n directa a animales e instituciones penitenciarias.<\/p>\n<\/li>\n<\/ul>\n<p>\nNovedades de la campa\u00f1a de vacunaci\u00f3n contra la gripe en Andaluc\u00eda en 2025\n<\/p>\n<p class=\"voc-p\" style=\"\">La consejera de Salud y Consumo ha destacado algunas novedades de la campa\u00f1a de vacunaci\u00f3n frente a la gripe y la Covid en Andaluc\u00eda. Por cuarto a\u00f1o consecutivo, se mantendr\u00e1 la vacunaci\u00f3n de los menores de cinco a\u00f1os, una medida que ha demostrado ser muy efectiva al <strong>reducir hasta un 70 % los ingresos hospitalarios por gripe grave en este grupo<\/strong>.<\/p>\n<p class=\"voc-p\" style=\"\">Asimismo, por segunda temporada, <strong>la vacuna intranasal se administrar\u00e1 directamente en colegios a ni\u00f1os de 3 y 4 a\u00f1os<\/strong>, iniciativa que el a\u00f1o pasado permiti\u00f3 inmunizar al 65% de este grupo en el \u00e1mbito escolar. Adem\u00e1s, este a\u00f1o se permitir\u00e1 que los convivientes de menores de cinco a\u00f1os, personas mayores de 60 a\u00f1os, embarazadas y quienes tengan patolog\u00edas cr\u00f3nicas <strong>se vacunen junto a ellos<\/strong>, reforzando as\u00ed la protecci\u00f3n dentro del n\u00facleo familiar.<\/p>\n<p>\nCita previa para la vacunaci\u00f3n\n<\/p>\n<p class=\"voc-p\" style=\"\">Para acceder a la vacuna contra la gripe en Andaluc\u00eda es necesario <strong>solicitar cita previa<\/strong>. Este proceso puede realizarse de diversas maneras.<\/p>\n<ul class=\"oc-d-c-list__list\">\n<li class=\"voc-d-c-list__item\">\n<p class=\"voc-d-c-list__paragraph\">En persona: Acudiendo directamente al mostrador del centro de salud.<\/p>\n<\/li>\n<li class=\"voc-d-c-list__item\">\n<p class=\"voc-d-c-list__paragraph\">Por tel\u00e9fono: Llamando al servicio de &#8216;Salud Responde&#8217;, al n\u00famero 955 54 50 60.<\/p>\n<\/li>\n<li class=\"voc-d-c-list__item\">\n<p class=\"voc-d-c-list__paragraph\">Por internet: A trav\u00e9s de la plataforma <a href=\"https:\/\/www.sspa.juntadeandalucia.es\/servicioandaluzdesalud\/clicsalud\/\" target=\"_self\" data-voc-vtm-id=\"in-text-traffic\" title=\"ClicSalud+\" data-mrf-link=\"www.sspa.juntadeandalucia.es\" rel=\"nofollow noopener\">ClicSalud+<\/a>.<\/p>\n<\/li>\n<\/ul>\n<p class=\"voc-p\" style=\"\">Para solicitar cita previa, cabe tener en cuenta el <strong>orden de prioridad que establece el calendario de vacunaci\u00f3n<\/strong> especificado anteriormente. Por lo tanto, se recomienda pedir la cita tan pronto como sea posible para asegurar la disponibilidad en el centro de salud.<\/p>\n<p>Reportar un error<\/p>\n","protected":false},"excerpt":{"rendered":"Cada oto\u00f1o, Andaluc\u00eda pone en marcha su campa\u00f1a de vacunaci\u00f3n contra la gripe para reducir la incidencia del&hellip;\n","protected":false},"author":2,"featured_media":136482,"comment_status":"","ping_status":"","sticky":false,"template":"","format":"standard","meta":{"footnotes":""},"categories":[92],"tags":[45,259,658,25,24,4400,7749,24334,165,1288,10005,166,23,7589],"class_list":{"0":"post-136481","1":"post","2":"type-post","3":"status-publish","4":"format-standard","5":"has-post-thumbnail","7":"category-salud","8":"tag-45","9":"tag-andalucia","10":"tag-campana","11":"tag-es","12":"tag-espana","13":"tag-fechas","14":"tag-gripe","15":"tag-grupos","16":"tag-health","17":"tag-riesgo","18":"tag-saber","19":"tag-salud","20":"tag-spain","21":"tag-vacunacion"},"share_on_mastodon":{"url":"","error":""},"_links":{"self":[{"href":"https:\/\/www.europesays.com\/es\/wp-json\/wp\/v2\/posts\/136481","targetHints":{"allow":["GET"]}}],"collection":[{"href":"https:\/\/www.europesays.com\/es\/wp-json\/wp\/v2\/posts"}],"about":[{"href":"https:\/\/www.europesays.com\/es\/wp-json\/wp\/v2\/types\/post"}],"author":[{"embeddable":true,"href":"https:\/\/www.europesays.com\/es\/wp-json\/wp\/v2\/users\/2"}],"replies":[{"embeddable":true,"href":"https:\/\/www.europesays.com\/es\/wp-json\/wp\/v2\/comments?post=136481"}],"version-history":[{"count":0,"href":"https:\/\/www.europesays.com\/es\/wp-json\/wp\/v2\/posts\/136481\/revisions"}],"wp:featuredmedia":[{"embeddable":true,"href":"https:\/\/www.europesays.com\/es\/wp-json\/wp\/v2\/media\/136482"}],"wp:attachment":[{"href":"https:\/\/www.europesays.com\/es\/wp-json\/wp\/v2\/media?parent=136481"}],"wp:term":[{"taxonomy":"category","embeddable":true,"href":"https:\/\/www.europesays.com\/es\/wp-json\/wp\/v2\/categories?post=136481"},{"taxonomy":"post_tag","embeddable":true,"href":"https:\/\/www.europesays.com\/es\/wp-json\/wp\/v2\/tags?post=136481"}],"curies":[{"name":"wp","href":"https:\/\/api.w.org\/{rel}","templated":true}]}}