{"id":136532,"date":"2025-09-24T21:21:14","date_gmt":"2025-09-24T21:21:14","guid":{"rendered":"https:\/\/www.europesays.com\/es\/136532\/"},"modified":"2025-09-24T21:21:14","modified_gmt":"2025-09-24T21:21:14","slug":"marco-trungelliti-el-tenista-argentino-que-no-pierde-y-busca-un-record","status":"publish","type":"post","link":"https:\/\/www.europesays.com\/es\/136532\/","title":{"rendered":"Marco Trungelliti, el tenista argentino que no pierde y busca un r\u00e9cord"},"content":{"rendered":"<p><img alt=\"Marco Trungelliti lleva 11 triunfos\" class=\"global-image\" decoding=\"async\" fetchpriority=\"high\" height=\"632\" loading=\"eager\" src=\"https:\/\/www.europesays.com\/es\/wp-content\/uploads\/2025\/09\/WM7VLKXQMJBT5KUQ7FC26VY2ZQ.jpg\" width=\"1125\"\/>Marco Trungelliti lleva 11 triunfos al hilo y va por una marca de Seba B\u00e1ez<\/p>\n<p class=\"paragraph\">Desde el 22 de agosto que <b>Marco Trungellitti <\/b>no pierde. Es el tenista argentino que tiene en la actualidad<b> la racha de victorias m\u00e1s larga<\/b> y busca extenderla para alcanzar el r\u00e9cord de <b>12 triunfos seguidos que logr\u00f3 Sebasti\u00e1n B\u00e1ez en 2023<\/b>. <\/p>\n<p class=\"paragraph\">El nacido en <b>Santiago del Estero<\/b> y 144 del ranking de la ATP gan\u00f3 de manera consecutiva los <b>Challengers de Talin, Austria, y Targu Mures<\/b>, <b>Rumania<\/b>, y avanz\u00f3 a los octavos de final en <b>Lisboa<\/b>, <b>Portugal<\/b>, donde este jueves se enfrentar\u00e1 ante el joven de<b> Pa\u00edses Bajos Guy den Ouden<\/b>, 147 en el escalaf\u00f3n mundial. <\/p>\n<p class=\"paragraph\">Trungellitti super\u00f3 este martes en su debut al colombiano <b>Daniel Gal\u00e1n <\/b>(127),<b> por 6-2 y 7-6 (3)<\/b> para conseguir su triunfo n\u00famero 11 de manera consecutiva desde su ca\u00edda en la tercera ronda de la qualy del <b>US Open<\/b> ante el espa\u00f1ol <b>Pablo Llamas Ruiz<\/b>, por 3-6, 6-1 y 6-2. El argentino dej\u00f3 norteam\u00e9rica y viaj\u00f3 con destino a la gira de challengers en <b>Europa<\/b> sobre polvo de ladrillo y logr\u00f3 dos t\u00edtulos consecutivos, para alcanzar <b>tres en 2025 y seis en su carrera<\/b>. <\/p>\n<p class=\"paragraph\">En Talin, Trungellitti super\u00f3 al ruso <b>Gakhov<\/b>, al croata <b>Mikrut<\/b>, a los austriacos <b>Koop<\/b> y <b>Schwaerzler<\/b> y en la final se impuso al checo <b>Paulson<\/b>. En <b>Targu Mures<\/b> dio cuenta del espa\u00f1ol<b> Zapata Miralles<\/b>, del suizo Brunold, del italiano<b> Agamenone<\/b>, del rumano<b> Jianu<\/b> y en la definici\u00f3n super\u00f3 el croata <b>Poljicak<\/b>. <\/p>\n<p class=\"paragraph\">En Lisboa ahora venci\u00f3 a Gal\u00e1n y se enfrentar\u00e1 con den Ouden, con quien no tiene cruces previos en el circuito. El argentino de 35 a\u00f1os est\u00e1 dando los \u00faltimos pasos de carrera, mientras que el neerland\u00e9s, de 23, <b>est\u00e1 en su mejor a\u00f1o desde que se hizo profesional en 2023<\/b>. Adem\u00e1s, en caso de seguir con su racha triunfal, el santiague\u00f1o quedar\u00e1 a un paso de su mejor ranking hist\u00f3rico: <b>en 2019, alcanz\u00f3 el puesto 112, 32 m\u00e1s arriba de su ubicaci\u00f3n actual<\/b>. El 2025 es su a\u00f1o m\u00e1s fruct\u00edfero por lejos, al haber conquistado ya tres de los seis challengers que alz\u00f3 en toda su carrera.<\/p>\n<p class=\"paragraph\">En caso de alcanzar una victoria, Trungelliti llegar\u00e1 al r\u00e9cord de 12 victorias consecutivas que desde 2015 solo logr\u00f3 superar un solo argentino,<b> Sebasti\u00e1n B\u00e1ez en 2023 con los t\u00edtulos de Kitzb\u00fchel y Winston-Salem<\/b>, hasta que cay\u00f3 en tercera ronda del<b> US Open<\/b> ante el ruso <b>Daniil Medvedev<\/b>, por entonces n\u00famero 3 del mundo. <\/p>\n<p class=\"paragraph\">El tenista con m\u00e1s victorias seguidas en el circuito de la ATP es otro argentino,<b> Guillermo Vilas<\/b>, que en 1977 <b>logr\u00f3 46 triunfos de manera seguida, a\u00f1o en que gan\u00f3 Roland Garros y el US Open<\/b>.<\/p>\n<p class=\"paragraph\">En 2015, Trungelliti denunci\u00f3 que fue contactado por una red de apostadores que buscaban a tenistas para arreglar partidos, y declar\u00f3 como testigo en un juicio que termin\u00f3 con las condenas de <b>Federico Coria, Nicol\u00e1s Kicker y Patricio Heras<\/b>. <\/p>\n<p class=\"paragraph\">Desde que es profesional en 2008, tuvo un paso fugaz por los <b>Grand Slam<\/b>: disput\u00f3 en cuatro oportunidades Roland Garros, con una resonante victoria ante <b>Marin Cilin <\/b>(ex n\u00famero 3 del mundo) en 2018, dos veces el <b>US Open<\/b> y una vez<b> Wimbledon <\/b>y el <b>Abierto de Austria<\/b>.<\/p>\n","protected":false},"excerpt":{"rendered":"Marco Trungelliti lleva 11 triunfos al hilo y va por una marca de Seba B\u00e1ez Desde el 22&hellip;\n","protected":false},"author":2,"featured_media":136533,"comment_status":"","ping_status":"","sticky":false,"template":"","format":"standard","meta":{"footnotes":""},"categories":[274],"tags":[283,23437,168,25,24,4577,38628,1462,4722,26313,23,167,327,326],"class_list":{"0":"post-136532","1":"post","2":"type-post","3":"status-publish","4":"format-standard","5":"has-post-thumbnail","7":"category-tenis","8":"tag-argentina","9":"tag-challenger","10":"tag-deportes","11":"tag-es","12":"tag-espana","13":"tag-lisboa","14":"tag-marco-trungelliti","15":"tag-portugal","16":"tag-record","17":"tag-sebastian-baez","18":"tag-spain","19":"tag-sports","20":"tag-tenis","21":"tag-tennis"},"share_on_mastodon":{"url":"","error":""},"_links":{"self":[{"href":"https:\/\/www.europesays.com\/es\/wp-json\/wp\/v2\/posts\/136532","targetHints":{"allow":["GET"]}}],"collection":[{"href":"https:\/\/www.europesays.com\/es\/wp-json\/wp\/v2\/posts"}],"about":[{"href":"https:\/\/www.europesays.com\/es\/wp-json\/wp\/v2\/types\/post"}],"author":[{"embeddable":true,"href":"https:\/\/www.europesays.com\/es\/wp-json\/wp\/v2\/users\/2"}],"replies":[{"embeddable":true,"href":"https:\/\/www.europesays.com\/es\/wp-json\/wp\/v2\/comments?post=136532"}],"version-history":[{"count":0,"href":"https:\/\/www.europesays.com\/es\/wp-json\/wp\/v2\/posts\/136532\/revisions"}],"wp:featuredmedia":[{"embeddable":true,"href":"https:\/\/www.europesays.com\/es\/wp-json\/wp\/v2\/media\/136533"}],"wp:attachment":[{"href":"https:\/\/www.europesays.com\/es\/wp-json\/wp\/v2\/media?parent=136532"}],"wp:term":[{"taxonomy":"category","embeddable":true,"href":"https:\/\/www.europesays.com\/es\/wp-json\/wp\/v2\/categories?post=136532"},{"taxonomy":"post_tag","embeddable":true,"href":"https:\/\/www.europesays.com\/es\/wp-json\/wp\/v2\/tags?post=136532"}],"curies":[{"name":"wp","href":"https:\/\/api.w.org\/{rel}","templated":true}]}}