{"id":136534,"date":"2025-09-24T21:23:09","date_gmt":"2025-09-24T21:23:09","guid":{"rendered":"https:\/\/www.europesays.com\/es\/136534\/"},"modified":"2025-09-24T21:23:09","modified_gmt":"2025-09-24T21:23:09","slug":"el-mensaje-de-unidad-de-alpine-con-colapinto-como-protagonista-tras-un-fin-de-semana-para-el-olvido-ole","status":"publish","type":"post","link":"https:\/\/www.europesays.com\/es\/136534\/","title":{"rendered":"El mensaje de unidad de Alpine con Colapinto como protagonista tras un fin de semana para el olvido :: Ol\u00e9"},"content":{"rendered":"<p>24\/09\/2025 17:25hs.<\/p>\n<p>Para<strong> Alpine<\/strong>, es importante dejar atr\u00e1s el fin de semana del <strong>Gran Premio de Azerbaiy\u00e1n<\/strong>, donde <strong><a href=\"https:\/\/www.ole.com.ar\/tema\/pierre-gasly.html\" title=\"Pierre Gasly\" alt=\"Pierre Gasly\" class=\"slug\" rel=\"nofollow noopener\" target=\"_blank\">Pierre Gasly <\/a>y <a href=\"https:\/\/www.ole.com.ar\/tema\/franco-colapinto.html\" title=\"Franco Colapinto\" alt=\"Franco Colapinto\" class=\"slug\" rel=\"nofollow noopener\" target=\"_blank\">Franco Colapinto<\/a> fueron los \u00faltimos en terminar la carrera<\/strong> (Piastri, de McLaren, abandon\u00f3 en la primera vuelta). Por eso, la escuder\u00eda francesa se empe\u00f1a en demostrar que la<strong> unidad y compromiso<\/strong> del equipo se mantiene m\u00e1s all\u00e1 del resultado,<strong> y as\u00ed lo plasm\u00f3 con un par de posteos en sus redes.<\/strong><\/p>\n<p>En ellos, se ven varias fotos de<strong> todos los miembros del garage trabajando juntos<\/strong> en la pasada jornada de la <strong><a href=\"https:\/\/www.ole.com.ar\/tema\/formula-1.html\" title=\"F\u00f3rmula 1\" alt=\"F\u00f3rmula 1\" class=\"slug\" rel=\"nofollow noopener\" target=\"_blank\">F\u00f3rmula 1<\/a><\/strong>. <strong>Colapinto<\/strong>, como ya es costumbre en las plataformas sociales de la estructura con sede en Enstone, <strong>fue la figura principal y se mostr\u00f3 charlando con ingenieros alrededor del coche que maneja.<\/strong><\/p>\n<p><img alt=\"Colapinto y su uni\u00f3n con el equipo de Alpine. (@alpinef1team)\" loading=\"lazy\" width=\"720\" height=\"100\" decoding=\"async\" data-nimg=\"1\" style=\"color:transparent\" src=\"https:\/\/www.europesays.com\/es\/wp-content\/uploads\/2025\/09\/fWQlpsa-9_720x0__1.jpg\"\/>Colapinto y su uni\u00f3n con el equipo de Alpine. (@alpinef1team)<\/p>\n<p>Las fotos del equipo de Alpine con Franco Colapinto de protagonista<\/p>\n<p>La primera publicaci\u00f3n del par <strong>se centra completamente en el rol del pilarense en la escuder\u00eda<\/strong>. En ella, se muestra el interior del paddock con<strong> el piloto de 22 a\u00f1os rodeado de los mec\u00e1nicos de <a href=\"https:\/\/www.ole.com.ar\/tema\/alpine.html\" title=\"Alpine\" alt=\"Alpine\" class=\"slug\" rel=\"nofollow noopener\" target=\"_blank\">Alpine<\/a>.<\/strong> \u00ab<strong>Nuestro equipo 100% comprometido, seguiremos trabajando duro! <\/strong>Todos juntos\u00bb, fue el mensaje que acompa\u00f1\u00f3 a las fotos.<\/p>\n<p><img alt=\"La relajada charla de Franco con integrante del team franc\u00e9s. (@alpinef1team)\" loading=\"lazy\" width=\"720\" height=\"100\" decoding=\"async\" data-nimg=\"1\" style=\"color:transparent\" src=\"https:\/\/www.europesays.com\/es\/wp-content\/uploads\/2025\/09\/QwCHiemGN_720x0__1.jpg\"\/>La relajada charla de Franco con integrante del team franc\u00e9s. (@alpinef1team)<\/p>\n<p>La segunda le da menos protagonismo a<strong> Franco<\/strong>, pero enfatiza simb\u00f3licamente en e<strong>l trabajo de los ingenieros, que posan alrededor del auto<\/strong>, refuerza el mensaje de unidad y se habla en referencia a los compromisos restantes en la temporada de la M\u00e1xima: \u00ab<strong>Juntos como equipo. Trabajando como uno mientras esperamos las \u00faltimas carreras de 2025&#8243;<\/strong>.<\/p>\n<p><img alt=\"Todo el equipo unido alrededor del coche con el traje rosa. (@alpinef1team)\" loading=\"lazy\" width=\"720\" height=\"100\" decoding=\"async\" data-nimg=\"1\" style=\"color:transparent\" src=\"https:\/\/www.europesays.com\/es\/wp-content\/uploads\/2025\/09\/RcF1MVfW6_720x0__1.jpg\"\/>Todo el equipo unido alrededor del coche con el traje rosa. (@alpinef1team)<\/p>\n<p>\u00bfCu\u00e1ndo volver\u00e1 a correr Franco Colapinto con Alpine por la F\u00f3rmula 1?<\/p>\n<p>La cantidad de posteos que le dedica <strong>Alpine a Colapinto<\/strong> en redes sociales es una <strong>gran se\u00f1al<\/strong> de cara a su posible titularidad junto a <strong>Pierre Gasly en la temporada de 2026<\/strong>. Sin embargo, <strong>todo depender\u00e1 del desempe\u00f1o que tenga el pilarense en los siete findes de competencia restantes<\/strong> -sobretodo en los pr\u00f3ximos tres en octubre, siendo que <strong>Flavio Briatore tomar\u00e1 una decisi\u00f3n respecto a la segunda butaca a fines de ese mes<\/strong>-.<\/p>\n<p>Por lo tanto,<strong> el piloto de 22 a\u00f1os deber\u00e1 trabajar semana a semana para conseguir su objetivo<\/strong>, y tendr\u00e1 dos semanas para preparar la pr\u00f3xima parada: <strong>el Gran Premio de Singapur, del 3 al 5 de octubre<\/strong> en otro circuito callejero como el de Bak\u00fa, <strong>el de Marina Bay<\/strong>. All\u00ed, la escuder\u00eda francesa <strong>buscar\u00e1 sumar alg\u00fan punto<\/strong> para intentar evitar la \u00faltima posici\u00f3n de la tabla de constructores,<strong> lo cual a esta altura parece un reto casi imposible.<\/strong><\/p>\n<p><img alt=\"Colapinto en la sala de m\u00e1quinas de Alpine. (@alpinef1team)\" loading=\"lazy\" width=\"720\" height=\"100\" decoding=\"async\" data-nimg=\"1\" style=\"color:transparent\" src=\"https:\/\/www.europesays.com\/es\/wp-content\/uploads\/2025\/09\/AEqseg0Qd_720x0__1.jpg\"\/>Colapinto en la sala de m\u00e1quinas de Alpine. (@alpinef1team)<a href=\"https:\/\/www.ole.com.ar\/autos\/franco-colapinto-dijo-futuro-flavio-briatore-formula-1-butaca-alpine_0_AMStqbJ1Nj.html\" aria-label=\"Qu\u00e9 dijo Franco Colapinto sobre su futuro en Alpine y su relaci\u00f3n con Briatore\" class=\"sc-198398ff-0 dGmAry\" rel=\"nofollow noopener\" target=\"_blank\"><img alt=\"Qu\u00e9 dijo Franco Colapinto sobre su futuro en Alpine y su relaci\u00f3n con Briatore\" loading=\"lazy\" width=\"290\" height=\"290\" decoding=\"async\" data-nimg=\"1\" style=\"color:transparent\" src=\"https:\/\/www.europesays.com\/es\/wp-content\/uploads\/2025\/09\/F-Sq4rz8r_290x290__1.jpg\"\/><\/p>\n<p>Mir\u00e1 tambi\u00e9nQu\u00e9 dijo Franco Colapinto sobre su futuro en Alpine y su relaci\u00f3n con Briatore<\/p>\n<p><a href=\"https:\/\/www.ole.com.ar\/autos\/valentin-perrone-moto3-2026-tech3-nuevo-companero_0_F9ALgLrDy5.html\" aria-label=\"Valent\u00edn Perrone seguir\u00e1 en Moto3 en 2026 y lo har\u00e1 con un nuevo compa\u00f1ero\" class=\"sc-198398ff-0 dGmAry\" rel=\"nofollow noopener\" target=\"_blank\"><img alt=\"Valent\u00edn Perrone seguir\u00e1 en Moto3 en 2026 y lo har\u00e1 con un nuevo compa\u00f1ero\" loading=\"lazy\" width=\"290\" height=\"290\" decoding=\"async\" data-nimg=\"1\" style=\"color:transparent\" src=\"https:\/\/www.europesays.com\/es\/wp-content\/uploads\/2025\/09\/6y5nMTNR5_290x290__1.jpg\"\/><\/p>\n<p>Mir\u00e1 tambi\u00e9nValent\u00edn Perrone seguir\u00e1 en Moto3 en 2026 y lo har\u00e1 con un nuevo compa\u00f1ero<\/p>\n<p><a href=\"https:\/\/www.ole.com.ar\/autos\/vuelve-galvez-19-edicion-200-km-tc-2000-octava-fecha-temporada_0_1HddsmDgx8.html\" aria-label=\"Los 200 Kil\u00f3metros de Buenos Aires en el G\u00e1lvez: todo lo que ten\u00e9s que saber\" class=\"sc-198398ff-0 dGmAry\" rel=\"nofollow noopener\" target=\"_blank\"><img alt=\"Los 200 Kil\u00f3metros de Buenos Aires en el G\u00e1lvez: todo lo que ten\u00e9s que saber\" loading=\"lazy\" width=\"290\" height=\"290\" decoding=\"async\" data-nimg=\"1\" style=\"color:transparent\" src=\"https:\/\/www.europesays.com\/es\/wp-content\/uploads\/2025\/09\/oufK2GYO-D_290x290__1.jpg\"\/><\/p>\n<p>Mir\u00e1 tambi\u00e9nLos 200 Kil\u00f3metros de Buenos Aires en el G\u00e1lvez: todo lo que ten\u00e9s que saber<\/p>\n","protected":false},"excerpt":{"rendered":"24\/09\/2025 17:25hs. Para Alpine, es importante dejar atr\u00e1s el fin de semana del Gran Premio de Azerbaiy\u00e1n, donde&hellip;\n","protected":false},"author":2,"featured_media":136535,"comment_status":"","ping_status":"","sticky":false,"template":"","format":"standard","meta":{"footnotes":""},"categories":[270],"tags":[1331,168,25,24,306,271,272,1723,23,167],"class_list":{"0":"post-136534","1":"post","2":"type-post","3":"status-publish","4":"format-standard","5":"has-post-thumbnail","7":"category-formula-1","8":"tag-alpine","9":"tag-deportes","10":"tag-es","11":"tag-espana","12":"tag-f1","13":"tag-formula-1","14":"tag-formula1","15":"tag-franco-colapinto","16":"tag-spain","17":"tag-sports"},"share_on_mastodon":{"url":"","error":""},"_links":{"self":[{"href":"https:\/\/www.europesays.com\/es\/wp-json\/wp\/v2\/posts\/136534","targetHints":{"allow":["GET"]}}],"collection":[{"href":"https:\/\/www.europesays.com\/es\/wp-json\/wp\/v2\/posts"}],"about":[{"href":"https:\/\/www.europesays.com\/es\/wp-json\/wp\/v2\/types\/post"}],"author":[{"embeddable":true,"href":"https:\/\/www.europesays.com\/es\/wp-json\/wp\/v2\/users\/2"}],"replies":[{"embeddable":true,"href":"https:\/\/www.europesays.com\/es\/wp-json\/wp\/v2\/comments?post=136534"}],"version-history":[{"count":0,"href":"https:\/\/www.europesays.com\/es\/wp-json\/wp\/v2\/posts\/136534\/revisions"}],"wp:featuredmedia":[{"embeddable":true,"href":"https:\/\/www.europesays.com\/es\/wp-json\/wp\/v2\/media\/136535"}],"wp:attachment":[{"href":"https:\/\/www.europesays.com\/es\/wp-json\/wp\/v2\/media?parent=136534"}],"wp:term":[{"taxonomy":"category","embeddable":true,"href":"https:\/\/www.europesays.com\/es\/wp-json\/wp\/v2\/categories?post=136534"},{"taxonomy":"post_tag","embeddable":true,"href":"https:\/\/www.europesays.com\/es\/wp-json\/wp\/v2\/tags?post=136534"}],"curies":[{"name":"wp","href":"https:\/\/api.w.org\/{rel}","templated":true}]}}