{"id":136538,"date":"2025-09-24T21:26:11","date_gmt":"2025-09-24T21:26:11","guid":{"rendered":"https:\/\/www.europesays.com\/es\/136538\/"},"modified":"2025-09-24T21:26:11","modified_gmt":"2025-09-24T21:26:11","slug":"angel-cristo-jr-reta-de-nuevo-a-barbara-rey-y-asi-reacciona-la-vedette-hasta-luego","status":"publish","type":"post","link":"https:\/\/www.europesays.com\/es\/136538\/","title":{"rendered":"\u00c1ngel Cristo Jr. reta de nuevo a B\u00e1rbara Rey y as\u00ed reacciona la vedette: \u00abHasta luego\u00bb"},"content":{"rendered":"<p data-journey-content=\"true\" data-node-id=\"3\" class=\"css-6wxqfj emevuu60\">La guerra entre B\u00e1rbara Rey y \u00c1ngel Cristo Jr., contin\u00faa su curso. Aunque la vedette est\u00e1 totalmente inmersa en su nuevo proyecto, <strong data-node-id=\"3.1\">los movimientos de su hijo le siguen interceptando. <\/strong>B\u00e1rbara Rey ha regresado a la peque\u00f1a pantalla tras ser fichada como concursante de la segunda edici\u00f3n de &#8216;Bailando con las estrellas&#8217;. El programa ya ha emitido sus dos primeras entregas y en ellas, algunos miembros del jurado han llegado a decirle que es \u00abTodo un privilegio\u00bb verla bailar en directo. Sin embargo, en su \u00faltima actuaci\u00f3n, la vedette recibi\u00f3 cr\u00edticas, que ella se las tom\u00f3 como parte del aprendizaje. <\/p>\n<p data-journey-content=\"true\" data-node-id=\"6\" class=\"css-6wxqfj emevuu60\">Este fin de semana, B\u00e1rbara revelaba a Emma Garc\u00eda <a href=\"https:\/\/www.diezminutos.es\/famosos-corazon\/famosos-espanoles\/a67987716\/barbara-rey-lagrimas-emma-garcia-relacion-angel-cristo-jr-fiesta\/\" target=\"_blank\" data-vars-ga-outbound-link=\"https:\/\/www.diezminutos.es\/famosos-corazon\/famosos-espanoles\/a67987716\/barbara-rey-lagrimas-emma-garcia-relacion-angel-cristo-jr-fiesta\/\" data-vars-ga-ux-element=\"Hyperlink\" data-vars-ga-call-to-action=\"c\u00f3mo est\u00e1 la relaci\u00f3n con su hijo, \u00c1ngel Cristo Jr\" data-node-id=\"6.1\" class=\"body-link css-177bzfx emevuu60\" rel=\"nofollow noopener\">c\u00f3mo est\u00e1 la relaci\u00f3n con su hijo, \u00c1ngel Cristo Jr<\/a>: \u00abNo s\u00e9 si se puede perdonar y volver a abrazar, porque tampoco s\u00e9 si se dar\u00e1 la oportunidad y no me lo quiero plantear en este momento en el que me encuentro muy bien, muy querida y con la conciencia tranquila. <strong data-node-id=\"6.3\">Ante todo, soy madre. Y es una palabra muy grande. <\/strong>Pero nunca olvidar\u00e9 que tambi\u00e9n hay que ser hijo e hija. <strong data-node-id=\"6.5\">Deseo lo mejor a quienes me han hecho da\u00f1o\u00bb<\/strong>, dec\u00eda insinuando que estar\u00eda dispuesta a perdonar. <\/p>\n<p><img draggable=\"true\" alt=\"barbara rey\" title=\"Barbara Rey\" loading=\"lazy\" width=\"2400\" height=\"3600\" decoding=\"async\" data-nimg=\"1\" style=\"color:transparent;width:100%;height:auto;\"   src=\"https:\/\/www.europesays.com\/es\/wp-content\/uploads\/2025\/09\/barbara-rey-bailando-con-las-estrellas-687dfe36de37b.jpg\" class=\"css-0 e1g79fud0\"\/><\/p>\n<p>Gtres<\/p>\n<p data-journey-content=\"true\" data-node-id=\"9\" class=\"css-6wxqfj emevuu60\">De momento, madre e hijo siguen enzarzados en un cruce de reproches p\u00fablicos que, adem\u00e1s de no cerrar heridas, reaviva constantemente su pasado. El ex superviviente ha decidido preparar su propia autobiograf\u00eda: \u00abMi intenci\u00f3n es hacer un libro documentado y bien escrito. Va a tardar\u00bb, cont\u00f3. Este pasado 22 de septiembre, los micr\u00f3fonos y c\u00e1maras de Gtres captaron a la televisiva saliendo de su apartamento de Madrid fue preguntada por el libro que su hijo. Proyecto que su objetivo es <strong data-node-id=\"9.1\">desmontar las memorias de la vedette.<\/strong> \u00abHasta luego, gracias\u00bb, dec\u00eda B\u00e1rbara sin ning\u00fan inter\u00e9s en pronunciarse.  <\/p>\n<p><img src=\"https:\/\/www.europesays.com\/es\/wp-content\/uploads\/2025\/09\/7da8ebb3-708e-4d61-a7fa-760a9f0a0b2a_1684752558.file\" alt=\"Headshot of Montevirgen Jim\u00e9nez\" title=\"Headshot of Montevirgen Jim\u00e9nez\" width=\"100%\" height=\"100%\" decoding=\"async\" loading=\"lazy\" class=\"css-o0wq4v ev8dhu53\"\/><\/p>\n<p>Montevirgen Jim\u00e9nez es redactora experta en \u2018S\u00e1lvame\u2019, \u2018El Hormiguero\u2019 y de todos los personajes que lo rodean. Lleva el periodismo en la sangre, y m\u00e1s si se trata de la prensa del coraz\u00f3n. Aparte de ser su actual profesi\u00f3n como periodista, la vida de los famosos pertenece a su d\u00eda a d\u00eda, puesto que el consumo de redes sociales, realities y programas de entretenimiento ya pertenece a su estilo de vida. Es toda una apasionada del entretenimiento en estado puro. No solo se trata de contar lo que ha sucedido, sino c\u00f3mo contarlo para llegar en profundidad al lector. \u00a0\u00a0<\/p>\n<p>Una gran apasionada de c\u00f3mo avanza el nuevo periodismo con otros tipos de plataformas como son Instagram, Twitch, y uno de las m\u00e1s enriquecedoras del momento: Tik Tok. Se podr\u00eda decir que \u2018S\u00e1lvame\u2019 es como su segunda casa. \u00a0\u00a0<\/p>\n<p>Sus inicios fueron en la radio, en concreto en la Cadena Cope, y se especializ\u00f3 en llevar las redes de uno de los programas m\u00e1s conocidos de la casa. De ah\u00ed pas\u00f3 a colaborar para la revista Diez Minutos donde se encarga de generar al instante todo lo que ocurre en la actualidad con nuestras celebrities. \u00a0<\/p>\n<p>Monte Jim\u00e9nez es graduada en Periodismo en la Universidad Pontificia de Salamanca y tiene un M\u00e1ster en radio de la Fundaci\u00f3n Cope. Si hay algo que la defina es el entretenimiento y estar actualizada en todo lo relacionado con la moda, tendencias, las rupturas y romances de nuestros famosos. La actualidad es su plato fuerte. \u00a0<\/p>\n","protected":false},"excerpt":{"rendered":"La guerra entre B\u00e1rbara Rey y \u00c1ngel Cristo Jr., contin\u00faa su curso. Aunque la vedette est\u00e1 totalmente inmersa&hellip;\n","protected":false},"author":2,"featured_media":136539,"comment_status":"","ping_status":"","sticky":false,"template":"","format":"standard","meta":{"footnotes":""},"categories":[174],"tags":[255,253,146,147,25,24,256,23],"class_list":{"0":"post-136538","1":"post","2":"type-post","3":"status-publish","4":"format-standard","5":"has-post-thumbnail","7":"category-famosos","8":"tag-celebrities","9":"tag-discover","10":"tag-entertainment","11":"tag-entretenimiento","12":"tag-es","13":"tag-espana","14":"tag-famosos","15":"tag-spain"},"share_on_mastodon":{"url":"","error":""},"_links":{"self":[{"href":"https:\/\/www.europesays.com\/es\/wp-json\/wp\/v2\/posts\/136538","targetHints":{"allow":["GET"]}}],"collection":[{"href":"https:\/\/www.europesays.com\/es\/wp-json\/wp\/v2\/posts"}],"about":[{"href":"https:\/\/www.europesays.com\/es\/wp-json\/wp\/v2\/types\/post"}],"author":[{"embeddable":true,"href":"https:\/\/www.europesays.com\/es\/wp-json\/wp\/v2\/users\/2"}],"replies":[{"embeddable":true,"href":"https:\/\/www.europesays.com\/es\/wp-json\/wp\/v2\/comments?post=136538"}],"version-history":[{"count":0,"href":"https:\/\/www.europesays.com\/es\/wp-json\/wp\/v2\/posts\/136538\/revisions"}],"wp:featuredmedia":[{"embeddable":true,"href":"https:\/\/www.europesays.com\/es\/wp-json\/wp\/v2\/media\/136539"}],"wp:attachment":[{"href":"https:\/\/www.europesays.com\/es\/wp-json\/wp\/v2\/media?parent=136538"}],"wp:term":[{"taxonomy":"category","embeddable":true,"href":"https:\/\/www.europesays.com\/es\/wp-json\/wp\/v2\/categories?post=136538"},{"taxonomy":"post_tag","embeddable":true,"href":"https:\/\/www.europesays.com\/es\/wp-json\/wp\/v2\/tags?post=136538"}],"curies":[{"name":"wp","href":"https:\/\/api.w.org\/{rel}","templated":true}]}}