{"id":136592,"date":"2025-09-24T22:01:07","date_gmt":"2025-09-24T22:01:07","guid":{"rendered":"https:\/\/www.europesays.com\/es\/136592\/"},"modified":"2025-09-24T22:01:07","modified_gmt":"2025-09-24T22:01:07","slug":"efecto-doppler-culturopolis-pensar-los-derechos-culturales","status":"publish","type":"post","link":"https:\/\/www.europesays.com\/es\/136592\/","title":{"rendered":"Efecto Doppler &#8211; CULTUR\u00d3POLIS, pensar los derechos culturales"},"content":{"rendered":"<p>Esta noche hablamos de CULTUR\u00d3POLIS, la segunda edici\u00f3n de la iniciativa que impulsa la Diputaci\u00f3n de Barcelona para reflexionar sobre los derechos culturales dentro del \u00c1gora C\u00edvica de Mondiacult. Nos acompa\u00f1a Daniel Granados, delegado de derechos culturales de la diputaci\u00f3n.<\/p>\n<p>Entrevistamos a Elaine Vilar Madruga por \u00abEl cielo de la selva\u00bb, novela de terror en donde las madres son obligadas a criar a sus propios hijos como futuro alimento. Alegor\u00eda espeluznante sobre el cuerpo de las mujeres, la maternidad y la desposesi\u00f3n. <\/p>\n<p>Y terminamos hablando de \u00abinmortalidad digital\u00bb a trav\u00e9s del libro del mismo t\u00edtulo de la fil\u00f3sofa Raquel Ferr\u00e1ndez. \u00bfQueremos vivir en un mundo en el que seguimos conectados incluso despu\u00e9s de morir? <\/p>\n","protected":false},"excerpt":{"rendered":"Esta noche hablamos de CULTUR\u00d3POLIS, la segunda edici\u00f3n de la iniciativa que impulsa la Diputaci\u00f3n de Barcelona para&hellip;\n","protected":false},"author":2,"featured_media":136593,"comment_status":"","ping_status":"","sticky":false,"template":"","format":"standard","meta":{"footnotes":""},"categories":[8],"tags":[17,18,43142,37816,25,24,13,14,11,19,20,9,10,15,16,133,43143,1448,1986,1987,23,12,21,22],"class_list":{"0":"post-136592","1":"post","2":"type-post","3":"status-publish","4":"format-standard","5":"has-post-thumbnail","7":"category-espana","8":"tag-breaking-news","9":"tag-breakingnews","10":"tag-culturopolis","11":"tag-efecto-doppler","12":"tag-es","13":"tag-espana","14":"tag-featured-news","15":"tag-featurednews","16":"tag-headlines","17":"tag-latest-news","18":"tag-latestnews","19":"tag-news","20":"tag-noticias","21":"tag-noticias-destacadas","22":"tag-noticiasdestacadas","23":"tag-online","24":"tag-pensar-los-derechos-culturales","25":"tag-radio","26":"tag-rne","27":"tag-rtve-play","28":"tag-spain","29":"tag-titulares","30":"tag-ultimas-noticias","31":"tag-ultimasnoticias"},"share_on_mastodon":{"url":"","error":""},"_links":{"self":[{"href":"https:\/\/www.europesays.com\/es\/wp-json\/wp\/v2\/posts\/136592","targetHints":{"allow":["GET"]}}],"collection":[{"href":"https:\/\/www.europesays.com\/es\/wp-json\/wp\/v2\/posts"}],"about":[{"href":"https:\/\/www.europesays.com\/es\/wp-json\/wp\/v2\/types\/post"}],"author":[{"embeddable":true,"href":"https:\/\/www.europesays.com\/es\/wp-json\/wp\/v2\/users\/2"}],"replies":[{"embeddable":true,"href":"https:\/\/www.europesays.com\/es\/wp-json\/wp\/v2\/comments?post=136592"}],"version-history":[{"count":0,"href":"https:\/\/www.europesays.com\/es\/wp-json\/wp\/v2\/posts\/136592\/revisions"}],"wp:featuredmedia":[{"embeddable":true,"href":"https:\/\/www.europesays.com\/es\/wp-json\/wp\/v2\/media\/136593"}],"wp:attachment":[{"href":"https:\/\/www.europesays.com\/es\/wp-json\/wp\/v2\/media?parent=136592"}],"wp:term":[{"taxonomy":"category","embeddable":true,"href":"https:\/\/www.europesays.com\/es\/wp-json\/wp\/v2\/categories?post=136592"},{"taxonomy":"post_tag","embeddable":true,"href":"https:\/\/www.europesays.com\/es\/wp-json\/wp\/v2\/tags?post=136592"}],"curies":[{"name":"wp","href":"https:\/\/api.w.org\/{rel}","templated":true}]}}