{"id":136610,"date":"2025-09-24T22:16:08","date_gmt":"2025-09-24T22:16:08","guid":{"rendered":"https:\/\/www.europesays.com\/es\/136610\/"},"modified":"2025-09-24T22:16:08","modified_gmt":"2025-09-24T22:16:08","slug":"de-hey-jules-a-hey-jude-como-paul-mccartney-convirtio-una-visita-familiar-en-un-clasico-mundial","status":"publish","type":"post","link":"https:\/\/www.europesays.com\/es\/136610\/","title":{"rendered":"De \u201cHey Jules\u201d a \u201cHey Jude\u201d: c\u00f3mo Paul McCartney convirti\u00f3 una visita familiar en un cl\u00e1sico mundial"},"content":{"rendered":"<p>Paul McCartney compuso &#8216;Hey Jude&#8217; en 1968 para consolar a Julian Lennon tras la separaci\u00f3n de sus padres <\/p>\n<p class=\"paragraph\">Transcurr\u00eda el verano de 1968 en Londres. <a rel=\"noopener noreferrer nofollow\" href=\"https:\/\/www.infobae.com\/entretenimiento\/2024\/06\/18\/la-verdadera-historia-de-let-it-be-la-cancion-de-los-beatles-que-fue-escrita-por-paul-mccartney-para-su-madre\/\" target=\"_blank\" title=\"https:\/\/www.infobae.com\/entretenimiento\/2024\/06\/18\/la-verdadera-historia-de-let-it-be-la-cancion-de-los-beatles-que-fue-escrita-por-paul-mccartney-para-su-madre\/\"><b>Paul McCartney<\/b><\/a><b> compon\u00eda una de las melod\u00edas m\u00e1s emblem\u00e1ticas de The Beatles<\/b> que, d\u00e9cadas despu\u00e9s, resonar\u00eda en el mundo entero. Se trataba de Hey Jude, una canci\u00f3n que naci\u00f3 con el fin de consolar a <a rel=\"noopener noreferrer nofollow\" href=\"https:\/\/www.infobae.com\/historias\/2023\/04\/08\/julian-lennon-cumple-60-el-abandono-de-su-padre-la-cancion-que-le-compuso-su-tio-paul-y-un-mensaje-del-mas-alla\/\" target=\"_blank\" title=\"https:\/\/www.infobae.com\/historias\/2023\/04\/08\/julian-lennon-cumple-60-el-abandono-de-su-padre-la-cancion-que-le-compuso-su-tio-paul-y-un-mensaje-del-mas-alla\/\">Julian Lennon<\/a>, hijo de su compa\u00f1ero John Lennon, tras la reciente separaci\u00f3n de sus padres. <b>Inicialmente, el tema fue titulado con un nombre diferente al que se conoce hoy. <\/b>El p\u00fablico la escuch\u00f3 por primera vez ese mismo a\u00f1o y, apenas publicada, se transform\u00f3 en un suceso global cuya repercusi\u00f3n cultural y emocional a\u00fan persiste.<\/p>\n<p class=\"paragraph\">Hey Jude surgi\u00f3 en un momento definitorio para los integrantes del grupo. Seg\u00fan Billboard Argentina, <b>el origen de la canci\u00f3n se vincula a la situaci\u00f3n familiar de John Lennon<\/b>. Paul McCartney comenz\u00f3 a componer la letra en<b> junio de 1968<\/b> durante un trayecto en auto hacia Surrey, donde visit\u00f3 a Cynthia Lennon y a Julian, el hijo de John, pocos d\u00edas despu\u00e9s de la separaci\u00f3n de la pareja. <b>El t\u00edtulo inicial fue <\/b><b>Hey Jules<\/b><b>, en referencia a Julian<\/b>. Sin embargo, McCartney decidi\u00f3 modificarlo porque, a su juicio, \u201csonaba mejor\u201d el nombre \u201cJude\u201d.<\/p>\n<p class=\"paragraph\">El proceso de grabaci\u00f3n se realiz\u00f3 en dos de los estudios m\u00e1s prestigiosos de Londres. La primera parte se registr\u00f3 en <b>Abbey Road<\/b> <b>el 31 de julio de 1968<\/b>. En esa sesi\u00f3n participaron Paul McCartney en el piano, George Harrison en la guitarra el\u00e9ctrica, John Lennon en la guitarra ac\u00fastica y Ringo Starr en la bater\u00eda y pandereta. Posteriormente, la banda se traslad\u00f3 a Trident Studios, donde aprovecharon los recursos t\u00e9cnicos avanzados, como la grabadora de ocho pistas. <b>Esta tecnolog\u00eda facilit\u00f3 una orquestaci\u00f3n m\u00e1s compleja. <\/b>Adem\u00e1s, se sumaron 36 m\u00fasicos cl\u00e1sicos, lo que otorg\u00f3 a la canci\u00f3n una dimensi\u00f3n orquestal inusual hasta ese momento para el grupo.<\/p>\n<p><img alt=\"Julian Lennon descubri\u00f3 a\u00f1os despu\u00e9s\" class=\"global-image\" decoding=\"async\" fetchpriority=\"low\" height=\"3813\" loading=\"lazy\" src=\"https:\/\/www.europesays.com\/es\/wp-content\/uploads\/2025\/09\/62LAZKNFWX4EAR4CTVDVRPSGVY.jpg\" width=\"5500\"\/>Julian Lennon descubri\u00f3 a\u00f1os despu\u00e9s que la canci\u00f3n estaba dedicada a \u00e9l y valor\u00f3 el apoyo de McCartney (REUTERS\/Mario Anzuoni)<\/p>\n<p class=\"paragraph\"><b>La letra de <\/b><b>Hey Jude<\/b><b> dio lugar a m\u00faltiples interpretaciones y especulaciones<\/b>. John Lennon crey\u00f3 durante mucho tiempo que la canci\u00f3n estaba dirigida a \u00e9l, por el contexto de su divorcio y su nueva convivencia con Yoko Ono. No fue hasta 1987 que Paul McCartney le explic\u00f3 a Julian que la canci\u00f3n realmente estaba inspirada en \u00e9l y que el mensaje buscaba transmitir consuelo y apoyo durante una etapa dif\u00edcil. <b>Julian Lennon expres\u00f3 en varias ocasiones que mantuvo una relaci\u00f3n cercana y afectuosa con Paul<\/b>, incluso m\u00e1s que con su propio padre en ciertos momentos.<\/p>\n<p class=\"paragraph\"><b>El \u00e9xito de la canci\u00f3n fue inmediato y contundente<\/b>. De acuerdo con Billboard Argentina, el tema alcanz\u00f3 el primer puesto en las listas de \u00e9xitos en m\u00e1s de doce pa\u00edses. En Estados Unidos, <b>lider\u00f3 el Billboard Hot 100 durante nueve semanas consecutivas<\/b>, estableciendo un r\u00e9cord para el grupo. Adem\u00e1s, vendi\u00f3 m\u00e1s de cinco millones de copias en solo seis meses, lo que la posicion\u00f3 como uno de los sencillos m\u00e1s vendidos en la historia de la banda.<\/p>\n<p><img alt=\"La grabaci\u00f3n de 'Hey Jude'\" class=\"global-image\" decoding=\"async\" fetchpriority=\"low\" height=\"1080\" loading=\"lazy\" src=\"https:\/\/www.europesays.com\/es\/wp-content\/uploads\/2025\/09\/I5SCLBIDQJGGTAX4K6JWB247HE.jpg\" width=\"1920\"\/>La grabaci\u00f3n de &#8216;Hey Jude&#8217; incluy\u00f3 a los cuatro Beatles y una orquesta de 36 m\u00fasicos en estudios de Londres (Captura de video)<\/p>\n<p class=\"paragraph\">El impacto no se limit\u00f3 \u00fanicamente a sus cifras de ventas. Hey Jude se consolid\u00f3 como un himno de la paz y la esperanza en un periodo marcado por conflictos sociales y pol\u00edticos a nivel global. Durante la d\u00e9cada de 1970, diversos movimientos de protesta y campa\u00f1as vinculadas a los derechos civiles tomaron el tema como s\u00edmbolo de resistencia y optimismo. En los a\u00f1os ochenta, el valor nost\u00e1lgico y la sensaci\u00f3n de unidad capturaron la atenci\u00f3n de los seguidores de The Beatles, que, <b>ante la disoluci\u00f3n de la banda, encontraron en la canci\u00f3n un refugio emocional<\/b> y un motivo de encuentro.<\/p>\n<p class=\"paragraph\">La influencia de Hey Jude tambi\u00e9n se extiende a otros \u00e1mbitos. El deporte y, en particular, el f\u00fatbol incorporaron la canci\u00f3n en celebraciones y c\u00e1nticos colectivos. En los estadios, <b>el coro fue adoptado como una expresi\u00f3n de alegr\u00eda y de identidad colectiva. <\/b>Seg\u00fan el medio mencionado, los aficionados del Manchester City hicieron de esta canci\u00f3n uno de sus himnos, atribuyendo este hecho a la coincidencia entre el lanzamiento del sencillo y la conquista del segundo t\u00edtulo de liga por parte del club.<\/p>\n<p><img alt=\"La evoluci\u00f3n musical de la\" class=\"global-image\" decoding=\"async\" fetchpriority=\"low\" height=\"2100\" loading=\"lazy\" src=\"https:\/\/www.europesays.com\/es\/wp-content\/uploads\/2025\/09\/1758752168_822_L2TASSQFB5FZTF5Q77ZRPT54SM.jpg\" width=\"3407\"\/>La evoluci\u00f3n musical de la canci\u00f3n, de un inicio \u00edntimo a un final monumental, marc\u00f3 un hito en la discograf\u00eda de The Beatles (AP Foto)<\/p>\n<p class=\"paragraph\">Uno de los rasgos m\u00e1s distintivos del tema es su evoluci\u00f3n musical a lo largo de sus minutos. <b>El inicio presenta un acompa\u00f1amiento simple de piano, voz y guitarra ac\u00fastica, con un tono \u00edntimo y cercano.<\/b> M\u00e1s adelante, la inclusi\u00f3n de la secci\u00f3n de cuerdas y metales, sumada a la participaci\u00f3n de m\u00e1s de treinta m\u00fasicos, confiere a la canci\u00f3n una calidad monumental que acent\u00faa su car\u00e1cter emotivo y universal. El tramo final, con la repetici\u00f3n del estribillo y la intensidad creciente del acompa\u00f1amiento instrumental, se convirti\u00f3 en uno de los momentos m\u00e1s emblem\u00e1ticos de la discograf\u00eda del grupo y de la m\u00fasica popular del siglo XX.<\/p>\n<p class=\"paragraph\"><b>Hoy,<\/b><b> Hey Jude<\/b><b> contin\u00faa como un testimonio de la capacidad creativa de The Beatles y de su vigencia en la cultura contempor\u00e1nea<\/b>. El tema representa una s\u00edntesis de la sensibilidad art\u00edstica de la banda y de su poder para conectar con el p\u00fablico. <\/p>\n","protected":false},"excerpt":{"rendered":"Paul McCartney compuso &#8216;Hey Jude&#8217; en 1968 para consolar a Julian Lennon tras la separaci\u00f3n de sus padres&hellip;\n","protected":false},"author":2,"featured_media":136611,"comment_status":"","ping_status":"","sticky":false,"template":"","format":"standard","meta":{"footnotes":""},"categories":[170],"tags":[146,8117,147,25,24,184,185,23,1559],"class_list":{"0":"post-136610","1":"post","2":"type-post","3":"status-publish","4":"format-standard","5":"has-post-thumbnail","7":"category-musica","8":"tag-entertainment","9":"tag-entertainment-and-lifestyle","10":"tag-entretenimiento","11":"tag-es","12":"tag-espana","13":"tag-music","14":"tag-musica","15":"tag-spain","16":"tag-us"},"share_on_mastodon":{"url":"","error":""},"_links":{"self":[{"href":"https:\/\/www.europesays.com\/es\/wp-json\/wp\/v2\/posts\/136610","targetHints":{"allow":["GET"]}}],"collection":[{"href":"https:\/\/www.europesays.com\/es\/wp-json\/wp\/v2\/posts"}],"about":[{"href":"https:\/\/www.europesays.com\/es\/wp-json\/wp\/v2\/types\/post"}],"author":[{"embeddable":true,"href":"https:\/\/www.europesays.com\/es\/wp-json\/wp\/v2\/users\/2"}],"replies":[{"embeddable":true,"href":"https:\/\/www.europesays.com\/es\/wp-json\/wp\/v2\/comments?post=136610"}],"version-history":[{"count":0,"href":"https:\/\/www.europesays.com\/es\/wp-json\/wp\/v2\/posts\/136610\/revisions"}],"wp:featuredmedia":[{"embeddable":true,"href":"https:\/\/www.europesays.com\/es\/wp-json\/wp\/v2\/media\/136611"}],"wp:attachment":[{"href":"https:\/\/www.europesays.com\/es\/wp-json\/wp\/v2\/media?parent=136610"}],"wp:term":[{"taxonomy":"category","embeddable":true,"href":"https:\/\/www.europesays.com\/es\/wp-json\/wp\/v2\/categories?post=136610"},{"taxonomy":"post_tag","embeddable":true,"href":"https:\/\/www.europesays.com\/es\/wp-json\/wp\/v2\/tags?post=136610"}],"curies":[{"name":"wp","href":"https:\/\/api.w.org\/{rel}","templated":true}]}}