{"id":136612,"date":"2025-09-24T22:17:10","date_gmt":"2025-09-24T22:17:10","guid":{"rendered":"https:\/\/www.europesays.com\/es\/136612\/"},"modified":"2025-09-24T22:17:10","modified_gmt":"2025-09-24T22:17:10","slug":"la-memoria-de-gregorio-ordonez-y-el-honor-de-los-que-derrotaron-a-eta","status":"publish","type":"post","link":"https:\/\/www.europesays.com\/es\/136612\/","title":{"rendered":"La memoria de Gregorio Ord\u00f3\u00f1ez y el honor de los que derrotaron a ETA"},"content":{"rendered":"<p class=\"voc-author__name\">\nFernando Mu\u00f1oz\n<\/p>\n<p class=\"voc-author__special\">San Sebasti\u00e1n<\/p>\n<p>24\/09\/2025<br \/>\n<br \/><strong><br \/>\nActualizado a las 23:24h.<br \/>\n<\/strong><\/p>\n<p class=\"voc-p\" style=\"\">\u00abUn pueblo sin memoria es un pueblo sin futuro\u00bb, se lee sobre una arrebatadora estampa de la Playa de la Concha. Es la escena que cierra el conmovedor y did\u00e1ctico documental &#8216;<a href=\"https:\/\/www.diariovasco.com\/culturas\/zinemaldia\/pase-gregorio-ordonez-asesinato-desperto-rebelion-eta-20250924204907-vi.html\" title=\"www.diariovasco.com\" data-voc-vtm-id=\"in-text-traffic\" data-mrf-link=\"www.diariovasco.com\" rel=\"nofollow noopener\" target=\"_blank\">Gregorio Ord\u00f3\u00f1ez, el asesinato que despert\u00f3 la rebeli\u00f3n contra ETA<\/a>&#8216;, una producci\u00f3n de &#8216;El diario vasco&#8217; que ayer se pudo ver en el Festival de San Sebasti\u00e1n y que present\u00f3 su director, <strong>David Taberna<\/strong>, que firma el trabajo junto a <strong>Arantxa Aldaz y Javier Rold\u00e1n<\/strong>. Taberna reivindic\u00f3 el papel de los periodistas que intentaron ser \u00abel faro\u00bb para marcar la l\u00ednea entre \u00ablo que estaba bien y lo que estaba mal\u00bb: \u00abEstamos convencidos de que la memoria es una de las mejores medicinas para mantener fuerte el sistema inmunitario de una democracia que unos pocos intentaron poner en peligro durante muchos a\u00f1os\u00bb, reclam\u00f3. Y record\u00f3 que a apenas unos metros de los Cines Trueba -donde se proyectaba el documental- fue asesinado Gregorio Ord\u00f3\u00f1ez, al que defini\u00f3 como un \u00abpol\u00edtico inusual que trabajaba a pie de calle\u00bb: \u00abSu partido [el PP] hab\u00eda sido el m\u00e1s votado en las \u00faltimas elecciones y parec\u00eda que se iba a convertir en el pr\u00f3ximo alcalde de esta ciudad y lo que hizo ETA fue violentar la voluntad de la ciudadan\u00eda e intentar reventar la democracia\u00bb. <\/p>\n<p><img decoding=\"async\" loading=\"lazy\" src=\"https:\/\/www.europesays.com\/es\/wp-content\/uploads\/2025\/09\/1501142161-kSVE--760x427@diario_abc.jpg\" class=\"voc-img\" width=\"760\" height=\"427\" alt=\"El equipo de 'Un fantasma en la batalla' durante la presentaci\u00f3n en el Festival de San Sebasti\u00e1n\" data-voc-vtm-id=\"in-text-traffic\"\/><\/p>\n<p>El equipo de &#8216;Un fantasma en la batalla&#8217; durante la presentaci\u00f3n en el Festival de San Sebasti\u00e1n<\/p>\n<p>EP<\/p>\n<p>\nOperaci\u00f3n Santuario en &#8216;Un fantasma en la batalla&#8217;\n<\/p>\n<p class=\"voc-p\" style=\"\">El asesinato en el bar La Cepa del concejal Ord\u00f3\u00f1ez es una de las primeras escenas de <a href=\"https:\/\/www.abc.es\/play\/cine\/fantasma-batalla-ruta-llegar-cima-infiltrada-20250924141159-nt.html\" data-voc-vtm-id=\"in-text-traffic\" title=\"&#039;Un fantasma en la batalla&#039;\" rel=\"nofollow noopener\" target=\"_blank\">&#8216;Un fantasma en la batalla&#8217;<\/a>, la pel\u00edcula de Agust\u00edn D\u00edaz Yanes que se pudo ver en Secci\u00f3n Oficial fuera de concurso y que honra el legado de aquellos guardias civiles que ayudaron a debilitar a la banda terrorista hasta su derrota final. Pone el foco el director y guionista (de un proyecto que comenz\u00f3 a escribir hace siete a\u00f1os, mucho antes del estreno de &#8216;La infiltrada&#8217;) en otra infiltrada entre terroristas. En este caso, una agente de la Guardia Civil que fue clave en que la Operaci\u00f3n Santuario fuera exitosa. \u00abEs quiz\u00e1 la operaci\u00f3n m\u00e1s importante de la historia de la Guardia Civil, que despleg\u00f3 m\u00e1s de 400 hombres durante 12 a\u00f1os, y logr\u00f3 desmantelar los zulos de ETA, con lo que se pudo desmantelar a los terroristas\u00bb, explica en una entrevista con ABC el cineasta, que tambi\u00e9n pone el acento en la memoria de aquellos a\u00f1os de plomo y sinraz\u00f3n. \u00abA ETA no se la estudia en los colegios&#8230; La memoria es muy corta, cada vez lo es m\u00e1s, y los acontecimientos importantes se desdibujan\u00bb, lamenta el director. <\/p>\n<p class=\"voc-p\" style=\"\">\u00abVamos a ser sensatos, despu\u00e9s de la Transici\u00f3n, [el terrorismo] ha sido el acontecimiento m\u00e1s importante de la historia de Espa\u00f1a, cerca de mil muertos, la sociedad destruida&#8230; Terrible\u00bb, lamenta el director, que es cuidadoso con las palabras que escoge por respeto \u00aba las v\u00edctimas que sufrieron tanto\u00bb. \u00abHace 20 o 30 a\u00f1os, esta misma pel\u00edcula en esta ciudad hubiera sido recibida de manera muy distinta. Pero la historia va en movimiento&#8230;\u00bb, remata. Por desgracia, a Gregorio Ord\u00f3\u00f1ez lo asesinaron demasiado pronto para ver una pel\u00edcula as\u00ed en su ciudad sin el miedo a los terroristas. <\/p>\n<p>Reportar un error<\/p>\n","protected":false},"excerpt":{"rendered":"Fernando Mu\u00f1oz San Sebasti\u00e1n 24\/09\/2025 Actualizado a las 23:24h. \u00abUn pueblo sin memoria es un pueblo sin futuro\u00bb,&hellip;\n","protected":false},"author":2,"featured_media":136613,"comment_status":"","ping_status":"","sticky":false,"template":"","format":"standard","meta":{"footnotes":""},"categories":[169],"tags":[177,43148,146,147,25,24,2152,176,8727,9228,911,175,36013,23],"class_list":{"0":"post-136612","1":"post","2":"type-post","3":"status-publish","4":"format-standard","5":"has-post-thumbnail","7":"category-cine","8":"tag-cine","9":"tag-derrotaron","10":"tag-entertainment","11":"tag-entretenimiento","12":"tag-es","13":"tag-espana","14":"tag-eta","15":"tag-film","16":"tag-gregorio","17":"tag-honor","18":"tag-memoria","19":"tag-movies","20":"tag-ordonez","21":"tag-spain"},"share_on_mastodon":{"url":"","error":""},"_links":{"self":[{"href":"https:\/\/www.europesays.com\/es\/wp-json\/wp\/v2\/posts\/136612","targetHints":{"allow":["GET"]}}],"collection":[{"href":"https:\/\/www.europesays.com\/es\/wp-json\/wp\/v2\/posts"}],"about":[{"href":"https:\/\/www.europesays.com\/es\/wp-json\/wp\/v2\/types\/post"}],"author":[{"embeddable":true,"href":"https:\/\/www.europesays.com\/es\/wp-json\/wp\/v2\/users\/2"}],"replies":[{"embeddable":true,"href":"https:\/\/www.europesays.com\/es\/wp-json\/wp\/v2\/comments?post=136612"}],"version-history":[{"count":0,"href":"https:\/\/www.europesays.com\/es\/wp-json\/wp\/v2\/posts\/136612\/revisions"}],"wp:featuredmedia":[{"embeddable":true,"href":"https:\/\/www.europesays.com\/es\/wp-json\/wp\/v2\/media\/136613"}],"wp:attachment":[{"href":"https:\/\/www.europesays.com\/es\/wp-json\/wp\/v2\/media?parent=136612"}],"wp:term":[{"taxonomy":"category","embeddable":true,"href":"https:\/\/www.europesays.com\/es\/wp-json\/wp\/v2\/categories?post=136612"},{"taxonomy":"post_tag","embeddable":true,"href":"https:\/\/www.europesays.com\/es\/wp-json\/wp\/v2\/tags?post=136612"}],"curies":[{"name":"wp","href":"https:\/\/api.w.org\/{rel}","templated":true}]}}