{"id":136618,"date":"2025-09-24T22:20:13","date_gmt":"2025-09-24T22:20:13","guid":{"rendered":"https:\/\/www.europesays.com\/es\/136618\/"},"modified":"2025-09-24T22:20:13","modified_gmt":"2025-09-24T22:20:13","slug":"hoy-en-dia-ya-no-tengo-miedo","status":"publish","type":"post","link":"https:\/\/www.europesays.com\/es\/136618\/","title":{"rendered":"\u201cHoy en d\u00eda ya no tengo miedo\u00bb"},"content":{"rendered":"<p><strong>Mar Flores<\/strong> (56 a\u00f1os) ha dejado de esconderse. Tras la publicaci\u00f3n de &#8216;Mar en calma&#8217;, las memorias donde ha narrado los episodios m\u00e1s importantes y pol\u00e9micos de su vida, la modelo se ha enfrentado a numerosas cr\u00edticas, comentarios y a la versi\u00f3n de algunos de los personajes a los que nombra en el libro. Harta, cansada y con una energ\u00eda renovada, la madre de Carlo Costanzia <strong>ha roto su silencio de una vez por todas.\u00a0<\/strong><\/p>\n<p>Despu\u00e9s de dar varias entrevistas, convertirse de nuevo en colaboradora de &#8216;Y ahora Sonsoles&#8217; y aclarar algunas dudas sobre su relato en la publicaci\u00f3n, este mi\u00e9rcoles 24 de septiembre Mar ha presentado su libro en la Gran V\u00eda de Madrid, donde numerosos periodistas, amigos y caras cercanas se han acercado para apoyarla. Eso s\u00ed, <strong>la tambi\u00e9n presentadora ha aclarado que ya no es la de antes y que ahora se enfrentar\u00e1 a todo lo que se le ponga por delante.\u00a0<\/strong><\/p>\n<p>Hace unos d\u00edas desde &#8216;\u00a1De Viernes!&#8217;, su exmarido Carlo Costanzia, uno de los m\u00e1s perjudicados en las memorias de Mar, anunci\u00f3 que la modelo estaba mintiendo y que por ello iba a tomar las medidas legales oportunas: \u00abEn lo que respecta a m\u00ed es falso. Ni m\u00e1s ni menos. Como son falsedades,<strong>\u00a0voy a pedir amparo a la justicia. Har\u00e9 lo que tenga que hacer<\/strong>\u00ab, <a href=\"http:\/\/m\/actualidad\/mar-flores-prepara-su-respuesta-carlo-costanzia-padre-entrevista-late-xou-tve-tras-sus-duras-acusaciones_181600\" rel=\"nofollow\">dijo el suegro de Alejandra Rubio muy enfadado.\u00a0<\/a><\/p>\n<p><img decoding=\"async\" src=\"https:\/\/www.europesays.com\/es\/wp-content\/uploads\/2025\/09\/kiko-rivera-irene-rosales_42db4080_028_250924143456_800x800.webp.webp\" alt=\"Kiko Rivera Irene Rosales\" class=\"image lazyload\"\/><img loading=\"lazy\" decoding=\"async\" src=\"https:\/\/www.europesays.com\/es\/wp-content\/uploads\/2025\/09\/kiko-rivera-irene-rosales_42db4080_028_250924143501_1280x720.webp.webp\" alt=\"El \u00faltimo movimiento de Kiko Rivera que pone a Irene Rosales contra las cuerdas tras su separaci\u00f3n\" class=\"image lazyload\" width=\"1280\" height=\"720\" data-aspectratio=\"1280\/720\"\/><\/p>\n<p>Fue sin duda una amenaza en toda regla, pero Mar Flores ha asegurado que hasta hoy no ha sido consciente de las palabras de su ex. No est\u00e1 pendiente de la prensa y de los programas y por eso no ha conoc\u00eda la idea de Carlo Costanzia padre. Eso s\u00ed, la tambi\u00e9n actriz ha dejado clara una cosa: a partir de ahora las cosas van a cambiar porque no va a permitir que nadie la vuelta a silenciar.\u00a0<\/p>\n<p><img loading=\"lazy\" decoding=\"async\"   src=\"https:\/\/www.europesays.com\/es\/wp-content\/uploads\/2025\/09\/mar-flores_e0901a48_250924201434_1200x1800.webp.webp\" alt=\"Mar Flores \" class=\"lazyload\" width=\"1200\" height=\"1800\" data-aspectratio=\"1200\/1800\"\/><\/p>\n<p>Mar Flores presenta sus memorias en Madrid.\u00a0<\/p>\n<p>&#13;Gtres<\/p>\n<p>\u00a0<\/p>\n<p>\u00ab<strong>Si hay algo de lo que me siento orgullosa es de estar aqu\u00ed hoy en calma y con tranquilidad, de haber perdonado a los que me han hecho da\u00f1o y de sentir que no tengo que dar un paso agresivo hacia nadie<\/strong>\u00ab, ha comenzado diciendo Mar en respuesta a la supuesta demanda. \u00abNo se olvidan los malos ratos y no se olvida el sufrimiento, pero se perdona y es algo que ya he dicho. Mi libro es el fruto de sanaci\u00f3n\u00bb, ha a\u00f1adido tras ser preguntada sobre el dolor que pudo padecer con algunos titulares de algunos a\u00f1os.\u00a0<\/p>\n<p>Pero ha sido tan solo unos segundos despu\u00e9s cuando ha hecho hincapi\u00e9 en que ya no es aquella mujer que se daba la vuelta o guardaba silencio: \u00abHubo un momento de mi vida que tuve mucho miedo y me he escondido o me he callado. Quiz\u00e1 he retirado denuncias. Pero que <strong>hoy en d\u00eda no tengo miedo, no me voy a esconder y si me ponen una denuncia pues ir\u00e9 adelante, y si la tengo que poner pues la pondr\u00e9 tambi\u00e9n\u00bb,<\/strong> ha afirmado tajante.\u00a0<\/p>\n<p>Adem\u00e1s, la protagonista del momento ha asegurado que esta publicaci\u00f3n le ha hecho estar mucho mejor consigo misma. \u00abEn el libro he contado lo que es. Y estoy tranquila, s\u00ed, ha sido un proceso sanador. Es al final lo que estoy transmitiendo. Hablo de perd\u00f3n, de sanaci\u00f3n, de verdad y de dar las gracias. Siempre te puede pasar que alguien te quiera desmentir, pero no contaba con esto en este grado. Te aseguro que no\u00bb, ha explicado, a\u00f1adiendo que no le preocupa lo que puedan decir sobre qui\u00e9n ha ido y qui\u00e9n no a la presentaci\u00f3n.\u00a0\u00ab<strong>Me siento muy querida, ninguno de mis hijos est\u00e1n, algunos porque no quieren ser famosos y Carlo porque est\u00e1 trabajando mucho<\/strong>. Todos los que han podido est\u00e1n para apoyarme y yo lo siento as\u00ed\u00bb, ha relatado.\u00a0<\/p>\n<p>\u00a0<\/p>\n","protected":false},"excerpt":{"rendered":"Mar Flores (56 a\u00f1os) ha dejado de esconderse. Tras la publicaci\u00f3n de &#8216;Mar en calma&#8217;, las memorias donde&hellip;\n","protected":false},"author":2,"featured_media":136619,"comment_status":"","ping_status":"","sticky":false,"template":"","format":"standard","meta":{"footnotes":""},"categories":[91],"tags":[146,147,25,24,23],"class_list":{"0":"post-136618","1":"post","2":"type-post","3":"status-publish","4":"format-standard","5":"has-post-thumbnail","7":"category-entretenimiento","8":"tag-entertainment","9":"tag-entretenimiento","10":"tag-es","11":"tag-espana","12":"tag-spain"},"share_on_mastodon":{"url":"","error":""},"_links":{"self":[{"href":"https:\/\/www.europesays.com\/es\/wp-json\/wp\/v2\/posts\/136618","targetHints":{"allow":["GET"]}}],"collection":[{"href":"https:\/\/www.europesays.com\/es\/wp-json\/wp\/v2\/posts"}],"about":[{"href":"https:\/\/www.europesays.com\/es\/wp-json\/wp\/v2\/types\/post"}],"author":[{"embeddable":true,"href":"https:\/\/www.europesays.com\/es\/wp-json\/wp\/v2\/users\/2"}],"replies":[{"embeddable":true,"href":"https:\/\/www.europesays.com\/es\/wp-json\/wp\/v2\/comments?post=136618"}],"version-history":[{"count":0,"href":"https:\/\/www.europesays.com\/es\/wp-json\/wp\/v2\/posts\/136618\/revisions"}],"wp:featuredmedia":[{"embeddable":true,"href":"https:\/\/www.europesays.com\/es\/wp-json\/wp\/v2\/media\/136619"}],"wp:attachment":[{"href":"https:\/\/www.europesays.com\/es\/wp-json\/wp\/v2\/media?parent=136618"}],"wp:term":[{"taxonomy":"category","embeddable":true,"href":"https:\/\/www.europesays.com\/es\/wp-json\/wp\/v2\/categories?post=136618"},{"taxonomy":"post_tag","embeddable":true,"href":"https:\/\/www.europesays.com\/es\/wp-json\/wp\/v2\/tags?post=136618"}],"curies":[{"name":"wp","href":"https:\/\/api.w.org\/{rel}","templated":true}]}}