{"id":136626,"date":"2025-09-24T22:24:15","date_gmt":"2025-09-24T22:24:15","guid":{"rendered":"https:\/\/www.europesays.com\/es\/136626\/"},"modified":"2025-09-24T22:24:15","modified_gmt":"2025-09-24T22:24:15","slug":"el-arte-sacro-sevillano-comienza-el-camino-para-conseguir-la-indicacion-geografica-protegida-igp","status":"publish","type":"post","link":"https:\/\/www.europesays.com\/es\/136626\/","title":{"rendered":"El arte sacro sevillano comienza el camino para conseguir la Indicaci\u00f3n Geogr\u00e1fica Protegida (IGP)"},"content":{"rendered":"<p><img decoding=\"async\" class=\"voc-author__img\" src=\"https:\/\/www.europesays.com\/es\/wp-content\/uploads\/2025\/09\/autor-6230-foto-6.jpeg\" alt=\"Pepe Trashorras\"\/><\/p>\n<p class=\"voc-p\" style=\"\">Uno de los grandes anuncios de la primera jornada de la exposici\u00f3n de arte sacro en el Parlamento Europeo fue el anuncio del primer paso para conseguir protecci\u00f3n oficial sobre las obras de los artistas. Este mi\u00e9rcoles, el eurodiputado popular Juan Ignacio Zoido ha matizado que dicho reconocimiento que se ha propuesto y se va a perseguir es el de <strong>Indicaci\u00f3n Geogr\u00e1fica Protegida<\/strong> (IGP).<\/p>\n<p class=\"voc-p\" style=\"\">Los tr\u00e1mites para llevar a efecto dicha propuesta a\u00fan no han empezado, pero el martes se puso la primera piedra con la reuni\u00f3n entre el alcalde de Sevilla, Jos\u00e9 Luis Sanz, y Zoido con la Direcci\u00f3n General de Industria de la Comisi\u00f3n Europea para estudiar <strong>mecanismos de protecci\u00f3n<\/strong> para el arte sacro sevillano.<\/p>\n<p class=\"voc-p\" style=\"\">A diferencia de la <strong>denominaci\u00f3n de origen<\/strong>, que se otorga a productos agroalimentarios realizados en todas sus fases de producci\u00f3n en una zona geogr\u00e1fica delimitada, la Indicaci\u00f3n Geogr\u00e1fica Protegida es una protecci\u00f3n ligeramente menor que puede aplicarse a <strong>\u00e1mbitos como el de la artesan\u00eda<\/strong> de un determinado lugar. Este camino fue emprendido anteriormente, por poner un ejemplo, por la industria del calzado de Valverde del Camino. <\/p>\n<p class=\"voc-p\" style=\"\">Para que la idea no caiga en saco roto, la pelota ahora recae en <strong>los profesionales del gremio<\/strong>, que son quienes tienen que movilizarse y pedir formalmente el reconocimiento. El presidente de la <strong>Asociaci\u00f3n Gremial Sevillana de Arte Sacro<\/strong>, Francisco Carrera Iglesias, ha asegurado que se pondr\u00e1n en marcha <strong>con la m\u00e1xima brevedad posible<\/strong> para iniciar los tr\u00e1mites. Ello debe contar con el apoyo del Ayuntamiento y conseguir el visto bueno de la Junta de Andaluc\u00eda. De ah\u00ed, la solicitud se eleva al Gobierno, que es quien debe presentarla formalmente ante la Comisi\u00f3n Europea, donde se examina cada caso y se decide si se concede o no. Las gestiones se deben tramitar en la Oficina de Propiedad Intelectual de la Uni\u00f3n Europea (Euipo), que se encuentra en Alicante.<\/p>\n<p>\nUna medida para blindar el arte sacro\n<\/p>\n<p class=\"voc-p\" style=\"\">La consecuci\u00f3n de este reconocimiento supondr\u00eda que <strong>nadie podr\u00eda realizar obras iguales<\/strong> a las de los artistas sevillanos, como se ha visto recientemente con dise\u00f1os plagiados por completo a artistas del arte sacro en talleres de bordados pakistan\u00edes. Por un lado, se establecer\u00eda un canon a la protecci\u00f3n del producto y, por otro, supondr\u00eda que el proceso de impugnaci\u00f3n de los productos copiados ser\u00eda mucho m\u00e1s r\u00e1pido.<\/p>\n<p class=\"voc-p\" style=\"\">Otro de los puntos fuertes de esta protecci\u00f3n es que permitir\u00eda <strong>agrupar a todas las disciplinas<\/strong> del arte sacro, no s\u00f3lo a los del bordado, que es el que actualmente est\u00e1 m\u00e1s expuesto por la competencia desleal de los talleres de Pakist\u00e1n. Estar\u00edan bajo ese mismo paraguas los escultores, tallistas, orfebres&#8230; Sin embargo, para poder <strong>acotar el campo de acci\u00f3n<\/strong> y de protecci\u00f3n, el arte sacro necesitar\u00e1 registrar los dise\u00f1os, algo mucho m\u00e1s complicado que en otros casos. Si no, ser\u00eda una tarea subjetiva diferenciar una pieza de arte sacro sevillano con la de otros or\u00edgenes, por ejemplo, dentro de nuestro pa\u00eds.<\/p>\n<p>Reportar un error<\/p>\n","protected":false},"excerpt":{"rendered":"Uno de los grandes anuncios de la primera jornada de la exposici\u00f3n de arte sacro en el Parlamento&hellip;\n","protected":false},"author":2,"featured_media":136627,"comment_status":"","ping_status":"","sticky":false,"template":"","format":"standard","meta":{"footnotes":""},"categories":[8],"tags":[229,17,18,5141,11687,907,25,24,13,14,43158,11,43160,43157,19,20,9,10,15,16,43159,14399,1791,11190,23,12,21,22],"class_list":{"0":"post-136626","1":"post","2":"type-post","3":"status-publish","4":"format-standard","5":"has-post-thumbnail","7":"category-espana","8":"tag-arte","9":"tag-breaking-news","10":"tag-breakingnews","11":"tag-camino","12":"tag-conseguir","13":"tag-debe","14":"tag-es","15":"tag-espana","16":"tag-featured-news","17":"tag-featurednews","18":"tag-geografica","19":"tag-headlines","20":"tag-igp","21":"tag-indicacion","22":"tag-latest-news","23":"tag-latestnews","24":"tag-news","25":"tag-noticias","26":"tag-noticias-destacadas","27":"tag-noticiasdestacadas","28":"tag-protegida","29":"tag-sacro","30":"tag-seguir","31":"tag-sevillano","32":"tag-spain","33":"tag-titulares","34":"tag-ultimas-noticias","35":"tag-ultimasnoticias"},"share_on_mastodon":{"url":"","error":""},"_links":{"self":[{"href":"https:\/\/www.europesays.com\/es\/wp-json\/wp\/v2\/posts\/136626","targetHints":{"allow":["GET"]}}],"collection":[{"href":"https:\/\/www.europesays.com\/es\/wp-json\/wp\/v2\/posts"}],"about":[{"href":"https:\/\/www.europesays.com\/es\/wp-json\/wp\/v2\/types\/post"}],"author":[{"embeddable":true,"href":"https:\/\/www.europesays.com\/es\/wp-json\/wp\/v2\/users\/2"}],"replies":[{"embeddable":true,"href":"https:\/\/www.europesays.com\/es\/wp-json\/wp\/v2\/comments?post=136626"}],"version-history":[{"count":0,"href":"https:\/\/www.europesays.com\/es\/wp-json\/wp\/v2\/posts\/136626\/revisions"}],"wp:featuredmedia":[{"embeddable":true,"href":"https:\/\/www.europesays.com\/es\/wp-json\/wp\/v2\/media\/136627"}],"wp:attachment":[{"href":"https:\/\/www.europesays.com\/es\/wp-json\/wp\/v2\/media?parent=136626"}],"wp:term":[{"taxonomy":"category","embeddable":true,"href":"https:\/\/www.europesays.com\/es\/wp-json\/wp\/v2\/categories?post=136626"},{"taxonomy":"post_tag","embeddable":true,"href":"https:\/\/www.europesays.com\/es\/wp-json\/wp\/v2\/tags?post=136626"}],"curies":[{"name":"wp","href":"https:\/\/api.w.org\/{rel}","templated":true}]}}