{"id":136630,"date":"2025-09-24T22:27:43","date_gmt":"2025-09-24T22:27:43","guid":{"rendered":"https:\/\/www.europesays.com\/es\/136630\/"},"modified":"2025-09-24T22:27:43","modified_gmt":"2025-09-24T22:27:43","slug":"las-brillantes-figuras-de-la-novilleria-estaran-en-puertollano-en-el-unico-festejo-taurino-de-feria","status":"publish","type":"post","link":"https:\/\/www.europesays.com\/es\/136630\/","title":{"rendered":"Las brillantes figuras de la noviller\u00eda estar\u00e1n en Puertollano en el \u00fanico festejo taurino de feria"},"content":{"rendered":"<p>Puertollano tambi\u00e9n tendr\u00e1 su feria taurina con una novillada mixta con picadores el domingo 27 de abril, a las 18 horas, con la rejoneadora francesa<strong> Lea Vicens <\/strong>y los novilleros <strong>Marco P\u00e9rez y Olga Casado<\/strong>, que lidiar\u00e1n ganado de El Madro\u00f1al, Virgen Mar\u00eda y Luis Algarra.<\/p>\n<p>Un cartel \u201cmuy atractivo y de figuras\u201d lo ha calificado el concejal de cultura y festejos, <strong>Juan Sebasti\u00e1n L\u00f3pez Berdonces<\/strong>, que destac\u00f3 la presencia en el cartel de Marco P\u00e9rez, que ha sido capaz de vender 24.000 localidades en Madrid, a la vez que subray\u00f3 la aportaci\u00f3n del Ayuntamiento de Puertollano de 15.000 euros para mantener viva la feria taurina de mayo.<\/p>\n<p>Juan Sebasti\u00e1n L\u00f3pez Berdonces, concejal de cultura y festejos<\/p>\n<p><strong>\u00abUn cartel de palabras mayores\u00bb<\/strong><\/p>\n<p>El empresario <strong>Manuel Amador<\/strong>, de \u201cToros Paltoreo\u201d apunt\u00f3 que este cartel son palabras mayores para una novillada mixta en la que estar\u00e1n presentes los m\u00e1s destacados nombres. En su opini\u00f3n, Marco P\u00e9rez es la revoluci\u00f3n, la figura de los espadas de plata.   El p\u00fablico de Puertollano va a tener oportunidad de verlo a tan solo unos d\u00edas antes de su despedida de la n\u00f3mina de novilleros en Las Ventas de Madrid para un festejo en el que ha vendido 24.000 entradas.<\/p>\n<p>\u201cUn cartel confeccionado con mucho esfuerzo y cari\u00f1o  que merece que  todos los aficionados y aficionadas de Puertollano est\u00e9n presentes en la Plaza  apoyando  la iniciativa\u00bb  se\u00f1al\u00f3 <strong>Amador<\/strong>.<\/p>\n<p>El empresario ya tuvo oportunidad de organizar otro festejo el pasado a\u00f1o y le motivaba de nuevo abrir las puertas del coso puertollanero despu\u00e9s de la \u201cdeclaraci\u00f3n de intenciones\u201d con la clase pr\u00e1ctica de toreo que ofreci\u00f3 D\u00e1vila Miura en el Paseo de San Gregorio que \u201cfue la primera piedra para dar un paso m\u00e1s\u201d.<\/p>\n<p>Manuel Amador, empresario taurino<\/p>\n<p><strong>Venta de entradas<\/strong><\/p>\n<p>Las entradas para asistir a este festejo se pondr\u00e1n a la venta a \u00a025 euros en tendido sin numerar, 20 a los mayores de 65 a\u00f1os, 35 en barrera numerada y de 15 para ni\u00f1os de 5 a 12 a\u00f1os.<\/p>\n<p>Las entradas estar\u00e1n a la venta en el Club Taurino, en el kiosco del Paseo de San Gregorio el 24 y 25 de abril de 11 a 13 y de 18 a 20 horas y en la taquilla de la Plaza de Toros el d\u00eda 26 de 11 a 14 horas y el 27 de abril, d\u00eda del festejo, de 11 a 14 y de 16 a 18 horas.<\/p>\n<p><img fetchpriority=\"high\" decoding=\"async\" width=\"1173\" height=\"1600\" src=\"https:\/\/www.europesays.com\/es\/wp-content\/uploads\/2025\/09\/carteltoros.jpeg\" alt=\"\" class=\"wp-image-133911\"  \/><\/p>\n<p><strong>El club taurino se reactiva<\/strong><\/p>\n<p>El presidente del club,<strong> Agust\u00edn S\u00e1nchez Carrero<\/strong>, agradeci\u00f3 al Ayuntamiento de Puertollano y al empresario que hayan sido capaces de ponerse de acuerdo para hacer realidad este cartel \u201ctan bonito e ilusionante\u201d y conf\u00eda  que el p\u00fablico responda y paso a paso se ponga a esta Plaza en el lugar que le corresponde.<\/p>\n<p>Un club que en los dos \u00faltimos a\u00f1os ha ampliado el n\u00famero de socio de 19 a 75 inscripciones y espera consolidarse y seguir creciendo. \u201cHay afici\u00f3n pero hay que despertarla despu\u00e9s de que la Plaza de Toros haya permanecido cerrada durante los seis \u00faltimos a\u00f1os\u201d.<\/p>\n<p>En los \u00faltimos meses han asistido a las ferias taurinas de Albacete, Valdemorillo, la ganader\u00eda de La Quinta y tienen previsto acudir a las ferias taurinas de Madrid y C\u00f3rdoba.<\/p>\n<p>Agust\u00edn S\u00e1nchez, presidente del Club Taurino<br \/>\n<video controls=\"\" src=\"https:\/\/www.puertollano.es\/wp-content\/uploads\/2025\/04\/whatsapp-video-2025-04-11-at-12.01.22-1.mp4\"\/><\/p>\n","protected":false},"excerpt":{"rendered":"Puertollano tambi\u00e9n tendr\u00e1 su feria taurina con una novillada mixta con picadores el domingo 27 de abril, a&hellip;\n","protected":false},"author":2,"featured_media":136631,"comment_status":"","ping_status":"","sticky":false,"template":"","format":"standard","meta":{"footnotes":""},"categories":[277],"tags":[373,168,25,24,23,167,374],"class_list":{"0":"post-136630","1":"post","2":"type-post","3":"status-publish","4":"format-standard","5":"has-post-thumbnail","7":"category-toreo","8":"tag-bullfighting","9":"tag-deportes","10":"tag-es","11":"tag-espana","12":"tag-spain","13":"tag-sports","14":"tag-toreo"},"share_on_mastodon":{"url":"","error":""},"_links":{"self":[{"href":"https:\/\/www.europesays.com\/es\/wp-json\/wp\/v2\/posts\/136630","targetHints":{"allow":["GET"]}}],"collection":[{"href":"https:\/\/www.europesays.com\/es\/wp-json\/wp\/v2\/posts"}],"about":[{"href":"https:\/\/www.europesays.com\/es\/wp-json\/wp\/v2\/types\/post"}],"author":[{"embeddable":true,"href":"https:\/\/www.europesays.com\/es\/wp-json\/wp\/v2\/users\/2"}],"replies":[{"embeddable":true,"href":"https:\/\/www.europesays.com\/es\/wp-json\/wp\/v2\/comments?post=136630"}],"version-history":[{"count":0,"href":"https:\/\/www.europesays.com\/es\/wp-json\/wp\/v2\/posts\/136630\/revisions"}],"wp:featuredmedia":[{"embeddable":true,"href":"https:\/\/www.europesays.com\/es\/wp-json\/wp\/v2\/media\/136631"}],"wp:attachment":[{"href":"https:\/\/www.europesays.com\/es\/wp-json\/wp\/v2\/media?parent=136630"}],"wp:term":[{"taxonomy":"category","embeddable":true,"href":"https:\/\/www.europesays.com\/es\/wp-json\/wp\/v2\/categories?post=136630"},{"taxonomy":"post_tag","embeddable":true,"href":"https:\/\/www.europesays.com\/es\/wp-json\/wp\/v2\/tags?post=136630"}],"curies":[{"name":"wp","href":"https:\/\/api.w.org\/{rel}","templated":true}]}}