{"id":136632,"date":"2025-09-24T22:29:08","date_gmt":"2025-09-24T22:29:08","guid":{"rendered":"https:\/\/www.europesays.com\/es\/136632\/"},"modified":"2025-09-24T22:29:08","modified_gmt":"2025-09-24T22:29:08","slug":"pau-gasol-y-jose-andres-no-evitan-el-triunfo-de-estados-unidos","status":"publish","type":"post","link":"https:\/\/www.europesays.com\/es\/136632\/","title":{"rendered":"Pau Gasol y Jos\u00e9 Andr\u00e9s no evitan el triunfo de Estados Unidos"},"content":{"rendered":"<p class=\"\">Como ya es tradici\u00f3n, la <a href=\"https:\/\/as.com\/noticias\/ryder-cup\/\" target=\"_blank\" rel=\"noreferrer nofollow noopener\" title=\"https:\/\/as.com\/noticias\/ryder-cup\/\">Ryder Cup<\/a> celebr\u00f3 este mi\u00e9rcoles su <a href=\"https:\/\/as.com\/masdeporte\/fotorrelato\/ryder-cup-all-star-el-torneo-de-los-famosos-en-imagenes-f\/\" target=\"_blank\" rel=\"noreferrer nofollow noopener\" title=\"https:\/\/as.com\/masdeporte\/fotorrelato\/ryder-cup-all-star-el-torneo-de-los-famosos-en-imagenes-f\/\">duelo de celebrities<\/a>, en el que <b>16 personalidades de todo tipo de profesiones se enfrentaron para calentar motores de cara al gran evento del fin de semana.<\/b> El triunfo fue para los locales, Estados Unidos, que vencieron por 25-19 a un equipo europeo en el que hubo doble presencia espa\u00f1ola: <b>Pau Gasol y Jos\u00e9 Andr\u00e9s <\/b>fueron dos de los ocho representantes del Viejo Continente en el torneo que se jug\u00f3 a lo largo de los 10 primeros hoyos de Bethpage Black, donde este viernes comienza la verdadera Ryder Cup. Tras el encuentro de celebrities, los profesionales dieron comienzo a su pen\u00faltima ronda de pr\u00e1cticas, y a la noche se celebrar\u00e1 una <b>ceremonia inaugural que tuvo que ser adelantada<\/b> (iba a ser el jueves) por la previsi\u00f3n meteorol\u00f3gica.<\/p>\n<p class=\"\">Pau, leyenda del baloncesto y que tras su retirada es un ferviente jugador de golf (el 6 de octubre ser\u00e1 anfitri\u00f3n de un torneo en Madrid, el cual ya jug\u00f3 en el pasado junto con Rafa Nadal), ya ha participado en numerosos eventos de este tipo, como el Pro-Am de Pebble Beach. El miembro del Hall of Fame de la NBA <b>tiene actualmente un h\u00e1ndicap de 13,6, nada desde\u00f1able<\/b>, y este mi\u00e9rcoles le toc\u00f3 formar pareja <b>con la actriz brit\u00e1nica Catherine Zeta-Jones<\/b>, con quien congeni\u00f3 bastante bien.<\/p>\n<p class=\"\">El espa\u00f1ol y la galesa se enfrentaron a Michael Strahan, exjugador de f\u00fatbol americano, y la cantante de country Miranda Lambert, quienes se hicieron con la victoria por la m\u00ednima. En un formato en el que se jugaba la mejor bola de cada dupla, Gasol y Zeta-Jones firmaron el par en los 11 hoyos que disputaron, aunque <b>no evitaron caer por un golpe ya que sus rivales hicieron birdie a dos de los tres pares 5 que se encontraron.<\/b> Tambi\u00e9n perdieron por la m\u00ednima los actores Tom Felton y Oliver Phelps, que formaron una pareja muy de Harry Potter, pues son quienes dieron vida a Draco Malfoy y George Weasley, respectivamente. En su caso cayeron a manos de los cantantes Kane Brown y Noah Kahan.<\/p>\n<p class=\"\">M\u00e1s abultada, por cuatro hoyos, fue la derrota que sufri\u00f3 la curiosa dupla de Toni Kukoc, exjugador de baloncesto, y Brooklyn Beckham, hijo de la leyenda del f\u00fatbol, ante el c\u00f3mico Colin Jost y Eli Manning, campe\u00f3n de dos Super Bowls. La \u00fanica alegr\u00eda para el equipo de Europa<b> la dio el chef espa\u00f1ol Jos\u00e9 Andr\u00e9s, que junto con Teemu Selanne, exjugador de hockey finland\u00e9s,<\/b> venci\u00f3 a otro cocinero, Bobby Flay, y al extenista John McEnroe por un hoyo tras ganar los dos \u00faltimos. <\/p>\n<p>Noticias relacionadas<\/p>\n<p class=\"\"><b>\u00a1Tus opiniones importan!<\/b> Comenta en los art\u00edculos y suscr\u00edbete gratis a nuestra <a href=\"https:\/\/asfan.as.com\/newsletters\/\" target=\"_blank\" rel=\"nofollow noopener\" title=\"https:\/\/asfan.as.com\/newsletters\/\">newsletter<\/a> y a las alertas informativas en la <a href=\"https:\/\/as.com\/aplicacion-de-as-n\/\" target=\"_blank\" rel=\"nofollow noopener\" title=\"https:\/\/as.com\/aplicacion-de-as-n\/\">App<\/a> o el canal de <a href=\"https:\/\/www.whatsapp.com\/channel\/0029VaAasdA7j6g745nz9M10\" target=\"_blank\" rel=\"nofollow noopener\" title=\"https:\/\/www.whatsapp.com\/channel\/0029VaAasdA7j6g745nz9M10\">WhatsApp<\/a>. <\/p>\n<p class=\"\">\u00bfBuscas licenciar contenido? Haz clic <a href=\"https:\/\/profesional.elpais.com\/soluciones-sindicacion?utm_medium=interno&amp;utm_source=crosslinking&amp;utm_campaign=sindicacion_as_pie_articulos\" target=\"_blank\" rel=\"nofollow noopener\" title=\"https:\/\/profesional.elpais.com\/soluciones-sindicacion?utm_medium=interno&amp;utm_source=crosslinking&amp;utm_campaign=sindicacion_as_pie_articulos\">aqu\u00ed<\/a><\/p>\n","protected":false},"excerpt":{"rendered":"Como ya es tradici\u00f3n, la Ryder Cup celebr\u00f3 este mi\u00e9rcoles su duelo de celebrities, en el que 16&hellip;\n","protected":false},"author":2,"featured_media":136633,"comment_status":"","ping_status":"","sticky":false,"template":"","format":"standard","meta":{"footnotes":""},"categories":[275],"tags":[168,25,24,329,23,167],"class_list":{"0":"post-136632","1":"post","2":"type-post","3":"status-publish","4":"format-standard","5":"has-post-thumbnail","7":"category-golf","8":"tag-deportes","9":"tag-es","10":"tag-espana","11":"tag-golf","12":"tag-spain","13":"tag-sports"},"share_on_mastodon":{"url":"","error":""},"_links":{"self":[{"href":"https:\/\/www.europesays.com\/es\/wp-json\/wp\/v2\/posts\/136632","targetHints":{"allow":["GET"]}}],"collection":[{"href":"https:\/\/www.europesays.com\/es\/wp-json\/wp\/v2\/posts"}],"about":[{"href":"https:\/\/www.europesays.com\/es\/wp-json\/wp\/v2\/types\/post"}],"author":[{"embeddable":true,"href":"https:\/\/www.europesays.com\/es\/wp-json\/wp\/v2\/users\/2"}],"replies":[{"embeddable":true,"href":"https:\/\/www.europesays.com\/es\/wp-json\/wp\/v2\/comments?post=136632"}],"version-history":[{"count":0,"href":"https:\/\/www.europesays.com\/es\/wp-json\/wp\/v2\/posts\/136632\/revisions"}],"wp:featuredmedia":[{"embeddable":true,"href":"https:\/\/www.europesays.com\/es\/wp-json\/wp\/v2\/media\/136633"}],"wp:attachment":[{"href":"https:\/\/www.europesays.com\/es\/wp-json\/wp\/v2\/media?parent=136632"}],"wp:term":[{"taxonomy":"category","embeddable":true,"href":"https:\/\/www.europesays.com\/es\/wp-json\/wp\/v2\/categories?post=136632"},{"taxonomy":"post_tag","embeddable":true,"href":"https:\/\/www.europesays.com\/es\/wp-json\/wp\/v2\/tags?post=136632"}],"curies":[{"name":"wp","href":"https:\/\/api.w.org\/{rel}","templated":true}]}}