{"id":136634,"date":"2025-09-24T22:30:11","date_gmt":"2025-09-24T22:30:11","guid":{"rendered":"https:\/\/www.europesays.com\/es\/136634\/"},"modified":"2025-09-24T22:30:11","modified_gmt":"2025-09-24T22:30:11","slug":"las-respuestas-estaran-en-la-pista-no-con-palabras","status":"publish","type":"post","link":"https:\/\/www.europesays.com\/es\/136634\/","title":{"rendered":"Las respuestas estar\u00e1n en la pista, no con palabras"},"content":{"rendered":"<p class=\"L6-news-detail__text\">En la previa de su debut en el <b>ATP 500 de Tokio<\/b>, a <b>Carlos Alcaraz<\/b> le preguntaron por <b>JannikSinner<\/b> y el n\u00famero 1 del mundo asegur\u00f3 que espera que vuelva <b>\u00abtodav\u00eda m\u00e1s fuerte\u00bb.<\/b><\/p>\n<p class=\"L6-news-detail__text\">Ese reencuentro, tras la victoria del murciano en el US Open, puede producirse en dos semanas en el <b>Masters 1000 de Shangh\u00e1i.<\/b><\/p>\n<p class=\"L6-news-detail__text\">Ese &#8216;hype&#8217; y las palabras de Carlitos se las han trasladado al italiano antes de arrancar su andadura en el <b>ATP 500 de Pek\u00edn<\/b>, que no ha querido entrar al juego.<\/p>\n<p class=\"L6-news-detail__text\"><b>\u00abLas respuestas estar\u00e1n en la pista, no con palabras\u00bb<\/b>, ha se\u00f1alado Sinner en rueda de prensa.<\/p>\n<p class=\"L6-news-detail__text\">Adem\u00e1s, el n\u00famero 2 del mundo ha valorado positivamente un 2025 en el que ha estado varios meses sancionado, ha perdido las finales de Roland Garros y US Open y ha alzado Wimbledon.<\/p>\n<p class=\"L6-news-detail__text\">\u00abHa sido un a\u00f1o especial, <b>con altibajos, pero tambi\u00e9n de mucho aprendizaje<\/b>. Estamos trabajando en cosas nuevas y ahora cometo m\u00e1s errores, aunque espero que todo me haga mejorar a medio plazo\u00bb, ha explicado. <\/p>\n<p class=\"L6-support-news-video__title\">\u00ab\u00c9l solo puede hacerlo mejor\u00bb<\/p>\n<p>            <a href=\"https:\/\/www.lasexta.com\/noticias\/deportes\/motor\/llamativa-conversacion-marc-marquez-bagnaia-quien-tiene-mas-presion_2025091868cc2754394a8138738d2517.html\" class=\"L6-news__link\" rel=\"nofollow noopener\" target=\"_blank\"><br \/>\n                La llamativa conversaci\u00f3n entre Marc M\u00e1rquez y Bagnaia: \u00ab\u00bfQui\u00e9n tiene m\u00e1s presi\u00f3n?\u00bb<\/p>\n<p class=\"recirculation-video-desc\">El &#8216;Inside&#8217; de Ducati tras el Gran Premio de Italia en Misano ha desvelado una llamativa conversaci\u00f3n entre los dos pilotos del equipo de Borgo Panigale.<\/p>\n<p>            <\/a><\/p>\n","protected":false},"excerpt":{"rendered":"En la previa de su debut en el ATP 500 de Tokio, a Carlos Alcaraz le preguntaron por&hellip;\n","protected":false},"author":2,"featured_media":106155,"comment_status":"","ping_status":"","sticky":false,"template":"","format":"standard","meta":{"footnotes":""},"categories":[274],"tags":[168,25,24,23,167,327,326],"class_list":{"0":"post-136634","1":"post","2":"type-post","3":"status-publish","4":"format-standard","5":"has-post-thumbnail","7":"category-tenis","8":"tag-deportes","9":"tag-es","10":"tag-espana","11":"tag-spain","12":"tag-sports","13":"tag-tenis","14":"tag-tennis"},"share_on_mastodon":{"url":"","error":""},"_links":{"self":[{"href":"https:\/\/www.europesays.com\/es\/wp-json\/wp\/v2\/posts\/136634","targetHints":{"allow":["GET"]}}],"collection":[{"href":"https:\/\/www.europesays.com\/es\/wp-json\/wp\/v2\/posts"}],"about":[{"href":"https:\/\/www.europesays.com\/es\/wp-json\/wp\/v2\/types\/post"}],"author":[{"embeddable":true,"href":"https:\/\/www.europesays.com\/es\/wp-json\/wp\/v2\/users\/2"}],"replies":[{"embeddable":true,"href":"https:\/\/www.europesays.com\/es\/wp-json\/wp\/v2\/comments?post=136634"}],"version-history":[{"count":0,"href":"https:\/\/www.europesays.com\/es\/wp-json\/wp\/v2\/posts\/136634\/revisions"}],"wp:featuredmedia":[{"embeddable":true,"href":"https:\/\/www.europesays.com\/es\/wp-json\/wp\/v2\/media\/106155"}],"wp:attachment":[{"href":"https:\/\/www.europesays.com\/es\/wp-json\/wp\/v2\/media?parent=136634"}],"wp:term":[{"taxonomy":"category","embeddable":true,"href":"https:\/\/www.europesays.com\/es\/wp-json\/wp\/v2\/categories?post=136634"},{"taxonomy":"post_tag","embeddable":true,"href":"https:\/\/www.europesays.com\/es\/wp-json\/wp\/v2\/tags?post=136634"}],"curies":[{"name":"wp","href":"https:\/\/api.w.org\/{rel}","templated":true}]}}