{"id":136637,"date":"2025-09-24T22:33:14","date_gmt":"2025-09-24T22:33:14","guid":{"rendered":"https:\/\/www.europesays.com\/es\/136637\/"},"modified":"2025-09-24T22:33:14","modified_gmt":"2025-09-24T22:33:14","slug":"el-hapoel-tel-aviv-puede-recibir-al-barca-sin-uno-de-sus-puntales","status":"publish","type":"post","link":"https:\/\/www.europesays.com\/es\/136637\/","title":{"rendered":"El Hapoel Tel Aviv puede recibir al Bar\u00e7a sin uno de sus puntales"},"content":{"rendered":"<p>                        El base internacional israel\u00ed Yam Madar ha sido operado de una apendicitis\n<\/p>\n<p><img src=\"https:\/\/www.mundodeportivo.com\/files\/image_449_220\/files\/fp\/uploads\/2025\/09\/24\/68d42cf73d64f.r_d.1933-1232-1094.jpeg\" data-full-src=\"https:\/\/www.europesays.com\/es\/wp-content\/uploads\/2025\/09\/68d42cf73d64f.jpeg\" alt=\"Horizontal\" width=\"449\" height=\"220\" class=\"nolazy\" decoding=\"async\" fetchpriority=\"high\"\/><\/p>\n<p class=\"caption-title \">Yam Madar, durante el Grecia-Israel del reciente Eurobasket<\/p>\n<p>TOMS KALNINS \/ EFE<\/p>\n<p>                <img loading=\"lazy\" decoding=\"async\" width=\"60\" height=\"60\" alt=\"El Hapoel Tel Aviv puede recibir al Bar\u00e7a sin uno de sus puntales\" title=\"\" src=\"\/files\/image_60_60\/uploads\/2021\/10\/14\/6168099e70fe1.png\" class=\"lazy\"\/><\/p>\n<p>\n                        Actualizado a  24\/09\/2025 19:48 CEST\n                    <\/p>\n<p data-gtm-element-container=\"modulo-texto-link\" class=\"paragraph\">La Euroliga arranca la pr\u00f3xima semana a lo grande, con una doble jornada que ya avisa de la intensificaci\u00f3n del calendario tras la ampliaci\u00f3n de la competici\u00f3n en dos equipos m\u00e1s hasta los veinte. Uno de estos debutantes es el Hapoel Tel Aviv, campe\u00f3n de la \u00faltima Eurocup y equipo forjado a golpe de talonario por el millonario israel\u00ed Ofer Yannay, que se estrenar\u00e1 en la competici\u00f3n jugando contra el Bar\u00e7a.<\/p>\n<p data-gtm-element-container=\"modulo-texto-link\" class=\"paragraph\">El partido se jugar\u00e1 el pr\u00f3ximo martes en Sof\u00eda (Bulgaria), cancha en la que actuar\u00e1 como local el equipo de Tel Aviv a causa del exilio obligado de los clubs israel\u00eds por el genocidio de Gaza. La cita est\u00e1 marcada en rojo desde hace meses por el Hapoel y sus aficionados pero se ha ensombrecido algo en las \u00faltimas horas al conocerse que uno de los jugadores m\u00e1s importantes del t\u00e9cnico Dimitris Itoudis podr\u00eda ser baja en el mismo.<\/p>\n<p>    Lee tambi\u00e9n<\/p>\n<p data-gtm-element-container=\"modulo-texto-link\" class=\"paragraph\">Nos referimos al base Yam Madar, que ha tenido que ser intervenido de urgencia de una apendicitis y se encuentra ingresado en el hospital. El internacional israel\u00ed se perder\u00e1 los partidos de la copa de Israel que empieza este jueves pero el Hapoel se resiste a confirmarle como baja para el duelo del martes con el Bar\u00e7a alegando que la recuperaci\u00f3n de las operaciones de apendicitis es muy variable. La verdad es que parece dif\u00edcil que pueda jugar porque lo normal es que estas bajas se extiendan al menos tres semanas.<\/p>\n<p>\n        Mostrar comentarios\n    <\/p>\n<p>{\u00aballowComment\u00bb:\u00bballowed\u00bb,\u00bbarticleId\u00bb:\u00bbarticle-1002538289&#8243;,\u00bburl\u00bb:\u00bbhttps:\\\/\\\/www.mundodeportivo.com\\\/baloncesto\\\/euroliga\\\/20250924\\\/1002538289\\\/hapoel-tel-aviv-recibir-barca-puntales.html\u00bb,\u00bblivefyre-url\u00bb:\u00bbarticle-1002538289&#8243;}<\/p>\n<p>Cargando siguiente contenido&#8230;\n                <\/p>\n","protected":false},"excerpt":{"rendered":"El base internacional israel\u00ed Yam Madar ha sido operado de una apendicitis Yam Madar, durante el Grecia-Israel del&hellip;\n","protected":false},"author":2,"featured_media":136638,"comment_status":"","ping_status":"","sticky":false,"template":"","format":"standard","meta":{"footnotes":""},"categories":[269],"tags":[299,298,168,25,24,23,167],"class_list":{"0":"post-136637","1":"post","2":"type-post","3":"status-publish","4":"format-standard","5":"has-post-thumbnail","7":"category-baloncesto","8":"tag-baloncesto","9":"tag-basketball","10":"tag-deportes","11":"tag-es","12":"tag-espana","13":"tag-spain","14":"tag-sports"},"share_on_mastodon":{"url":"","error":""},"_links":{"self":[{"href":"https:\/\/www.europesays.com\/es\/wp-json\/wp\/v2\/posts\/136637","targetHints":{"allow":["GET"]}}],"collection":[{"href":"https:\/\/www.europesays.com\/es\/wp-json\/wp\/v2\/posts"}],"about":[{"href":"https:\/\/www.europesays.com\/es\/wp-json\/wp\/v2\/types\/post"}],"author":[{"embeddable":true,"href":"https:\/\/www.europesays.com\/es\/wp-json\/wp\/v2\/users\/2"}],"replies":[{"embeddable":true,"href":"https:\/\/www.europesays.com\/es\/wp-json\/wp\/v2\/comments?post=136637"}],"version-history":[{"count":0,"href":"https:\/\/www.europesays.com\/es\/wp-json\/wp\/v2\/posts\/136637\/revisions"}],"wp:featuredmedia":[{"embeddable":true,"href":"https:\/\/www.europesays.com\/es\/wp-json\/wp\/v2\/media\/136638"}],"wp:attachment":[{"href":"https:\/\/www.europesays.com\/es\/wp-json\/wp\/v2\/media?parent=136637"}],"wp:term":[{"taxonomy":"category","embeddable":true,"href":"https:\/\/www.europesays.com\/es\/wp-json\/wp\/v2\/categories?post=136637"},{"taxonomy":"post_tag","embeddable":true,"href":"https:\/\/www.europesays.com\/es\/wp-json\/wp\/v2\/tags?post=136637"}],"curies":[{"name":"wp","href":"https:\/\/api.w.org\/{rel}","templated":true}]}}