{"id":136639,"date":"2025-09-24T22:38:06","date_gmt":"2025-09-24T22:38:06","guid":{"rendered":"https:\/\/www.europesays.com\/es\/136639\/"},"modified":"2025-09-24T22:38:06","modified_gmt":"2025-09-24T22:38:06","slug":"the-paper-como-surgio-la-nueva-serie-heredera-de-the-office-sus-diferencias-y-por-que-ya-es-un-exito-la-nacion","status":"publish","type":"post","link":"https:\/\/www.europesays.com\/es\/136639\/","title":{"rendered":"The Paper: c\u00f3mo surgi\u00f3 la nueva serie heredera de The Office, sus diferencias y por qu\u00e9 ya es un \u00e9xito &#8211; La Naci\u00f3n"},"content":{"rendered":"<ol>\n<li><a href=\"https:\/\/news.google.com\/rss\/articles\/CBMi-wFBVV95cUxQSzg1SFlZMnlhbkxXU2tqNzBQUTJKOFhRZ2NFRFE5NV9vT1ZqMjFYUDk4TWwwcmoxbGJ6UjJaRUs1NUZGdXdwb1ZfaVQwY185M2ZFckdNQ2dMc1NvZGRjdU8xdmN1U3BxTHY1X1BqMzN2VC01Vk9jdThaSllVZ2FZUEhlaXctX0JVdlE5NHdKWXpBMGFDR2RkZVZWZTdlRmcxNkpPVVZzX3ZIaUFPaEpuNjE3eGxucUlvSk1SQldXTi11SW1TeHVXTEdVZWZhNW1nWGpyZGdlcFNCalpjU3lKY1h4aXEtczZ0cnRqUW5qZF9WM0ZtMGgtcDZaRQ?oc=5\" target=\"_blank\" rel=\"nofollow noopener\">The Paper: c\u00f3mo surgi\u00f3 la nueva serie heredera de The Office, sus diferencias y por qu\u00e9 ya es un \u00e9xito<\/a>&nbsp;&nbsp;La Naci\u00f3n<\/li>\n<li><a href=\"https:\/\/news.google.com\/rss\/articles\/CBMiqwFBVV95cUxPUFVHemtaSklfVE5jQkFDNENQMHhTbXFoSk5Pa1NlRW9FZGk1TXgwakJIX3RvOUZKcW1Nc2dMM2ZGeDdpS045Q3VFZ0JnajRCWE1GcmFMOTRDMUNEaUpDeG1ocnUxYmw2aVV4SmZHTWphMTNzb2xmN3MxU1JFam1ULXVlZ0hqQzZVVkNGM0paa21aYzFYWHIxc0E5bE41cVFkWElfSmJTRmQzVnc?oc=5\" target=\"_blank\" rel=\"nofollow noopener\">The Paper: La nueva serie del universo de The Office llega a HBO Max en septiembre<\/a>&nbsp;&nbsp;Blog Joinnus<\/li>\n<li><a href=\"https:\/\/news.google.com\/rss\/articles\/CBMixwFBVV95cUxOVGFDQ1BqdFBhcXZENEdGNGl4TGc2Y05QVWZmOEM2dnpyR2t5TGxGWHk1T0F4ekR4c3JGeHl2c1VjNDVyVDVHUmRaWUZheVdRdTlZMktLUF9ickFMX3A2bF9QcUpZVnBnSXBpNkIwTWVWam10MkUwVDEyQjBEMHdQSEIzWTNMbXIyc241eDRfOUpYZ1pZYjhMcmtXaklnUTdmdW56TkEyR1pTZGpIN1FLQ2tQemt2SmV5TXhSLXdwZ0RNU3R3aGlZ?oc=5\" target=\"_blank\" rel=\"nofollow noopener\">Michael Scott aparece en The Paper con un divertido gui\u00f1o que solo recordar\u00e1n los fans de The Office<\/a>&nbsp;&nbsp;HobbyConsolas<\/li>\n<li><a href=\"https:\/\/news.google.com\/rss\/articles\/CBMixwFBVV95cUxPcEppQlM1el90ZlI1bkFna2tDdGZxZ1Y1MUlRMDg0THJ4SnJpeVliUUs1eXpSYWhEd1g4dU52amN2Yl9MVnZWWUtkRlY3eUZaM2t5enpkT1BHcXltOXltZHlZdUZvbDFUdnByQ2RtWEc0eUNDQmh5RFJRUE85WXIwcDlJU3BpSHUydnZfTlZQNkFmZlJ6anVGRkROU2xLMU1abktPQ2kyTkpKQVdELThvbmxlUllkcHJwVEZQR084ZXhmcmF2TUw4?oc=5\" target=\"_blank\" rel=\"nofollow noopener\">El documento puede ser la mejor raz\u00f3n para suscribirse a Peacock ahora mismo<\/a>&nbsp;&nbsp;elpueblo.pe<\/li>\n<li><a href=\"https:\/\/news.google.com\/rss\/articles\/CBMipgFBVV95cUxOaFNiZ1lETTZXRHlHWnNVck10Z3dsTFVUMlZZdEp2bzJWdGlXRnZudnljbnQ0cVpGdnJCS1RwbmFrckZLQk1TUGxpd3NSM2Z3WmpDVE5pX05WOEVuVFdrSm1YYzh3TDVYN0JmSEt4OUh6N0Q1Q3NfTzYwUHdtbTkzRDZGeUpqVVpYak91RlVLQkJVWFlWWWU1RWEzZ3pxM0doeEZYU0V3?oc=5\" target=\"_blank\" rel=\"nofollow noopener\">Estrenos. C\u00f3mo y d\u00f3nde ver The Paper, el spin off de The Office<\/a>&nbsp;&nbsp;La Voz del Interior<\/li>\n<\/ol>\n","protected":false},"excerpt":{"rendered":"The Paper: c\u00f3mo surgi\u00f3 la nueva serie heredera de The Office, sus diferencias y por qu\u00e9 ya es&hellip;\n","protected":false},"author":2,"featured_media":136484,"comment_status":"","ping_status":"","sticky":false,"template":"","format":"standard","meta":{"footnotes":""},"categories":[171],"tags":[146,147,25,24,23,214],"class_list":{"0":"post-136639","1":"post","2":"type-post","3":"status-publish","4":"format-standard","5":"has-post-thumbnail","7":"category-tv","8":"tag-entertainment","9":"tag-entretenimiento","10":"tag-es","11":"tag-espana","12":"tag-spain","13":"tag-tv"},"share_on_mastodon":{"url":"","error":""},"_links":{"self":[{"href":"https:\/\/www.europesays.com\/es\/wp-json\/wp\/v2\/posts\/136639","targetHints":{"allow":["GET"]}}],"collection":[{"href":"https:\/\/www.europesays.com\/es\/wp-json\/wp\/v2\/posts"}],"about":[{"href":"https:\/\/www.europesays.com\/es\/wp-json\/wp\/v2\/types\/post"}],"author":[{"embeddable":true,"href":"https:\/\/www.europesays.com\/es\/wp-json\/wp\/v2\/users\/2"}],"replies":[{"embeddable":true,"href":"https:\/\/www.europesays.com\/es\/wp-json\/wp\/v2\/comments?post=136639"}],"version-history":[{"count":0,"href":"https:\/\/www.europesays.com\/es\/wp-json\/wp\/v2\/posts\/136639\/revisions"}],"wp:featuredmedia":[{"embeddable":true,"href":"https:\/\/www.europesays.com\/es\/wp-json\/wp\/v2\/media\/136484"}],"wp:attachment":[{"href":"https:\/\/www.europesays.com\/es\/wp-json\/wp\/v2\/media?parent=136639"}],"wp:term":[{"taxonomy":"category","embeddable":true,"href":"https:\/\/www.europesays.com\/es\/wp-json\/wp\/v2\/categories?post=136639"},{"taxonomy":"post_tag","embeddable":true,"href":"https:\/\/www.europesays.com\/es\/wp-json\/wp\/v2\/tags?post=136639"}],"curies":[{"name":"wp","href":"https:\/\/api.w.org\/{rel}","templated":true}]}}