{"id":136650,"date":"2025-09-24T22:45:10","date_gmt":"2025-09-24T22:45:10","guid":{"rendered":"https:\/\/www.europesays.com\/es\/136650\/"},"modified":"2025-09-24T22:45:10","modified_gmt":"2025-09-24T22:45:10","slug":"el-hostelero-reafirma-presiones-del-exasesor-del-pp-para-no-participar-en-la-feria-de-gastronetas","status":"publish","type":"post","link":"https:\/\/www.europesays.com\/es\/136650\/","title":{"rendered":"El hostelero reafirma presiones del exasesor del PP para no participar en la feria de gastronetas"},"content":{"rendered":"<p>\u00c1lvar Barriocanal, el hostelero que denunci\u00f3 \u00abpresiones\u00bb por parte del extrabajador eventual del PP Francisco Salvador para no participar en la feria de &#8216;food trucks&#8217; de Isla Fantas\u00eda se ha reafirmado esta ma\u00f1ana en su comparecencia en la comisi\u00f3n de investigaci\u00f3n de las gastronetas, a la que ha acudido con la grabaci\u00f3n que realiz\u00f3 al empleado del Grupo Municipal y que los integrantes de la misma han podido escuchar a puerta cerrada.<\/p>\n<p>El empresario ha relatado la infinidad de trabas que recib\u00eda para poder conocer los procedimientos y participar en la feria de gastronetas y ha comentado c\u00f3mo Salvador le ofreci\u00f3 poder ubicarse con su food truck en las inmediaciones del Hangar a cambio de incluir la gastroneta de otro hostelero y de renunciar a instalarse en la Isla.<\/p>\n<p>Barriocanal ha detallado que a la desesperada se desplaz\u00f3 a la sede del PP para alertar de lo sucedido y poner a su disposici\u00f3n la grabaci\u00f3n y fue despu\u00e9s cuando el Ayuntamiento public\u00f3 unas bases que le dejaban sin opciones de ganar y que recurri\u00f3.<\/p>\n<p>El trabajador eventual del PP que dimiti\u00f3 el pasado mes de julio ha negado que hubiera presionado a Barriocanal para que no participara en la feria de la Isla ya que, seg\u00fan ha reiterado, en ning\u00fan momento de la conversaci\u00f3n telef\u00f3nica le dice al hostelero que no participe. Desde el PSOE le han recordado que en la grabaci\u00f3n se ha escuchado \u00a0\u00abOjo, si apuestas por lo otro (Isla Fantas\u00eda) igual no tienes nada\u00bb y tambi\u00e9n \u00a0\u00abYo, lo que quieras, pero si depende de que saquen las bases los t\u00e9cnicos y luego del jurado que pongan, igual ni chicha ni limon\u00e1\u00bb.<\/p>\n<p>Salvador se ha definido como un intermediario entre la administraci\u00f3n y el administrado que mediaba para tratar de resolver los problemas de los primeros y ha asegurado que fue Barriocanal el que le dijo al concejal de Comercio, C\u00e9sar Barriada, que quer\u00eda hablar con \u00e9l y de ah\u00ed que descolgar el tel\u00e9fono para llamarle. Desde el PSOE le han recriminado, en el caso de que fuera as\u00ed, la \u00abosad\u00eda de esa llamada\u00bb y que no derivara al hostelero a los t\u00e9cnicos municipales.<\/p>\n","protected":false},"excerpt":{"rendered":"\u00c1lvar Barriocanal, el hostelero que denunci\u00f3 \u00abpresiones\u00bb por parte del extrabajador eventual del PP Francisco Salvador para no&hellip;\n","protected":false},"author":2,"featured_media":136651,"comment_status":"","ping_status":"","sticky":false,"template":"","format":"standard","meta":{"footnotes":""},"categories":[80],"tags":[82,43164,43165,43163,95,94,25,24,956,1699,23],"class_list":{"0":"post-136650","1":"post","2":"type-post","3":"status-publish","4":"format-standard","5":"has-post-thumbnail","7":"category-economia","8":"tag-business","9":"tag-caso-de-las-food-trucks","10":"tag-cesar-barriada","11":"tag-comision-de-investigacion","12":"tag-economia","13":"tag-economy","14":"tag-es","15":"tag-espana","16":"tag-pp","17":"tag-psoe","18":"tag-spain"},"share_on_mastodon":{"url":"","error":""},"_links":{"self":[{"href":"https:\/\/www.europesays.com\/es\/wp-json\/wp\/v2\/posts\/136650","targetHints":{"allow":["GET"]}}],"collection":[{"href":"https:\/\/www.europesays.com\/es\/wp-json\/wp\/v2\/posts"}],"about":[{"href":"https:\/\/www.europesays.com\/es\/wp-json\/wp\/v2\/types\/post"}],"author":[{"embeddable":true,"href":"https:\/\/www.europesays.com\/es\/wp-json\/wp\/v2\/users\/2"}],"replies":[{"embeddable":true,"href":"https:\/\/www.europesays.com\/es\/wp-json\/wp\/v2\/comments?post=136650"}],"version-history":[{"count":0,"href":"https:\/\/www.europesays.com\/es\/wp-json\/wp\/v2\/posts\/136650\/revisions"}],"wp:featuredmedia":[{"embeddable":true,"href":"https:\/\/www.europesays.com\/es\/wp-json\/wp\/v2\/media\/136651"}],"wp:attachment":[{"href":"https:\/\/www.europesays.com\/es\/wp-json\/wp\/v2\/media?parent=136650"}],"wp:term":[{"taxonomy":"category","embeddable":true,"href":"https:\/\/www.europesays.com\/es\/wp-json\/wp\/v2\/categories?post=136650"},{"taxonomy":"post_tag","embeddable":true,"href":"https:\/\/www.europesays.com\/es\/wp-json\/wp\/v2\/tags?post=136650"}],"curies":[{"name":"wp","href":"https:\/\/api.w.org\/{rel}","templated":true}]}}