{"id":136654,"date":"2025-09-24T22:47:09","date_gmt":"2025-09-24T22:47:09","guid":{"rendered":"https:\/\/www.europesays.com\/es\/136654\/"},"modified":"2025-09-24T22:47:09","modified_gmt":"2025-09-24T22:47:09","slug":"el-juez-propone-que-un-jurado-popular-juzgue-a-la-mujer-de-pedro-sanchez","status":"publish","type":"post","link":"https:\/\/www.europesays.com\/es\/136654\/","title":{"rendered":"El juez propone\u00a0que un jurado popular juzgue a la mujer de Pedro S\u00e1nchez"},"content":{"rendered":"<p>\t\t\t \t\t \t\t\t\t\t\t\tBego\u00f1a G\u00f3mez en la Asamblea de Madrid. <strong class=\"pd-l\">JAVIER LIZ\u00d3N | EFE  <\/strong><\/p>\n<p>\t\t\t\t\t\tPeinado considera que hay \u00abindicios racionales, fundados y s\u00f3lidos\u00bb de un delito de malversaci\u00f3n de fondos p\u00fablicos<br \/>\n\t\t\t\t\t\t\t\t\t\t\t\t<strong>24 sep 2025<\/strong> . Actualizado a las 21:02 h.\t\t\t\t\t\t<\/p>\n<p class=\"first-paragraph txt\">\u00a0Bego\u00f1a G\u00f3mez, esposa del presidente del Gobierno, Pedro S\u00e1nchez, ser\u00e1 <strong>juzgada por un jurado popular en caso que la investigaci\u00f3n por malversaci\u00f3n de fondos p\u00fablicos que sigue contra ella el juez Juan Carlos Peinado culmine en la apertura de un juicio oral<\/strong>. As\u00ed lo comunic\u00f3 el magistrado en un auto firmado el pasado martes en el que informa a G\u00f3mez y a su asesora en Moncloa, Cristina \u00c1lvarez, que supuestamente ejerci\u00f3 labores de asistencia para cuestiones privadas de G\u00f3mez, adem\u00e1s de al actual delegado del Gobierno en la Comunidad de Madrid, Francisco Mart\u00edn, exjefe del gabinete t\u00e9cnico de la Secretar\u00eda General de Presidencia, de que <strong>la pieza separada en la que se investigaba este delito de malversaci\u00f3n se convierte en un procedimiento de juicio ante el tribunal del jurado.<\/strong><\/p>\n<p>\t\t\t\t           \t\t\t\t\t\t\t\t\t\t\t\t\t\t\t\t\t\t\t\t\tCitaci\u00f3n<\/p>\n<p class=\"txt\"><strong>El s\u00e1bado a las 18.00 horas<\/strong><\/p>\n<p class=\"txt\">El juez Peinado ha citado a los tres investigados para que comparezcan en la sede judicial este s\u00e1bado 27 de septiembre a las 18.00 horas. Se trata de una diligencia previa prevista en este tipo de procedimientos para concretar a los investigados la imputaci\u00f3n que se les atribuye. En este fin de semana, el juez Peinado se encuentra de guardia de juicios r\u00e1pidos, lo que le permitir\u00e1 practicar esa diligencia.<\/p>\n<p>\t\t\t\t\t\t \t\t\t\t\t\t\t\t\t\t\t\t\t\t\t\t\t\t\t\t\t\t\t\u00abindicios racionales\u00bb<\/p>\n<p class=\"txt\"><strong>Correos de Doadrio<\/strong><\/p>\n<p class=\"txt\">El principal argumento del juez para tomar esa decisi\u00f3n es que existen<strong> \u00abindicios racionales, fundados y s\u00f3lidos\u00bb de la comisi\u00f3n de hechos delictivos<\/strong>. Esos indicios est\u00e1n basados en correos electr\u00f3nicos aportados a la causa por el exvicerrector de la Universidad Complutense de Madrid Juan Carlos Doadrio, que, a su juicio, <strong>confirman que \u00c1lvarez trabajaba para la c\u00e1tedra extraordinaria que dirig\u00eda G\u00f3mez<\/strong>, adem\u00e1s de en el auto de la Audiencia Provincial de Madrid, en el que se avalaron la mayor parte de las investigaciones de Peinado sobre la mujer de S\u00e1nchez. El juez investiga si se produjo un desv\u00edo de dinero p\u00fablico en la designaci\u00f3n de Cristina \u00c1lvarez como asesora de Moncloa.<\/p>\n<p>\t\t\t\t           \t\t\t\t\t\t\t\t\t\t\t\t\t\t\t\t\t\t\t\t\tCambio de parecer<\/p>\n<p class=\"txt\"><strong>\u00abCristalizaci\u00f3n progresiva\u00bb<\/strong><\/p>\n<p class=\"txt\">El juez <strong>hab\u00eda rechazado en un principio admitir a tr\u00e1mite la querella por malversaci\u00f3n<\/strong> presentada por la acusaci\u00f3n contra G\u00f3mez y su ayudante \u00c1lvarez, pero precisa que la delimitaci\u00f3n del proceso penal <strong>es \u00abde cristalizaci\u00f3n progresiva\u00bb,<\/strong> por lo que puede cambiar a lo largo de la instrucci\u00f3n. Destaca tambi\u00e9n que cuando cit\u00f3 a declarar el 10 de septiembre a G\u00f3mez y \u00c1lvarez, \u00ab<strong>ninguna de las dos investigadas contest\u00f3 a pregunta alguna<\/strong> que le hubiera podido formular, bien este instructor, o la representaci\u00f3n de las acusaciones populares, e incluso el representante del ministerio fiscal, o cualquiera de los letrados de la defensa\u00bb. Peinado <strong>ya intent\u00f3 imputar por malversaci\u00f3n al ministro de Presidencia, F\u00e9lix Bola\u00f1os, pero el Supremo desestim\u00f3 esa pretensi\u00f3n.<\/strong><\/p>\n<p class=\"txt\">\n<p>\t\t\t\t\t\t\t\t\t\t\t\t&#13;<br \/>\n\t\t\t\t\t\t\t\t&#13;<br \/>\n&#13;<br \/>\n&#13;<\/p>\n<p>\t\t\t&#13;<br \/>\n\t&#13;<\/p>\n<p>\t\t\t<a href=\"https:\/\/www.lavozdegalicia.es\/noticia\/espana\/2025\/09\/24\/juzgara-begona-gomez-jurado-popular-delito-malversacion-caudales\/00031758705546966180401.htm\" data-analytics=\"link-embed\" rel=\"nofollow noopener\" target=\"_blank\">\u00bfPor qu\u00e9 juzgar\u00e1 a Bego\u00f1a G\u00f3mez un jurado popular?<\/a><\/p>\n<p class=\"a-min-author\">La Voz<\/p>\n<p>\t&#13;<br \/>\n\t&#13;<br \/>\n&#13;<\/p>\n<p>\u00a0<\/p>\n<p>No es definitivo<\/p>\n<p class=\"txt\"><strong>Cabe el recurso<\/strong><\/p>\n<p class=\"txt\">La decisi\u00f3n de que Bego\u00f1a G\u00f3mez se someta a un jurado popular si hay juicio <strong>no es definitiva, porque contra ella cabe interponer recursos de reforma y de apelaci\u00f3n.<\/strong><\/p>\n<p class=\"txt\">\n<p>\t\t\t\t\t\t\t\t\t\t\t\t&#13;<br \/>\n\t\t\t\t\t\t\t\t&#13;<br \/>\n&#13;<br \/>\n&#13;<\/p>\n<p>\t\t\t&#13;<br \/>\n\t&#13;<\/p>\n<p>\t\t\t<a href=\"https:\/\/www.lavozdegalicia.es\/noticia\/espana\/2025\/09\/24\/asistente-moncloa-catedra-claves-pueden-llevar-begona-ante-tribunal-popular\/00031758709893566777109.htm\" data-analytics=\"link-embed\" rel=\"nofollow noopener\" target=\"_blank\">La asistente de Moncloa y la c\u00e1tedra: las claves que pueden llevar a Bego\u00f1a G\u00f3mez ante un tribunal popular<\/a><\/p>\n<p class=\"a-min-author\">\n<p>\t\t\t\t\t\t\t\t\t\t\tMelchor Saiz-Pardo<\/p>\n<p>\t&#13;<br \/>\n\t&#13;<br \/>\n&#13;<\/p>\n<p>Juicio con jurado<\/p>\n<p class=\"txt\"><strong>Dentro del C\u00f3digo Penal<\/strong><\/p>\n<p class=\"txt\">El delito de malversaci\u00f3n de caudales<strong> por funcionarios p\u00fablicos en el ejercicio de su cargo<\/strong> est\u00e1 entre los que <strong>puede juzgar un jurado<\/strong>, seg\u00fan el C\u00f3digo Penal. Tanto \u00c1lvarez como Francisco Mart\u00edn eran funcionarios en el momento de los hechos.<\/p>\n<p>\t\t\t\t\t\t \t\t\t\t\t\t\t\t\t\t\t\t\t\t\t\t\t\t\t\t\t\t\tBego\u00f1a G\u00f3mez, investigada por otros cuatro delitos<\/p>\n<p class=\"txt\">El caso por la supuesta malversaci\u00f3n de fondos p\u00fablicos, que el juez Juan Carlos Peinado ha convertido en una pieza separada,<strong> comprende solo uno de los cinco delitos por los que el magistrado investiga a Bego\u00f1a G\u00f3mez,<\/strong> esposa del presidente del Gobierno, Pedro S\u00e1nchez. Esos otros cuatro delitos son <strong>tr\u00e1fico de influencias, corrupci\u00f3n en los negocios, apropiaci\u00f3n indebida e intrusismo profesional.<\/strong> Una denuncia de Manos Limpias en abril de 2024 acusaba a G\u00f3mez de tr\u00e1fico de influencias por de valerse, presuntamente, de su condici\u00f3n de esposa del presidente para<strong> recomendar a empresarios que se presentaban a licitaciones p\u00fablicas<\/strong>, como es el caso de Juan Carlos Barrab\u00e9s, tambi\u00e9n investigado.<\/p>\n<p class=\"txt\">El magistrado admiti\u00f3 la querella y empez\u00f3 a investigar. Durante la instrucci\u00f3n, fue ampliando las ramas de investigaci\u00f3n, en virtud de nuevas querellas presentadas por la organizaci\u00f3n Hazte O\u00edr y por el partido pol\u00edtico Vox por apropiaci\u00f3n indebida de G\u00f3mez, al <strong>registrar a su nombre el programa de una c\u00e1tedra de la Complutense que dirig\u00eda<\/strong>, a pesar de que el programa pertenece al centro universitario.<\/p>\n<p class=\"txt\">En lo que respecta al delito de intrusismo, Peinado interpreta que G\u00f3mez <strong>no est\u00e1 cualificada para crear la plataforma tecnol\u00f3gica de la Complutense<\/strong>. La investigaci\u00f3n es por elaborar o intervenir en pliegos t\u00e9cnicos para contrataciones sin tener la cualificaci\u00f3n t\u00e9cnica adecuada. Un delito que puede conllevar penas de prisi\u00f3n de hasta tres a\u00f1os.<\/p>\n<p class=\"txt\">Por corrupci\u00f3n en los negocios el juez Peinado la investiga al atribuirle <strong>actuaciones en contratos o negocios en los que podr\u00edan haberse producido favores, contraprestaciones o trato privilegiado entre particulares o empresas vinculadas<\/strong>. Estas otras cuatro acusaciones no est\u00e1n comprendidas, en principio, entre las que el juez Peinado considera que la esposa del presidente del Gobierno deber\u00eda ser juzgada por un jurado popular.<\/p>\n<p>&#13;<br \/>\n\tArchivado en:&#13;<br \/>\n\t\t\t\t\t<a href=\"https:\/\/www.lavozdegalicia.es\/temas\/begona-gomez\/\" target=\"_blank\" class=\"mg-l\" rel=\"nofollow noopener\">Bego\u00f1a G\u00f3mez<\/a>&#13;<br \/>\n\t\t\t\t\t<a href=\"https:\/\/www.lavozdegalicia.es\/temas\/moncloa\/\" target=\"_blank\" class=\"mg-l\" rel=\"nofollow noopener\">Moncloa<\/a>&#13;<br \/>\n\t\t\t\t\t<a href=\"https:\/\/www.lavozdegalicia.es\/temas\/corrupcion\/\" target=\"_blank\" class=\"mg-l\" rel=\"nofollow noopener\">Corrupci\u00f3n<\/a>&#13;<br \/>\n\t\t\t\t\t<a href=\"https:\/\/www.lavozdegalicia.es\/temas\/pedro-sanchez\/\" target=\"_blank\" class=\"mg-l\" rel=\"nofollow noopener\">Pedro S\u00e1nchez<\/a>&#13;<br \/>\n\t&#13;<\/p>\n","protected":false},"excerpt":{"rendered":"Bego\u00f1a G\u00f3mez en la Asamblea de Madrid. JAVIER LIZ\u00d3N | EFE Peinado considera que hay \u00abindicios racionales, fundados&hellip;\n","protected":false},"author":2,"featured_media":136655,"comment_status":"","ping_status":"","sticky":false,"template":"","format":"standard","meta":{"footnotes":""},"categories":[8],"tags":[2963,17,18,767,25,24,13,14,11,19,20,10277,9,10,15,16,2959,23,12,21,22],"class_list":{"0":"post-136654","1":"post","2":"type-post","3":"status-publish","4":"format-standard","5":"has-post-thumbnail","7":"category-espana","8":"tag-begona-gomez","9":"tag-breaking-news","10":"tag-breakingnews","11":"tag-corrupcion","12":"tag-es","13":"tag-espana","14":"tag-featured-news","15":"tag-featurednews","16":"tag-headlines","17":"tag-latest-news","18":"tag-latestnews","19":"tag-moncloa","20":"tag-news","21":"tag-noticias","22":"tag-noticias-destacadas","23":"tag-noticiasdestacadas","24":"tag-pedro-sanchez","25":"tag-spain","26":"tag-titulares","27":"tag-ultimas-noticias","28":"tag-ultimasnoticias"},"share_on_mastodon":{"url":"","error":""},"_links":{"self":[{"href":"https:\/\/www.europesays.com\/es\/wp-json\/wp\/v2\/posts\/136654","targetHints":{"allow":["GET"]}}],"collection":[{"href":"https:\/\/www.europesays.com\/es\/wp-json\/wp\/v2\/posts"}],"about":[{"href":"https:\/\/www.europesays.com\/es\/wp-json\/wp\/v2\/types\/post"}],"author":[{"embeddable":true,"href":"https:\/\/www.europesays.com\/es\/wp-json\/wp\/v2\/users\/2"}],"replies":[{"embeddable":true,"href":"https:\/\/www.europesays.com\/es\/wp-json\/wp\/v2\/comments?post=136654"}],"version-history":[{"count":0,"href":"https:\/\/www.europesays.com\/es\/wp-json\/wp\/v2\/posts\/136654\/revisions"}],"wp:featuredmedia":[{"embeddable":true,"href":"https:\/\/www.europesays.com\/es\/wp-json\/wp\/v2\/media\/136655"}],"wp:attachment":[{"href":"https:\/\/www.europesays.com\/es\/wp-json\/wp\/v2\/media?parent=136654"}],"wp:term":[{"taxonomy":"category","embeddable":true,"href":"https:\/\/www.europesays.com\/es\/wp-json\/wp\/v2\/categories?post=136654"},{"taxonomy":"post_tag","embeddable":true,"href":"https:\/\/www.europesays.com\/es\/wp-json\/wp\/v2\/tags?post=136654"}],"curies":[{"name":"wp","href":"https:\/\/api.w.org\/{rel}","templated":true}]}}