{"id":136658,"date":"2025-09-24T22:49:08","date_gmt":"2025-09-24T22:49:08","guid":{"rendered":"https:\/\/www.europesays.com\/es\/136658\/"},"modified":"2025-09-24T22:49:08","modified_gmt":"2025-09-24T22:49:08","slug":"bm-contazara-zaragoza-visita-al-historico-bm-cisne-con-la-moral-alta","status":"publish","type":"post","link":"https:\/\/www.europesays.com\/es\/136658\/","title":{"rendered":"BM Contazara Zaragoza visita al hist\u00f3rico BM Cisne con la moral alta"},"content":{"rendered":"<p data-start=\"383\" data-end=\"834\">El <strong data-start=\"426\" data-end=\"498\"><a href=\"https:\/\/www.sportaragon.com\/zaragoza-balonmano\/\" rel=\"nofollow noopener\" target=\"_blank\">BM Contazara Zaragoza<\/a> afronta este s\u00e1bado 27 de septiembre (19:00 h)<\/strong> uno de los retos m\u00e1s exigentes del inicio de temporada en la Divisi\u00f3n de Honor Plata: visitar la pista del <strong data-start=\"606\" data-end=\"639\">Club Cisne Colegio Los Sauces<\/strong>, uno de los hist\u00f3ricos del balonmano nacional. Ser\u00e1 el partido correspondiente a la <strong data-start=\"724\" data-end=\"752\">jornada 3 del campeonato<\/strong> y se jugar\u00e1 en Pontevedra, en una de las canchas m\u00e1s complicadas de la categor\u00eda.<\/p>\n<p data-start=\"836\" data-end=\"1022\">El t\u00e9cnico zaragozano, <strong data-start=\"859\" data-end=\"877\">Mariano Ortega<\/strong>, reconoc\u00eda la dificultad del encuentro pero tambi\u00e9n el impulso an\u00edmico que ha supuesto para el grupo la victoria lograda en la jornada anterior:<\/p>\n<blockquote data-start=\"1024\" data-end=\"1268\">\n<p data-start=\"1026\" data-end=\"1268\">\u201cLa victoria en casa refuerza el trabajo, el esfuerzo y la credibilidad en lo que hacemos, dando un extra en la confianza. Fue un triunfo importante, pero es solo el inicio y debemos seguir en esta l\u00ednea\u201d.<\/p>\n<\/blockquote>\n<p>Un rival exigente en una cancha complicada<\/p>\n<p data-start=\"1317\" data-end=\"1577\">El <strong data-start=\"1320\" data-end=\"1351\">BM Cisne Colegio Los Sauces<\/strong> es un conjunto con una reconocida tradici\u00f3n formativa. Su primer equipo es el reflejo de a\u00f1os de trabajo con la base, y <strong data-start=\"1472\" data-end=\"1510\">presenta un bloque muy equilibrado<\/strong>, con jugadores de calidad t\u00e1ctica y experiencia en la Liga ASOBAL.<\/p>\n<p data-start=\"1579\" data-end=\"1620\">Ortega advierte sobre el nivel del rival:<\/p>\n<blockquote data-start=\"1622\" data-end=\"1784\">\n<p data-start=\"1624\" data-end=\"1784\">\u201cCisne es un equipo de gran calidad, con jugadores desequilibrantes y buena toma de decisiones. Son compactos defensivamente y muy r\u00e1pidos en las transiciones\u201d.<\/p>\n<\/blockquote>\n<p data-start=\"1786\" data-end=\"1991\">Entre sus principales fortalezas destaca su defensa 6:0, muy trabajada, as\u00ed como su capacidad para castigar con un <strong data-start=\"1901\" data-end=\"1990\">juego veloz por los extremos y una peligrosa primera y segunda oleada al contraataque<\/strong>.<\/p>\n<p data-start=\"1993\" data-end=\"2047\">En ataque, el t\u00e9cnico tambi\u00e9n pone en valor su estilo:<\/p>\n<blockquote data-start=\"2049\" data-end=\"2270\">\n<p data-start=\"2051\" data-end=\"2270\">\u201cTienen buen juego con el pivote, continuidad en las acciones y lanzamiento entre l\u00edneas y a distancia. Habr\u00e1 que estar muy duros en los duelos individuales y atentos en las ayudas\u201d.<\/p>\n<\/blockquote>\n<p>Un grupo que empieza a mostrar su potencial<\/p>\n<p data-start=\"2320\" data-end=\"2437\">Uno de los referentes del equipo, <strong data-start=\"2354\" data-end=\"2374\">\u00c1lvaro del Valle<\/strong>, tambi\u00e9n ha querido valorar el momento que atraviesa el grupo:<\/p>\n<blockquote data-start=\"2439\" data-end=\"2674\">\n<p data-start=\"2441\" data-end=\"2674\">\u201cEl domingo se vio el verdadero potencial de este equipo ante uno de los claros candidatos al ascenso y con una afici\u00f3n de diez. Queremos seguir en esta l\u00ednea y demostrar que no fue un espejismo\u201d.<\/p>\n<\/blockquote>\n<p data-start=\"2676\" data-end=\"2968\">La solidez del BM Contazara Zaragoza en su \u00faltimo compromiso ha dejado claro que el equipo va en serio esta temporada. La plantilla, joven pero ambiciosa, se muestra cada vez m\u00e1s c\u00f3moda en pista, con jugadores que ya est\u00e1n empezando a asumir roles importantes tanto en defensa como en ataque.<\/p>\n<p>Un desplazamiento largo, pero con ganas de seguir creciendo<\/p>\n<p data-start=\"3034\" data-end=\"3314\">La expedici\u00f3n zaragozana viajar\u00e1 a Pontevedra con la convicci\u00f3n de que se puede competir en cualquier pista. El objetivo es <strong data-start=\"3158\" data-end=\"3191\">mantener la din\u00e1mica positiva<\/strong>, seguir sumando y consolidar el crecimiento del grupo en una temporada que se presenta exigente, pero tambi\u00e9n ilusionante.<\/p>\n<p data-start=\"3316\" data-end=\"3505\"><strong data-start=\"3316\" data-end=\"3422\">El partido del s\u00e1bado ante Cisne ser\u00e1 un nuevo test para calibrar hasta d\u00f3nde puede llegar este equipo<\/strong>, que ya ha dejado claro que tiene argumentos para dar guerra y mirar hacia arriba.<\/p>\n","protected":false},"excerpt":{"rendered":"El BM Contazara Zaragoza afronta este s\u00e1bado 27 de septiembre (19:00 h) uno de los retos m\u00e1s exigentes&hellip;\n","protected":false},"author":2,"featured_media":136659,"comment_status":"","ping_status":"","sticky":false,"template":"","format":"standard","meta":{"footnotes":""},"categories":[278],"tags":[376,43167,168,25,24,375,23,167],"class_list":{"0":"post-136658","1":"post","2":"type-post","3":"status-publish","4":"format-standard","5":"has-post-thumbnail","7":"category-balonmano","8":"tag-balonmano","9":"tag-bm-zaragoza","10":"tag-deportes","11":"tag-es","12":"tag-espana","13":"tag-handball","14":"tag-spain","15":"tag-sports"},"share_on_mastodon":{"url":"","error":""},"_links":{"self":[{"href":"https:\/\/www.europesays.com\/es\/wp-json\/wp\/v2\/posts\/136658","targetHints":{"allow":["GET"]}}],"collection":[{"href":"https:\/\/www.europesays.com\/es\/wp-json\/wp\/v2\/posts"}],"about":[{"href":"https:\/\/www.europesays.com\/es\/wp-json\/wp\/v2\/types\/post"}],"author":[{"embeddable":true,"href":"https:\/\/www.europesays.com\/es\/wp-json\/wp\/v2\/users\/2"}],"replies":[{"embeddable":true,"href":"https:\/\/www.europesays.com\/es\/wp-json\/wp\/v2\/comments?post=136658"}],"version-history":[{"count":0,"href":"https:\/\/www.europesays.com\/es\/wp-json\/wp\/v2\/posts\/136658\/revisions"}],"wp:featuredmedia":[{"embeddable":true,"href":"https:\/\/www.europesays.com\/es\/wp-json\/wp\/v2\/media\/136659"}],"wp:attachment":[{"href":"https:\/\/www.europesays.com\/es\/wp-json\/wp\/v2\/media?parent=136658"}],"wp:term":[{"taxonomy":"category","embeddable":true,"href":"https:\/\/www.europesays.com\/es\/wp-json\/wp\/v2\/categories?post=136658"},{"taxonomy":"post_tag","embeddable":true,"href":"https:\/\/www.europesays.com\/es\/wp-json\/wp\/v2\/tags?post=136658"}],"curies":[{"name":"wp","href":"https:\/\/api.w.org\/{rel}","templated":true}]}}