{"id":136660,"date":"2025-09-24T22:52:08","date_gmt":"2025-09-24T22:52:08","guid":{"rendered":"https:\/\/www.europesays.com\/es\/136660\/"},"modified":"2025-09-24T22:52:08","modified_gmt":"2025-09-24T22:52:08","slug":"el-golf-llavaneres-acoge-el-memorial-familia-escobar-camprubi","status":"publish","type":"post","link":"https:\/\/www.europesays.com\/es\/136660\/","title":{"rendered":"El Golf Llavaneres acoge el Memorial familia Escobar-Camprub\u00ed"},"content":{"rendered":"<p data-gtm-element-container=\"modulo-texto-link\" class=\"paragraph\">Cerca de 250 personas participaron entre el martes 23 y el mi\u00e9rcoles 24 en un torneo ben\u00e9fico de golf en el Club de Golf Llavaneres, organizado por familiares y amigos de la familia Escobar-Camprub\u00ed, fallecida hace seis meses en un accidente de helic\u00f3ptero en Nueva York.<\/p>\n<p data-gtm-element-container=\"modulo-texto-link\" class=\"paragraph\">La iniciativa, impulsada entre otros por <strong>Joan Camprub\u00ed Montal<\/strong> \u2014l\u00edder de &#8216;Som un clam&#8217; y nieto del expresidente del <strong>FC Barcelona Agust\u00ed Montal<\/strong>\u2014, reuni\u00f3 a m\u00e1s de 60 equipos en la modalidad scramble medal, en la que se contabiliza el mejor golpe de cada conjunto.<\/p>\n<p data-gtm-element-container=\"modulo-texto-link\" class=\"paragraph\">Uno de los momentos destacados fue el golpe de exhibici\u00f3n en el hoyo 18 a cargo del golfista profesional <strong>Pablo Larraz\u00e1bal<\/strong>, acompa\u00f1ado por miembros de la familia <strong>Camprub\u00ed Montal<\/strong>.<\/p>\n<p data-gtm-element-container=\"modulo-texto-link\" class=\"paragraph\">El encuentro concluy\u00f3 con un almuerzo en la terraza del club, al que asistieron m\u00e1s de 300 personas, entre ellas representantes del \u00e1mbito deportivo y social. El acto incluy\u00f3 intervenciones humor\u00edsticas de <strong>Manel Fuentes <\/strong>y <strong>Jordi R\u00edos<\/strong>, con imitaciones de exfutbolistas del <strong>FC Barcelona<\/strong>.<\/p>\n<p data-gtm-element-container=\"modulo-texto-link\" class=\"paragraph\">Durante la jornada se celebr\u00f3 tambi\u00e9n una entrega de premios con el apoyo de diversos patrocinadores, entre ellos Fundaci\u00f3n La Caixa, M Automoci\u00f3n, Callaway, 11am y Europastry. La recaudaci\u00f3n, cercana a los 10.000 euros, se destinar\u00e1 a becas para estudiantes del colegio Sant Ignasi.<\/p>\n<p>    Lee tambi\u00e9n<\/p>\n<p data-gtm-element-container=\"modulo-texto-link\" class=\"paragraph\">Los organizadores han anunciado que esta actividad tendr\u00e1 continuidad con la creaci\u00f3n de la <strong>Fundaci\u00f3n Escobar-Camprub\u00ed<\/strong>, que promover\u00e1 becas y eventos solidarios.<\/p>\n","protected":false},"excerpt":{"rendered":"Cerca de 250 personas participaron entre el martes 23 y el mi\u00e9rcoles 24 en un torneo ben\u00e9fico de&hellip;\n","protected":false},"author":2,"featured_media":136661,"comment_status":"","ping_status":"","sticky":false,"template":"","format":"standard","meta":{"footnotes":""},"categories":[275],"tags":[168,25,24,329,23,167],"class_list":{"0":"post-136660","1":"post","2":"type-post","3":"status-publish","4":"format-standard","5":"has-post-thumbnail","7":"category-golf","8":"tag-deportes","9":"tag-es","10":"tag-espana","11":"tag-golf","12":"tag-spain","13":"tag-sports"},"share_on_mastodon":{"url":"","error":""},"_links":{"self":[{"href":"https:\/\/www.europesays.com\/es\/wp-json\/wp\/v2\/posts\/136660","targetHints":{"allow":["GET"]}}],"collection":[{"href":"https:\/\/www.europesays.com\/es\/wp-json\/wp\/v2\/posts"}],"about":[{"href":"https:\/\/www.europesays.com\/es\/wp-json\/wp\/v2\/types\/post"}],"author":[{"embeddable":true,"href":"https:\/\/www.europesays.com\/es\/wp-json\/wp\/v2\/users\/2"}],"replies":[{"embeddable":true,"href":"https:\/\/www.europesays.com\/es\/wp-json\/wp\/v2\/comments?post=136660"}],"version-history":[{"count":0,"href":"https:\/\/www.europesays.com\/es\/wp-json\/wp\/v2\/posts\/136660\/revisions"}],"wp:featuredmedia":[{"embeddable":true,"href":"https:\/\/www.europesays.com\/es\/wp-json\/wp\/v2\/media\/136661"}],"wp:attachment":[{"href":"https:\/\/www.europesays.com\/es\/wp-json\/wp\/v2\/media?parent=136660"}],"wp:term":[{"taxonomy":"category","embeddable":true,"href":"https:\/\/www.europesays.com\/es\/wp-json\/wp\/v2\/categories?post=136660"},{"taxonomy":"post_tag","embeddable":true,"href":"https:\/\/www.europesays.com\/es\/wp-json\/wp\/v2\/tags?post=136660"}],"curies":[{"name":"wp","href":"https:\/\/api.w.org\/{rel}","templated":true}]}}