{"id":136668,"date":"2025-09-24T22:57:08","date_gmt":"2025-09-24T22:57:08","guid":{"rendered":"https:\/\/www.europesays.com\/es\/136668\/"},"modified":"2025-09-24T22:57:08","modified_gmt":"2025-09-24T22:57:08","slug":"el-partido-de-osasuna-cuya-retransmision-le-cuesta-una-condena-por-pirateria-a-un-bar-en-la-costa-andaluza","status":"publish","type":"post","link":"https:\/\/www.europesays.com\/es\/136668\/","title":{"rendered":"El partido de Osasuna cuya retransmisi\u00f3n le cuesta una condena por pirater\u00eda a un bar en la costa andaluza"},"content":{"rendered":"<p>\n        <strong>En el \u00e1nimo persecutorio de la Liga de F\u00fatbol Profesional<\/strong> que dirige <a href=\"https:\/\/www.noticiasdenavarra.com\/tags\/javier-tebas\/\" title=\"Javier Tebas\" class=\"link copy\" rel=\"nofollow noopener\" target=\"_blank\">Javier Tebas<\/a> contra la pirater\u00eda, los locales de restauraci\u00f3n en zonas de costa y en fechas estivales, cuando est\u00e1n repletas de turistas, se encuentran en el centro de la diana. As\u00ed, ya se han conocido varias procedimientos, por ejemplo en Cambados, con sentencias condenatorias a los due\u00f1os de restaurantes por retransmitir f\u00fatbol pirata. Y as\u00ed le ha ocurrido en esta ocasi\u00f3n tambi\u00e9n a un restaurante de Torremolinos (M\u00e1laga), cuyo propietario <strong>ha sido condenado por el mismo motivo<\/strong>.\n<\/p>\n<p class=\"article-body__text \">\n        El encuentro que ofrec\u00eda para su clientela en directo a trav\u00e9s de una plataforma no autorizada por LaLiga era el partidazo que enfrentaba el<strong> 19 de agosto de 2023 en El Sadar a Osasuna contra Athletic de Bilbao<\/strong>. El derbi, uno de los m\u00e1s calientes de las \u00faltimas temporadas, termin\u00f3 con la expulsi\u00f3n de Oihan Sancet por agredir al defensa rojillo David Garc\u00eda en el minuto 59 y tambi\u00e9n del Chimy \u00c1vila, en el descuento. El encuentro finaliz\u00f3 con la victoria visitante por 0-2, con los goles tempraneros de I\u00f1aki Williams y Guruzeta.\n<\/p>\n<p class=\"article-body__text \">\n        <strong>La retransmisi\u00f3n de aquel partido le ha costado una pena de 1.350 euros de multa por un delito leve contra el mercado y los consumidores, as\u00ed como a una responsabilidad civil de 3.305 euros con la que indemnizar\u00e1 a LaLiga.<\/strong>\n<\/p>\n<p class=\"article-body__text \">\n        <strong>La Secci\u00f3n 9\u00aa de la Audiencia Provincial de M\u00e1laga<\/strong> ha confirmado ahora la condena que le impuso inicialmente al hostelero el <strong>Juzgado de Instrucci\u00f3n n\u00famero 4 de Torremolinos<\/strong>, donde se celebr\u00f3 el correspondiente juicio. La defensa del hostelero hab\u00eda recurrido para que se absolviera a su representado porque a su entender ten\u00eda autorizaci\u00f3n para emitir los partidos de LaLiga.\n<\/p>\n<p class=\"article-body__text \">\n        Sin embargo, la Sala confirma que ha revisado las pruebas existente en la causa y se aprecia que el due\u00f1o de dicho restaurante \u00abcarec\u00eda de autorizaci\u00f3n para la retransmisi\u00f3n de partidos de la Liga espa\u00f1ola en el local que regenta\u00bb y que seg\u00fan el acta de infracci\u00f3n detectada se ratifica la retransmisi\u00f3n del partido entre Osasuna y Athletic, emitida en el <strong>establecimiento p\u00fablico a trav\u00e9s de la plataforma Z Voetbal<\/strong>, un operador no autorizado para la retransmisi\u00f3n de los partidos de la Liga de F\u00fatbol Profesional en locales de hosteler\u00eda.<\/p>\n","protected":false},"excerpt":{"rendered":"En el \u00e1nimo persecutorio de la Liga de F\u00fatbol Profesional que dirige Javier Tebas contra la pirater\u00eda, los&hellip;\n","protected":false},"author":2,"featured_media":136669,"comment_status":"","ping_status":"","sticky":false,"template":"","format":"standard","meta":{"footnotes":""},"categories":[268],"tags":[10007,168,25,24,280,282,3294,621,1045,18128,281,23,167],"class_list":{"0":"post-136668","1":"post","2":"type-post","3":"status-publish","4":"format-standard","5":"has-post-thumbnail","7":"category-futbol","8":"tag-cuya","9":"tag-deportes","10":"tag-es","11":"tag-espana","12":"tag-football","13":"tag-futbol","14":"tag-le","15":"tag-osasuna","16":"tag-partido","17":"tag-retransmision","18":"tag-soccer","19":"tag-spain","20":"tag-sports"},"share_on_mastodon":{"url":"","error":""},"_links":{"self":[{"href":"https:\/\/www.europesays.com\/es\/wp-json\/wp\/v2\/posts\/136668","targetHints":{"allow":["GET"]}}],"collection":[{"href":"https:\/\/www.europesays.com\/es\/wp-json\/wp\/v2\/posts"}],"about":[{"href":"https:\/\/www.europesays.com\/es\/wp-json\/wp\/v2\/types\/post"}],"author":[{"embeddable":true,"href":"https:\/\/www.europesays.com\/es\/wp-json\/wp\/v2\/users\/2"}],"replies":[{"embeddable":true,"href":"https:\/\/www.europesays.com\/es\/wp-json\/wp\/v2\/comments?post=136668"}],"version-history":[{"count":0,"href":"https:\/\/www.europesays.com\/es\/wp-json\/wp\/v2\/posts\/136668\/revisions"}],"wp:featuredmedia":[{"embeddable":true,"href":"https:\/\/www.europesays.com\/es\/wp-json\/wp\/v2\/media\/136669"}],"wp:attachment":[{"href":"https:\/\/www.europesays.com\/es\/wp-json\/wp\/v2\/media?parent=136668"}],"wp:term":[{"taxonomy":"category","embeddable":true,"href":"https:\/\/www.europesays.com\/es\/wp-json\/wp\/v2\/categories?post=136668"},{"taxonomy":"post_tag","embeddable":true,"href":"https:\/\/www.europesays.com\/es\/wp-json\/wp\/v2\/tags?post=136668"}],"curies":[{"name":"wp","href":"https:\/\/api.w.org\/{rel}","templated":true}]}}