{"id":136670,"date":"2025-09-24T22:58:07","date_gmt":"2025-09-24T22:58:07","guid":{"rendered":"https:\/\/www.europesays.com\/es\/136670\/"},"modified":"2025-09-24T22:58:07","modified_gmt":"2025-09-24T22:58:07","slug":"laura-matamoros-desmiente-la-pelea-con-mar-torres-y-le-hace-un-reproche-a-carlo-costanzia","status":"publish","type":"post","link":"https:\/\/www.europesays.com\/es\/136670\/","title":{"rendered":"Laura Matamoros desmiente la pelea con Mar Torres y le hace un reproche a Carlo Costanzia"},"content":{"rendered":"<p style=\"text-align: justify;\">\u00a0\u00a0\u00a0MADRID, 24 Sep. (CHANCE) &#8211;<\/p>\n<p style=\"text-align: justify;\"><strong>\u00a0 Laura Matamoros <\/strong>ha sido la \u00fanica de la familia que ha acudido a la presentaci\u00f3n oficial de las memorias de su t\u00eda, <strong>Mar Torres,<\/strong> &#8216;Mar en calma&#8217;. Un gesto con el que ha demostrado que su relaci\u00f3n con la modelo es buena y que le apoya en este momento clave de su vida.<\/p>\n<p style=\"text-align: justify;\">\u00a0 \u00abHe llegado tarde, pero he llegado, que es lo importante, para apoyar a Mar, pero no solo para apoyarla sino para demostrarle que estamos aqu\u00ed todos\u00bb, dec\u00eda la influencer. Adem\u00e1s, aseguraba que \u00abno\u00bb entiende que su hijo<strong> Carlo<\/strong> posara con su padre en el cumplea\u00f1os <strong>Terelu Campos<\/strong> y no haya acudido a la presentaci\u00f3n.<\/p>\n<p style=\"text-align: justify;\">\u00a0\u00a0\u00a0En ese aspecto,<strong> Laura<\/strong> entiende que \u00abcada uno al final sabe cu\u00e1ndo tiene que estar y d\u00f3nde tiene que estar\u00bb y reflexionaba con que \u00aba lo mejor apoyar en silencio tambi\u00e9n es su opci\u00f3n\u00bb, pero dejaba claro que \u00abno puedo hablar por el resto\u00bb.<\/p>\n<p style=\"text-align: justify;\">\u00a0\u00a0\u00a0Sobre las memorias,<strong> Matamoros<\/strong> confesaba que no se las ha le\u00eddo todav\u00eda, pero que su madre si lo ha hecho y \u00abme ha contado que al final el libro es una biograf\u00eda de su vida y se ha dado pie a cosas que no son agradables, pero que han pasado en su vida y que todos en la familia de alguna manera ya sab\u00edamos\u00bb.<\/p>\n<p style=\"text-align: justify;\">\u00a0\u00a0\u00a0Es por eso por lo que no cree que este libro desuna los v\u00ednculos familiares: \u00abYo creo que si ya estaba dividida&#8230; no hace falta un libro\u00bb, ya que \u00ablos que estamos y hemos estado unidos desde el principio hasta el final no creo que nos desuna\u00bb.<\/p>\n<p style=\"text-align: justify;\">\u00a0\u00a0\u00a0Por \u00faltimo, <strong>Laura<\/strong> ha sido preguntada por la supuesta pelea que tuvo con<strong> Mar Flores<\/strong> hace unos d\u00edas en un festival y confesaba que \u00abno\u00bb es verdad nada de lo que se ha dicho: \u00abLa gente habla de m\u00e1s, nos encontramos en un festival, hablamos, pero no es eso que dicen ni mucho menos\u00bb.<\/p>\n","protected":false},"excerpt":{"rendered":"\u00a0\u00a0\u00a0MADRID, 24 Sep. (CHANCE) &#8211; \u00a0 Laura Matamoros ha sido la \u00fanica de la familia que ha acudido&hellip;\n","protected":false},"author":2,"featured_media":136671,"comment_status":"","ping_status":"","sticky":false,"template":"","format":"standard","meta":{"footnotes":""},"categories":[174],"tags":[255,146,147,25,24,256,23],"class_list":{"0":"post-136670","1":"post","2":"type-post","3":"status-publish","4":"format-standard","5":"has-post-thumbnail","7":"category-famosos","8":"tag-celebrities","9":"tag-entertainment","10":"tag-entretenimiento","11":"tag-es","12":"tag-espana","13":"tag-famosos","14":"tag-spain"},"share_on_mastodon":{"url":"","error":""},"_links":{"self":[{"href":"https:\/\/www.europesays.com\/es\/wp-json\/wp\/v2\/posts\/136670","targetHints":{"allow":["GET"]}}],"collection":[{"href":"https:\/\/www.europesays.com\/es\/wp-json\/wp\/v2\/posts"}],"about":[{"href":"https:\/\/www.europesays.com\/es\/wp-json\/wp\/v2\/types\/post"}],"author":[{"embeddable":true,"href":"https:\/\/www.europesays.com\/es\/wp-json\/wp\/v2\/users\/2"}],"replies":[{"embeddable":true,"href":"https:\/\/www.europesays.com\/es\/wp-json\/wp\/v2\/comments?post=136670"}],"version-history":[{"count":0,"href":"https:\/\/www.europesays.com\/es\/wp-json\/wp\/v2\/posts\/136670\/revisions"}],"wp:featuredmedia":[{"embeddable":true,"href":"https:\/\/www.europesays.com\/es\/wp-json\/wp\/v2\/media\/136671"}],"wp:attachment":[{"href":"https:\/\/www.europesays.com\/es\/wp-json\/wp\/v2\/media?parent=136670"}],"wp:term":[{"taxonomy":"category","embeddable":true,"href":"https:\/\/www.europesays.com\/es\/wp-json\/wp\/v2\/categories?post=136670"},{"taxonomy":"post_tag","embeddable":true,"href":"https:\/\/www.europesays.com\/es\/wp-json\/wp\/v2\/tags?post=136670"}],"curies":[{"name":"wp","href":"https:\/\/api.w.org\/{rel}","templated":true}]}}