{"id":136684,"date":"2025-09-24T23:08:07","date_gmt":"2025-09-24T23:08:07","guid":{"rendered":"https:\/\/www.europesays.com\/es\/136684\/"},"modified":"2025-09-24T23:08:07","modified_gmt":"2025-09-24T23:08:07","slug":"el-42-de-las-muertes-por-cancer-estan-vinculadas-a-44-factores-de-riesgo-evitables-salud-y-bienestar","status":"publish","type":"post","link":"https:\/\/www.europesays.com\/es\/136684\/","title":{"rendered":"El 42% de las muertes por c\u00e1ncer est\u00e1n vinculadas a 44 factores de riesgo evitables | Salud y bienestar"},"content":{"rendered":"<p class=\"\">La sombra del <a href=\"https:\/\/elpais.com\/noticias\/cancer\/\" target=\"_self\" rel=\"nofollow noopener\" title=\"https:\/\/elpais.com\/noticias\/cancer\/\">c\u00e1ncer<\/a> se expande: es <a href=\"https:\/\/www.who.int\/es\/news-room\/fact-sheets\/detail\/cancer\" target=\"_self\" rel=\"nofollow noopener\" title=\"https:\/\/www.who.int\/es\/news-room\/fact-sheets\/detail\/cancer\">la primera causa<\/a> de muerte en el mundo y su incidencia est\u00e1 disparada. Seg\u00fan <a href=\"https:\/\/www.thelancet.com\/journals\/lancet\/article\/PIIS0140-6736(25)01635-6\/fulltext\" target=\"_self\" rel=\"nofollow noopener\" title=\"https:\/\/www.thelancet.com\/journals\/lancet\/article\/PIIS0140-6736(25)01635-6\/fulltext\">un estudio<\/a> publicado este mi\u00e9rcoles en The Lancet con datos de 200 pa\u00edses, en 2023 se le diagnostic\u00f3 un tumor a 18,5 millones de personas. Esto es el doble que en 1990 y la tendencia sigue al alza. La previsi\u00f3n es que en 2050, los nuevos casos crezcan un 61%, aupados, sobre todo, por el crecimiento demogr\u00e1fico y el envejecimiento de la poblaci\u00f3n. Pero los autores del estudio han advertido tambi\u00e9n del peligro de perpetuar comportamientos nocivos: el 42% de los 10,4 millones de muertes por c\u00e1ncer registradas en 2023 est\u00e1n vinculadas a un pu\u00f1ado de <a href=\"https:\/\/elpais.com\/salud-y-bienestar\/2025-06-12\/anna-gilmore-investigadora-en-salud-publica-solo-cuatro-productos-causan-al-menos-un-tercio-de-todas-las-muertes.html#?rel=mas\" target=\"_self\" rel=\"nofollow noopener\" title=\"https:\/\/elpais.com\/salud-y-bienestar\/2025-06-12\/anna-gilmore-investigadora-en-salud-publica-solo-cuatro-productos-causan-al-menos-un-tercio-de-todas-las-muertes.html#?rel=mas\">factores de riesgo<\/a> evitables.<\/p>\n<p class=\"\">El ejemplo m\u00e1s claro es <a href=\"https:\/\/elpais.com\/salud-y-bienestar\/2025-06-12\/anna-gilmore-investigadora-en-salud-publica-solo-cuatro-productos-causan-al-menos-un-tercio-de-todas-las-muertes.html#?rel=mas\" target=\"_self\" rel=\"nofollow noopener\" title=\"https:\/\/elpais.com\/salud-y-bienestar\/2025-06-12\/anna-gilmore-investigadora-en-salud-publica-solo-cuatro-productos-causan-al-menos-un-tercio-de-todas-las-muertes.html#?rel=mas\">el tabaco<\/a>. Este h\u00e1bito t\u00f3xico abona el desarrollo de una quincena de tumores y contribuye a una de cada cinco muertes por c\u00e1ncer. Pero hay m\u00e1s. Los autores se\u00f1alan, en total, 44 factores de riesgo modificables que est\u00e1n relacionados con casi la mitad de las <a href=\"https:\/\/elpais.com\/salud-y-bienestar\/2025-06-26\/radiografia-del-cancer-en-el-mundo-el-de-pulmon-es-el-mas-frecuente-y-el-de-colon-aumenta-en-adultos-jovenes.html\" target=\"_self\" rel=\"nofollow noopener\" title=\"https:\/\/elpais.com\/salud-y-bienestar\/2025-06-26\/radiografia-del-cancer-en-el-mundo-el-de-pulmon-es-el-mas-frecuente-y-el-de-colon-aumenta-en-adultos-jovenes.html\">muertes por c\u00e1ncer<\/a> entre los hombres y m\u00e1s de un tercio de los decesos en mujeres. Todos son viejos conocidos para los cient\u00edficos: la obesidad, niveles altos de az\u00facar en sangre, dietas poco saludables, el consumo de alcohol y otras drogas, el sedentarismo, etc. Y hay un buen pu\u00f1ado que no suelen estar en manos de la gente, como la contaminaci\u00f3n o la exposici\u00f3n a rad\u00f3n, amianto o ars\u00e9nico (ver lista abajo).<\/p>\n<p>M\u00e1s informaci\u00f3n<\/p>\n<p class=\"\">Theo Vos, autor del estudio e investigador del Instituto de M\u00e9tricas y Evaluaci\u00f3n de la Salud de la Universidad de Washington, puntualiza que en ese c\u00f3mputo de factores de riesgo no han tenido en cuenta agentes infecciosos. Por ejemplo, el <a href=\"https:\/\/elpais.com\/noticias\/vph-virus-papiloma-humano\/\" target=\"_self\" rel=\"nofollow noopener\" title=\"https:\/\/elpais.com\/noticias\/vph-virus-papiloma-humano\/\">virus del papiloma humano<\/a> (VPH), que provoca c\u00e1ncer de cuello uterino y de faringe, o la bacteria Helicobacter pylori, causante de la mayor\u00eda de los casos de c\u00e1ncer de est\u00f3mago. \u201cTambi\u00e9n realizamos estimaciones del c\u00e1ncer de h\u00edgado debido a las hepatitis B y C, pero no se incluyen en el 40% que citamos como debido a factores de riesgo. Si pudi\u00e9ramos tener en cuenta todos estos factores, la proporci\u00f3n explicada se acercar\u00eda al 50%\u201d, abunda el cient\u00edfico.<\/p>\n<p class=\"\">Los autores consideran que, en buena medida, la carga de c\u00e1ncer asociada a factores de riesgo evitables, podr\u00eda \u201cmitigarse mediante medidas de prevenci\u00f3n\u201d. Por ejemplo, a trav\u00e9s de medidas fiscales para poner coto al tabaco o con vacunaci\u00f3n y programas de cribado para combatir el VPH. En un comentario adjunto, los investigadores Qingwei Luo y David Smith, de la Universidad de S\u00eddney, enfatizan, adem\u00e1s, que muchos de estos riesgos identificados son comunes para el c\u00e1ncer y otras enfermedades, por lo que \u201cla prevenci\u00f3n primaria para reducir la exposici\u00f3n a estos comportamientos modificables ofrece beneficios m\u00e1s amplios que la reducci\u00f3n de la carga del c\u00e1ncer\u201d, se\u00f1alan. Hay enfermedades cardiovasculares, por ejemplo, que tienen factores de riesgo similares.<\/p>\n<p class=\"\">La comunidad cient\u00edfica tambi\u00e9n sospecha que algunos de estos comportamientos nocivos prevenibles est\u00e1n detr\u00e1s de un fen\u00f3meno que trae de cabeza a los onc\u00f3logos: el incremento de tumores <a href=\"https:\/\/elpais.com\/salud-y-bienestar\/2024-09-20\/las-incognitas-que-rodean-al-auge-del-cancer-en-adultos-jovenes-tumores-impredecibles-y-mas-agresivos.html\" target=\"_self\" rel=\"nofollow noopener\" title=\"https:\/\/elpais.com\/salud-y-bienestar\/2024-09-20\/las-incognitas-que-rodean-al-auge-del-cancer-en-adultos-jovenes-tumores-impredecibles-y-mas-agresivos.html\">en los adultos j\u00f3venes<\/a>. El c\u00e1ncer siempre se ha considerado una enfermedad asociada al envejecimiento, pero desde hace un tiempo, los cient\u00edficos han identificado una tendencia al alza de algunos tipos de c\u00e1ncer en adultos menores de 50 a\u00f1os. Por ejemplo, <a href=\"https:\/\/elpais.com\/ciencia\/2023-03-16\/el-enigma-del-cancer-colorrectal-aumenta-de-manera-alarmante-en-los-jovenes-y-disminuye-en-los-mayores.html\" target=\"_self\" rel=\"nofollow noopener\" title=\"https:\/\/elpais.com\/ciencia\/2023-03-16\/el-enigma-del-cancer-colorrectal-aumenta-de-manera-alarmante-en-los-jovenes-y-disminuye-en-los-mayores.html\">en tumores colorrectales<\/a>, destaca Jes\u00fas Garc\u00eda Foncillas, presidente de la Fundaci\u00f3n ECO para la Excelencia y Calidad en la Oncolog\u00eda: \u201cNos preocupa much\u00edsimo\u201d.<\/p>\n<p class=\"\">Este m\u00e9dico, jefe del Servicio de Oncolog\u00eda M\u00e9dica del Hospital Universitario Fundaci\u00f3n Jim\u00e9nez D\u00edaz y director del Instituto Oncol\u00f3gico OncoHealth, recuerda que hay investigaciones que se\u00f1alan que detr\u00e1s del auge del c\u00e1ncer de colon en adultos j\u00f3venes hay \u201cun cambio en la flora intestinal inducido por h\u00e1bitos alimenticios\u201d.<\/p>\n<p class=\"\">El onc\u00f3logo pide no bajar la guardia, ni siquiera con alguno de los factores de riesgo que ya se ha logrado reducir, como <a href=\"https:\/\/elpais.com\/noticias\/tabaquismo\/\" target=\"_self\" rel=\"nofollow noopener\" title=\"https:\/\/elpais.com\/noticias\/tabaquismo\/\">la poblaci\u00f3n fumadora<\/a>. \u201cNo podemos abandonar la batalla contra el tabaco. No podemos concebir una sociedad que fume\u201d, sentencia. Y llama a \u201creeducar a los adultos\u201d en h\u00e1bitos saludables, pero, sobre todo, a trabajar tambi\u00e9n, desde la primera infancia, con las nuevas generaciones. \u201cHay que trabajar de forma proactiva ya. Nuestro objetivo es que las nuevas generaciones sean saludables. Hay que fomentar el ejercicio f\u00edsico, la dieta saludable y trabajar por una generaci\u00f3n sin tabaco ni vapeo: en fumar, en todas sus formas, no hay ning\u00fan beneficio\u201d, reclama.<\/p>\n<blockquote class=\"a_q\">\n<p>No podemos abandonar la batalla contra el tabaco. No podemos concebir una sociedad que fume\u201d<\/p>\n<p>Jes\u00fas Garc\u00eda Foncillas, presidente de la Fundaci\u00f3n ECO para la Excelencia y Calidad en la Oncolog\u00eda<\/p><\/blockquote>\n<p class=\"\">Garc\u00eda Foncillas, que no ha participado en este estudio que publica The Lancet, dice que las proyecciones del c\u00e1ncer que estima van en la misma l\u00ednea de lo reportado en otros estudios. Pero pone el acento en las desigualdades del c\u00e1ncer alrededor del globo: \u201cLos pa\u00edses con bajos recursos van a ser los que m\u00e1s sufran\u201d.<\/p>\n<p class=\"\">La carga de c\u00e1ncer en el mundo no es homog\u00e9nea. En t\u00e9rminos absolutos, crecen los nuevos diagn\u00f3sticos y tambi\u00e9n las muertes a nivel global (la previsi\u00f3n es que en 2050 haya 30,5 millones de nuevos casos y 18,6 millones de fallecidos). Pero cuando la tasa de fallecimientos se ajusta por edad \u2014para que no est\u00e9 influenciada por el crecimiento y el envejecimiento de la poblaci\u00f3n\u2014, se observa un descenso del 24% a nivel mundial entre 1990 y 2023. Y tambi\u00e9n la tasa de incidencia ajustada por edad registra un descenso de 7% en el mismo per\u00edodo. \u201cEn general, las tasas de mortalidad han disminuido m\u00e1s que las de incidencia, lo que sugiere una mejora en la supervivencia entre los casos de c\u00e1ncer\u201d, apunta Vos.<\/p>\n<p class=\"\">Los autores matizan, eso s\u00ed, que esta tendencia parece estar impulsada por los pa\u00edses ricos. En las regiones con menos ingresos, la ratio de incidencia ajustada por edad aument\u00f3 hasta un 29% en el mismo per\u00edodo. Y la tasa de muertes ajustada por edad ascendi\u00f3 hasta un 17%. \u201cLas mayores mejoras en las tasas de mortalidad, en comparaci\u00f3n con las tasas de incidencia, se deben a un gran esfuerzo de los servicios de salud para identificar y tratar el c\u00e1ncer. Las tendencias adversas en los pa\u00edses con menos recursos reflejan un acceso deficiente al tratamiento, que a menudo es costoso y requiere un sistema de salud que funcione correctamente para mantenerse\u201d, incide el autor. <\/p>\n<p>\u201cUna llamada de atenci\u00f3n\u201d<\/p>\n<p class=\"\">En Espa\u00f1a, por ejemplo, la tasa de mortalidad ajustada por edad cay\u00f3 un 28% en los \u00faltimos 30 a\u00f1os: en 2023, de cada 100.000 habitantes, 117 mor\u00edan por c\u00e1ncer (en los noventa, eran 162). En Estados Unidos, esta variable tambi\u00e9n cay\u00f3 casi un 33% y en China, un 43%. En cambio, en el mismo per\u00edodo, en L\u00edbano subi\u00f3 un 80% y en India, un 21%. Para explicar estos fen\u00f3menos concretos en cada territorio, Vos se\u00f1ala que har\u00edan falta estudios espec\u00edficos, pero sugiere que \u201ces probable que los programas de cribado en EE UU y la disminuci\u00f3n del consumo de tabaco sean impulsores importantes\u201d de la tendencia observada en ese pa\u00eds. Y, de la misma forma, cree que para el descenso de las tasas de mortalidad en China habr\u00e1 contribuido \u201cla gran disminuci\u00f3n de las alt\u00edsimas tasas de c\u00e1ncer de est\u00f3mago\u201d. <\/p>\n<p class=\"\">Vos pone deberes para mejorar las tendencias en c\u00e1ncer. A los pa\u00edses ricos: \u201cReducir el consumo de tabaco y alcohol; lograr una alta <a href=\"https:\/\/elpais.com\/sociedad\/2021-11-04\/la-tasa-de-cancer-de-cuello-de-utero-se-reduce-hasta-un-87-en-las-mujeres-vacunadas-contra-el-virus-del-papiloma-humano.html\" target=\"_self\" rel=\"nofollow noopener\" title=\"https:\/\/elpais.com\/sociedad\/2021-11-04\/la-tasa-de-cancer-de-cuello-de-utero-se-reduce-hasta-un-87-en-las-mujeres-vacunadas-contra-el-virus-del-papiloma-humano.html\">cobertura de vacunaci\u00f3n<\/a> contra la hepatitis B y el VPH. Tratar la hepatitis C. Detener el aumento de la obesidad. Y seguir invirtiendo en el tratamiento del c\u00e1ncer, centr\u00e1ndose en mejoras con una trayectoria comprobada\u201d. A las zonas con menos recursos: \u201cUn mayor enfoque en la prevenci\u00f3n debido a la asequibilidad, pero tambi\u00e9n la creaci\u00f3n de una infraestructura para un tratamiento sostenible del c\u00e1ncer\u201d. <\/p>\n<p class=\"\">Garc\u00eda Foncillas coincide en que los datos que revela este estudio deben interpretarse como \u201cuna llamada de atenci\u00f3n para anticiparse\u201d y \u201cponer medidas urgentes\u201d. \u201cHay que armonizar un plan de acci\u00f3n con medidas de prevenci\u00f3n para trabajar los factores de riesgo, pero tambi\u00e9n plantearnos medidas de diagn\u00f3stico precoz para poder curar pacientes y reducir la mortalidad\u201d, asegura.<\/p>\n<p class=\"\">En la misma l\u00ednea, Isabel Echavarr\u00eda, secretaria cient\u00edfica de la Sociedad Espa\u00f1ola de Oncolog\u00eda M\u00e9dica (SEOM), apunta: \u201cTodo el art\u00edculo y los resultados que se presentan van muy en l\u00ednea con los mensajes que desde SEOM se quiere hacer llegar a la poblaci\u00f3n: el c\u00e1ncer es un problema de primer orden, su incidencia est\u00e1 en aumento por el incremento poblacional y el envejecimiento, pero es importante concienciar a la sociedad de que controlando ciertos factores de riesgo podr\u00eda reducirse su incidencia y mortalidad\u201d.<\/p>\n<p>44 factores de riesgo<\/p>\n<p><strong>1. <\/strong>Contaminaci\u00f3n y aire que respiramos<br \/>\u2014Aire contaminado por part\u00edculas \u2192 c\u00e1ncer de tr\u00e1quea, bronquios y pulm\u00f3n.<br \/>\u2014Humo en el hogar por combustibles s\u00f3lidos \u2192 c\u00e1ncer de tr\u00e1quea, bronquios y pulm\u00f3n.<br \/>\u2014Rad\u00f3n en viviendas \u2192 c\u00e1ncer de tr\u00e1quea, bronquios y pulm\u00f3n.<br \/>\u00a0<br \/><strong>2.<\/strong> Exposiciones laborales<br \/>\u2014Ars\u00e9nico \u2192 c\u00e1ncer de tr\u00e1quea, bronquios y pulm\u00f3n.<br \/>\u2014Amianto \u2192 laringe, mesotelioma, ovario, pulm\u00f3n.<br \/>\u2014Benceno \u2192 leucemias (aguda linfobl\u00e1stica, mieloide, cr\u00f3nica linfoc\u00edtica, cr\u00f3nica mieloide, otras).<br \/>\u2014Berilio, cadmio, cromo, di\u00e9sel, n\u00edquel, hidrocarburos arom\u00e1ticos polic\u00edclicos, s\u00edlice \u2192 pulm\u00f3n.<br \/>\u2014Formaldeh\u00eddo \u2192 leucemias, nasofaringe.<br \/>\u2014\u00c1cido sulf\u00farico \u2192 laringe.<br \/>\u2014Tricloroetileno \u2192 ri\u00f1\u00f3n.<br \/>\u00a0<br \/><strong>3.<\/strong> Tabaco en todas sus formas<br \/>\u2014Fumador activo \u2192 leucemias, vejiga, mama, cuello uterino, colon, es\u00f3fago, ri\u00f1\u00f3n, laringe, labios y boca, h\u00edgado, nasofaringe, p\u00e1ncreas, pr\u00f3stata, est\u00f3mago, tr\u00e1quea, bronquios y pulm\u00f3n.<br \/>\u2014Fumador pasivo \u2192 mama, c\u00e1ncer de tr\u00e1quea, bronquios y pulm\u00f3n.<br \/>\u2014Masticar tabaco \u2192 es\u00f3fago, laringe, labios y boca, nasofaringe, faringe.<br \/>\u00a0<br \/><strong>4. <\/strong>Alcohol y otras drogas<br \/>\u2014Consumo elevado de alcohol \u2192 mama, colon, es\u00f3fago, laringe, boca, h\u00edgado, faringe, p\u00e1ncreas, pr\u00f3stata, est\u00f3mago.<br \/>\u2014Consumo de drogas \u2192 h\u00edgado.<br \/>\u00a0<br \/><strong>5.<\/strong> Alimentaci\u00f3n<br \/>\u2014Exceso de carne procesada \u2192 colon.<br \/>\u2014Exceso de carne roja \u2192 mama, colon.<br \/>\u2014Exceso de sal \u2192 est\u00f3mago.<br \/>\u2014Falta de calcio \u2192 colon, pr\u00f3stata.<br \/>\u2014Falta de fibra \u2192 colon.<br \/>\u2014Falta de frutas \u2192 c\u00e1ncer de tr\u00e1quea, bronquios y pulm\u00f3n.<br \/>\u2014Falta de leche \u2192 colon, pr\u00f3stata.<br \/>\u2014Falta de verduras \u2192 es\u00f3fago.<br \/>\u2014Falta de cereales integrales \u2192 colon.<br \/>\u00a0<br \/><strong>6.<\/strong> Pr\u00e1cticas sexuales<br \/>\u2014Sexo sin protecci\u00f3n \u2192 cuello uterino.<br \/>\u00a0<br \/><strong>7.<\/strong> Sedentarismo<br \/>\u2014Baja actividad f\u00edsica \u2192 mama, colon.<br \/>\u00a0<br \/><strong>8. <\/strong>Obesidad y metabolismo<br \/>\u2014Sobrepeso\/obesidad (IMC alto) \u2192 leucemias, mama, linfomas, colon, ves\u00edcula y v\u00edas biliares, ri\u00f1\u00f3n, h\u00edgado, mieloma m\u00faltiple, ovario, p\u00e1ncreas, tiroides, \u00fatero.<br \/>\u2014Exceso de glucosa en sangre (prediabetes\/diabetes) \u2192 vejiga, mama, colon, h\u00edgado, p\u00e1ncreas, pulm\u00f3n.<\/p>\n","protected":false},"excerpt":{"rendered":"La sombra del c\u00e1ncer se expande: es la primera causa de muerte en el mundo y su incidencia&hellip;\n","protected":false},"author":2,"featured_media":136685,"comment_status":"","ping_status":"","sticky":false,"template":"","format":"standard","meta":{"footnotes":""},"categories":[92],"tags":[7587,11996,1066,19627,35730,12488,7763,1293,3939,24366,25,24,38445,38446,43170,165,24396,646,5693,3613,166,23],"class_list":{"0":"post-136684","1":"post","2":"type-post","3":"status-publish","4":"format-standard","5":"has-post-thumbnail","7":"category-salud","8":"tag-alcoholismo","9":"tag-azucar","10":"tag-cancer","11":"tag-cancer-colon","12":"tag-cancer-pulmon","13":"tag-dieta-mediterranea","14":"tag-dietas","15":"tag-enfermedades","16":"tag-enfermedades-cardiovasculares","17":"tag-enfermedades-cronicas","18":"tag-es","19":"tag-espana","20":"tag-fumadores","21":"tag-fumadores-pasivos","22":"tag-habitos-salud","23":"tag-health","24":"tag-hipercolesterolemia","25":"tag-investigacion-cientifica","26":"tag-obesidad","27":"tag-oncologia","28":"tag-salud","29":"tag-spain"},"share_on_mastodon":{"url":"","error":""},"_links":{"self":[{"href":"https:\/\/www.europesays.com\/es\/wp-json\/wp\/v2\/posts\/136684","targetHints":{"allow":["GET"]}}],"collection":[{"href":"https:\/\/www.europesays.com\/es\/wp-json\/wp\/v2\/posts"}],"about":[{"href":"https:\/\/www.europesays.com\/es\/wp-json\/wp\/v2\/types\/post"}],"author":[{"embeddable":true,"href":"https:\/\/www.europesays.com\/es\/wp-json\/wp\/v2\/users\/2"}],"replies":[{"embeddable":true,"href":"https:\/\/www.europesays.com\/es\/wp-json\/wp\/v2\/comments?post=136684"}],"version-history":[{"count":0,"href":"https:\/\/www.europesays.com\/es\/wp-json\/wp\/v2\/posts\/136684\/revisions"}],"wp:featuredmedia":[{"embeddable":true,"href":"https:\/\/www.europesays.com\/es\/wp-json\/wp\/v2\/media\/136685"}],"wp:attachment":[{"href":"https:\/\/www.europesays.com\/es\/wp-json\/wp\/v2\/media?parent=136684"}],"wp:term":[{"taxonomy":"category","embeddable":true,"href":"https:\/\/www.europesays.com\/es\/wp-json\/wp\/v2\/categories?post=136684"},{"taxonomy":"post_tag","embeddable":true,"href":"https:\/\/www.europesays.com\/es\/wp-json\/wp\/v2\/tags?post=136684"}],"curies":[{"name":"wp","href":"https:\/\/api.w.org\/{rel}","templated":true}]}}