{"id":136692,"date":"2025-09-24T23:12:10","date_gmt":"2025-09-24T23:12:10","guid":{"rendered":"https:\/\/www.europesays.com\/es\/136692\/"},"modified":"2025-09-24T23:12:10","modified_gmt":"2025-09-24T23:12:10","slug":"kicillof-viajo-a-los-estados-unidos-en-medio-del-acuerdo-de-trump-con-milei","status":"publish","type":"post","link":"https:\/\/www.europesays.com\/es\/136692\/","title":{"rendered":"Kicillof viaj\u00f3 a los Estados Unidos en medio del acuerdo de Trump con Milei"},"content":{"rendered":"<p><img alt=\"Axel Kicillof y Carlos Bianco\" class=\"global-image\" decoding=\"async\" fetchpriority=\"high\" height=\"1080\" loading=\"eager\" src=\"https:\/\/www.europesays.com\/es\/wp-content\/uploads\/2025\/09\/NWT2DMLCJFATDLPTIZDEP2NRRA.jpg\" width=\"1920\"\/>Axel Kicillof y Carlos Bianco<\/p>\n<p class=\"paragraph\">El gobernador de la provincia de Buenos Aires, <b>Axel Kicillof<\/b>, viaj\u00f3 a Nueva York para participar de un homenaje que se realizar\u00e1 este mi\u00e9rcoles al expresidente de Uruguay, <b>Jos\u00e9 \u201cPepe\u201d Mujica <\/b>en el marco del evento \u201cDemocracia Siempre\u201d, que organiza el Congreso Panamericano, la Universidad de Nueva York, el Foro de la Iniciativa Mujica y el Remarque Institute. Entre los asistentes confirmados figuran la exvicepresidenta de Uruguay<b> Luc\u00eda Topolansky<\/b>, el presidente uruguayo <b>Yamand\u00fa Orsi<\/b>, y los mandatarios <b>Pedro S\u00e1nchez<\/b> (Espa\u00f1a), <b>Luiz In\u00e1cio Lula da Silva <\/b>(Brasil), <b>Gabriel Boric<\/b> (Chile) y<b> Gustavo Petro<\/b> (Colombia). <\/p>\n<p class=\"paragraph\">La ceremonia, organizada por el Congreso Panamericano, la Universidad de Nueva York, el Foro de la Iniciativa Mujica y el Remarque Institute, tiene como objetivo \u201ccelebrar su legado y las lecciones que ofrece su lucha por fortalecer las sociedades democr\u00e1ticas, desde Montevideo a Madrid, de Ciudad de M\u00e9xico a Manhattan\u201d. El evento est\u00e1 programado para las 18 horas (hora local) y busca poner en valor la trayectoria de Mujica, quien pas\u00f3 de ser prisionero pol\u00edtico a convertirse en el 40\u00ba presidente de Uruguay.<\/p>\n<p class=\"paragraph\">El viaje de Kicillof se dio en paralelo con el encuentro que el presidente argentino, <b>Javier Milei<\/b>, <a rel=\"noopener noreferrer nofollow\" href=\"https:\/\/www.infobae.com\/politica\/2025\/09\/24\/milei-agradecio-los-anuncios-de-estados-unidos-juntos-construiremos-un-camino-de-estabilidad-prosperidad-y-libertad\/\" target=\"_blank\" title=\"https:\/\/www.infobae.com\/politica\/2025\/09\/24\/milei-agradecio-los-anuncios-de-estados-unidos-juntos-construiremos-un-camino-de-estabilidad-prosperidad-y-libertad\/\">mantuvo con su par estadounidense <b>Donald Trump<\/b><\/a>. En la audiencia bilateral, Estados Unidos acord\u00f3 una asistencia financiera y pol\u00edtica a la gesti\u00f3n de Milei con el objetivo de garantizar que no fracase el programa econ\u00f3mico de ajuste que lleva adelante la administraci\u00f3n libertaria. <\/p>\n<p class=\"paragraph\">Como dio cuenta<b> Infobae<\/b>, el acuerdo implica la compra de bonos argentinos en d\u00f3lares como medida para estabilizar el plan econ\u00f3mico, en caso de un shock en el mercado. Por otro lado, Estados Unidos evaluar\u00e1 el otorgamiento de un cr\u00e9dito stand-by, cuyo monto ser\u00e1 determinado tras una negociaci\u00f3n previa con el Gobierno argentino y podr\u00eda desembolsarse en varias etapas seg\u00fan las necesidades del pa\u00eds. Adem\u00e1s, la Secretar\u00eda del Tesoro prev\u00e9 concretar un swap por 20.000 millones de d\u00f3lares estadounidenses para fortalecer las reservas del Banco Central, con un posible desembolso en las pr\u00f3ximas semanas, antes de que finalice el a\u00f1o, con el objetivo de afrontar el vencimiento de 4.000 millones de d\u00f3lares en enero. <\/p>\n<p><img alt=\"U.S. President Donald Trump shakes\" class=\"global-image\" decoding=\"async\" fetchpriority=\"low\" height=\"3673\" loading=\"lazy\" src=\"https:\/\/www.europesays.com\/es\/wp-content\/uploads\/2025\/09\/1758755529_841_U436KACLRJFW5MWHJTT6RXUDEM.JPG\" width=\"5500\"\/>U.S. President Donald Trump shakes hands with Argentina&#8217;s President Javier Milei during the 80th United Nations General Assembly, in New York City, New York, U.S., September 23, 2025. REUTERS\/Al Drago<\/p>\n<p class=\"paragraph\">\u201c<b>Veremos qu\u00e9 es lo que consigue<\/b>. Sabemos ya que ese club de gobiernos de ultraderecha y de gobernantes y dirigentes de ultraderecha del que participa Javier Milei est\u00e1 de acuerdo con muchas de esas pol\u00edticas, pero con otras no. Por ejemplo, <b>si va a ir a Estados Unidos, estar\u00eda bueno que le pregunte a Trump si hay que defender o no, proteger o no a la industria nacional<\/b>. Porque Trump est\u00e1 convencido de que hay que tomar medidas, incluso proteccionistas cl\u00e1sicas, como los aranceles, para proteger la producci\u00f3n y el trabajo nacional. Y Milei no para de abrir las importaciones\u00bb, plante\u00f3 el lunes \u00faltimo Kicillof sobre la visita del presidente argentino a Estados Unidos. <\/p>\n<p class=\"paragraph\">En tanto que el viaje de Kicillof fue dispuesto mediante el Decreto N\u00b0 2478\/2025, publicado en el Bolet\u00edn Oficial de la provincia de Buenos Aires y firmado por el propio mandatario y el ministro de Gobierno, <b>Carlos Bianco, quien adem\u00e1s acompa\u00f1a al mandatario en la reducida comitiva<\/b>. Durante la ausencia del mandatario provincial, la vicegobernadora <b>Ver\u00f3nica Magario<\/b> asumir\u00e1 la competencia del Ejecutivo provincial desde las 11 horas del d\u00eda anterior -es decir el martes-, hasta el 26 de septiembre a las 18, \u201co hasta que cese la inhabilidad temporaria vinculada al viaje oficial\u201d, seg\u00fan marca la disposici\u00f3n. <\/p>\n<p class=\"paragraph\">La medida se ajusta a lo dispuesto por el art\u00edculo 124 de la Constituci\u00f3n provincial, que determina que ante la ausencia del gobernador, las funciones ejecutivas deben ser desempe\u00f1adas por el vicegobernador hasta el regreso de la autoridad titular. El motivo del viaje de Kicillof y parte de su gabinete es la participaci\u00f3n en este homenaje internacional, que cuenta con el respaldo de instituciones acad\u00e9micas y organizaciones de la sociedad civil.<\/p>\n<p><img alt=\"Kicillof con Luc\u00eda Topolansky y\" class=\"global-image\" decoding=\"async\" fetchpriority=\"low\" height=\"810\" loading=\"lazy\" src=\"https:\/\/www.europesays.com\/es\/wp-content\/uploads\/2025\/09\/QXBWVTQUI5AFXKUDQOZT5BW2HY.jpg\" width=\"1080\"\/>Kicillof con Luc\u00eda Topolansky y Pepe Mujica <\/p>\n<p class=\"paragraph\">En tanto que el evento \u201cDemocracia Siempre\u201d se presenta como una celebraci\u00f3n especial que busca resaltar el impacto de Jos\u00e9 Mujica en la promoci\u00f3n de la democracia y la dignidad humana, reuniendo a figuras pol\u00edticas y sociales de relevancia global.<\/p>\n<p class=\"paragraph\">Adem\u00e1s de los presidentes de la regi\u00f3n, tambi\u00e9n formar\u00e1n parte del encuentro la senadora colombiana <b>Clara L\u00f3pez Obreg\u00f3n;<\/b> la representante estadounidense, <b>Nydia Vel\u00e1zquez;<\/b> la directora de Oxfam en Brasil, <b>Viviana Santiago;<\/b> la economista <b>Isabella Weber; <\/b>el ejecutivo senior de CAF Banco de Desarrollo de Am\u00e9rica Latina, <b>Pablo Gentili<\/b>, y el senador estadounidense, <b>Bernie Sanders<\/b>.<\/p>\n","protected":false},"excerpt":{"rendered":"Axel Kicillof y Carlos Bianco El gobernador de la provincia de Buenos Aires, Axel Kicillof, viaj\u00f3 a Nueva&hellip;\n","protected":false},"author":2,"featured_media":136693,"comment_status":"","ping_status":"","sticky":false,"template":"","format":"standard","meta":{"footnotes":""},"categories":[42],"tags":[29953,17,18,43171,13,14,11,61,62,63,64,19,20,9,10,15,16,12,21,22,403,65,66,67],"class_list":{"0":"post-136692","1":"post","2":"type-post","3":"status-publish","4":"format-standard","5":"has-post-thumbnail","7":"category-internacional","8":"tag-axel-kicillof","9":"tag-breaking-news","10":"tag-breakingnews","11":"tag-carlos-bianco","12":"tag-featured-news","13":"tag-featurednews","14":"tag-headlines","15":"tag-internacional","16":"tag-international","17":"tag-international-news","18":"tag-internationalnews","19":"tag-latest-news","20":"tag-latestnews","21":"tag-news","22":"tag-noticias","23":"tag-noticias-destacadas","24":"tag-noticiasdestacadas","25":"tag-titulares","26":"tag-ultimas-noticias","27":"tag-ultimasnoticias","28":"tag-vaticano","29":"tag-world","30":"tag-world-news","31":"tag-worldnews"},"share_on_mastodon":{"url":"","error":""},"_links":{"self":[{"href":"https:\/\/www.europesays.com\/es\/wp-json\/wp\/v2\/posts\/136692","targetHints":{"allow":["GET"]}}],"collection":[{"href":"https:\/\/www.europesays.com\/es\/wp-json\/wp\/v2\/posts"}],"about":[{"href":"https:\/\/www.europesays.com\/es\/wp-json\/wp\/v2\/types\/post"}],"author":[{"embeddable":true,"href":"https:\/\/www.europesays.com\/es\/wp-json\/wp\/v2\/users\/2"}],"replies":[{"embeddable":true,"href":"https:\/\/www.europesays.com\/es\/wp-json\/wp\/v2\/comments?post=136692"}],"version-history":[{"count":0,"href":"https:\/\/www.europesays.com\/es\/wp-json\/wp\/v2\/posts\/136692\/revisions"}],"wp:featuredmedia":[{"embeddable":true,"href":"https:\/\/www.europesays.com\/es\/wp-json\/wp\/v2\/media\/136693"}],"wp:attachment":[{"href":"https:\/\/www.europesays.com\/es\/wp-json\/wp\/v2\/media?parent=136692"}],"wp:term":[{"taxonomy":"category","embeddable":true,"href":"https:\/\/www.europesays.com\/es\/wp-json\/wp\/v2\/categories?post=136692"},{"taxonomy":"post_tag","embeddable":true,"href":"https:\/\/www.europesays.com\/es\/wp-json\/wp\/v2\/tags?post=136692"}],"curies":[{"name":"wp","href":"https:\/\/api.w.org\/{rel}","templated":true}]}}