{"id":136694,"date":"2025-09-24T23:13:07","date_gmt":"2025-09-24T23:13:07","guid":{"rendered":"https:\/\/www.europesays.com\/es\/136694\/"},"modified":"2025-09-24T23:13:07","modified_gmt":"2025-09-24T23:13:07","slug":"espana-se-ha-convertido-en-uno-de-los-paises-mas-comprometidos-del-mundo","status":"publish","type":"post","link":"https:\/\/www.europesays.com\/es\/136694\/","title":{"rendered":"Espa\u00f1a se ha convertido en uno de los pa\u00edses m\u00e1s comprometidos del mundo"},"content":{"rendered":"<p class=\"article-text\">\n        \u00a0La Fundaci\u00f3n Gates distingui\u00f3 este lunes al presidente de Espa\u00f1a, Pedro S\u00e1nchez, con el premio Global Goalkeeper 2025 en un evento en Nueva York por su \u201ccompromiso\u201d con los objetivos de desarrollo sostenible de la ONU (ODS). La fundaci\u00f3n del magnate Bill Gates, cofundador de Microsoft, destac\u00f3 que Espa\u00f1a aument\u00f3 este a\u00f1o sus contribuciones al Fondo Mundial para combatir la malaria, el sida y la tuberculosis, casi un 12% m\u00e1s, y la Alianza Mundial para Vacunas e Inmunizaci\u00f3n (Gavi), un 30% m\u00e1s.\n    <\/p>\n<p class=\"article-text\">\n        Asimismo, reconoci\u00f3 al presidente espa\u00f1ol por ampliar la asistencia oficial al desarrollo y acoger la IV Conferencia Internacional de Naciones Unidas sobre Financiaci\u00f3n al Desarrollo, que se celebr\u00f3 en Sevilla, y en la que escenific\u00f3 el compromiso del pa\u00eds con la salud global.\n    <\/p>\n<blockquote class=\"twitter-tweet\" data-media-max-width=\"560\">\n<p lang=\"es\" dir=\"ltr\">Bill Gates: \u00abAl menos un pa\u00eds est\u00e1 dando un ejemplo diferente. Un pa\u00eds que da un paso adelante, no solo por su propio pueblo, sino por toda la humanidad. Y eso se debe, en gran parte, a su presidente del Gobierno, <a href=\"https:\/\/twitter.com\/sanchezcastejon?ref_src=twsrc%5Etfw\" rel=\"nofollow noopener\" target=\"_blank\">@sanchezcastejon<\/a>.\u00bb<\/p>\n<p>\ud83c\udf39\ud83c\uddea\ud83c\uddf8 Espa\u00f1a est\u00e1 en el lado bueno de la\u2026 <a href=\"https:\/\/t.co\/vadJbG5jjA\" rel=\"nofollow\">pic.twitter.com\/vadJbG5jjA<\/a><\/p>\n<p>\u2014 PSOE (@PSOE) <a href=\"https:\/\/twitter.com\/PSOE\/status\/1970858549539414112?ref_src=twsrc%5Etfw\" rel=\"nofollow noopener\" target=\"_blank\">September 24, 2025<\/a><\/p><\/blockquote>\n<p class=\"article-text\">\n        El propio Gates entreg\u00f3 el galard\u00f3n a S\u00e1nchez, de quien destac\u00f3 su apuesta por el multilateralismo y asegur\u00f3 que bajo su mandato Espa\u00f1a se ha \u201cconvertido en uno de los pa\u00edses m\u00e1s comprometidos del mundo\u201d: \u201cEsta es la historia de un pa\u00eds que da un paso adelante no solo por sus ciudadanos sino por la humanidad. Y eso, en gran parte, es por su presidente\u201d. \u201cEs justo decirlo. Sus acciones est\u00e1n salvando y mejorando vidas tanto en Espa\u00f1a como en todo el mundo\u201d, ha dicho.\n    <\/p>\n<p class=\"article-text\">\n        Despu\u00e9s se sentaron juntos en una conversaci\u00f3n en ingl\u00e9s con una moderadora. S\u00e1nchez, preguntado por sus decisiones pol\u00edticas, habl\u00f3 de \u201cpragmatismo\u201d y record\u00f3 que, durante la pandemia de covid-19 en 2020, Espa\u00f1a \u201cse dio cuenta de c\u00f3mo de importante es facilitar la cooperaci\u00f3n e incrementar nuestro apoyo a las instituciones globales centradas en asuntos de salud\u201d.\n    <\/p>\n<p class=\"article-text\">\n        \u201cCreo que no es solo una decisi\u00f3n pol\u00edtica tomada por el gobierno, es tambi\u00e9n el apoyo social de los espa\u00f1oles cuando se trata de cooperar con terceros pa\u00edses, especialmente en el norte de \u00c1frica y el flanco sur de Europa, el norte de \u00c1frica mediterr\u00e1nea y Oriente Medio, para incrementar y fortalecer la salud global\u201d, dijo.\n    <\/p>\n<p class=\"article-text\">\n        Y, aludiendo a la confrontaci\u00f3n del presidente Donald Trump sobre su gasto en seguridad, tema que le fue mencionado por la moderadora, generando risas en el p\u00fablico, S\u00e1nchez opin\u00f3 que tambi\u00e9n es seguridad las pol\u00edticas de lucha contra el cambio clim\u00e1tico y la salud global.\n    <\/p>\n<p class=\"article-text\">\n        \u201cCreo que hay un mensaje incorrecto por parte de los pa\u00edses occidentales, que es: vamos a incrementar nuestro gasto en defensa, pero a reducir nuestro gasto en ayuda\u201d, dijo, reconociendo la \u201cnueva realidad\u201d del este de Europa, que tild\u00f3 de \u201cneoimperialismo de (Vladimir) Putin\u201d.\n    <\/p>\n<p class=\"article-text\">\n        El premio a S\u00e1nchez se enmarc\u00f3 en un acto de la iniciativa \u201cGoalkeepers\u201d, impulsada por la Fundaci\u00f3n Gates para que los l\u00edderes mundiales aceleren la consecuci\u00f3n de los ODS, centrados particularmente en la inversi\u00f3n en salud global para salvar a millones de ni\u00f1os en todo el mundo.\n    <\/p>\n<p class=\"article-text\">\n        El acto tambi\u00e9n incluy\u00f3 los galardones Goalkeepers Champions a una decena de figuras que han ayudado al progreso en la supervivencia infantil, entre ellas el futbolista David Beckham, que es embajador de UNICEF, el escritor superventas John Green o la actriz Osas Ighodaro.\u00a0\n    <\/p>\n<p>                                    <script async src=\"https:\/\/platform.twitter.com\/widgets.js\" charset=\"utf-8\"><\/script><\/p>\n","protected":false},"excerpt":{"rendered":"\u00a0La Fundaci\u00f3n Gates distingui\u00f3 este lunes al presidente de Espa\u00f1a, Pedro S\u00e1nchez, con el premio Global Goalkeeper 2025&hellip;\n","protected":false},"author":2,"featured_media":136695,"comment_status":"","ping_status":"","sticky":false,"template":"","format":"standard","meta":{"footnotes":""},"categories":[8],"tags":[36673,17,18,20242,7481,11320,25,24,13,14,2881,9412,11,19,20,3013,9,10,15,16,8523,1822,843,199,23,12,21,22],"class_list":{"0":"post-136694","1":"post","2":"type-post","3":"status-publish","4":"format-standard","5":"has-post-thumbnail","7":"category-espana","8":"tag-bill","9":"tag-breaking-news","10":"tag-breakingnews","11":"tag-comprometidos","12":"tag-convertido","13":"tag-entregar","14":"tag-es","15":"tag-espana","16":"tag-featured-news","17":"tag-featurednews","18":"tag-fundacion","19":"tag-gates","20":"tag-headlines","21":"tag-latest-news","22":"tag-latestnews","23":"tag-mundo","24":"tag-news","25":"tag-noticias","26":"tag-noticias-destacadas","27":"tag-noticiasdestacadas","28":"tag-paises","29":"tag-pedro","30":"tag-premio","31":"tag-sanchez","32":"tag-spain","33":"tag-titulares","34":"tag-ultimas-noticias","35":"tag-ultimasnoticias"},"share_on_mastodon":{"url":"","error":""},"_links":{"self":[{"href":"https:\/\/www.europesays.com\/es\/wp-json\/wp\/v2\/posts\/136694","targetHints":{"allow":["GET"]}}],"collection":[{"href":"https:\/\/www.europesays.com\/es\/wp-json\/wp\/v2\/posts"}],"about":[{"href":"https:\/\/www.europesays.com\/es\/wp-json\/wp\/v2\/types\/post"}],"author":[{"embeddable":true,"href":"https:\/\/www.europesays.com\/es\/wp-json\/wp\/v2\/users\/2"}],"replies":[{"embeddable":true,"href":"https:\/\/www.europesays.com\/es\/wp-json\/wp\/v2\/comments?post=136694"}],"version-history":[{"count":0,"href":"https:\/\/www.europesays.com\/es\/wp-json\/wp\/v2\/posts\/136694\/revisions"}],"wp:featuredmedia":[{"embeddable":true,"href":"https:\/\/www.europesays.com\/es\/wp-json\/wp\/v2\/media\/136695"}],"wp:attachment":[{"href":"https:\/\/www.europesays.com\/es\/wp-json\/wp\/v2\/media?parent=136694"}],"wp:term":[{"taxonomy":"category","embeddable":true,"href":"https:\/\/www.europesays.com\/es\/wp-json\/wp\/v2\/categories?post=136694"},{"taxonomy":"post_tag","embeddable":true,"href":"https:\/\/www.europesays.com\/es\/wp-json\/wp\/v2\/tags?post=136694"}],"curies":[{"name":"wp","href":"https:\/\/api.w.org\/{rel}","templated":true}]}}