{"id":136713,"date":"2025-09-24T23:24:10","date_gmt":"2025-09-24T23:24:10","guid":{"rendered":"https:\/\/www.europesays.com\/es\/136713\/"},"modified":"2025-09-24T23:24:10","modified_gmt":"2025-09-24T23:24:10","slug":"alberto-herrera-desvela-como-viven-sus-padres-la-futura-llegada-del-bebe-quieren-ensenarle-la-semana-santa-el-rocio-la-radio-hola","status":"publish","type":"post","link":"https:\/\/www.europesays.com\/es\/136713\/","title":{"rendered":"Alberto Herrera desvela c\u00f3mo viven sus padres la futura llegada del beb\u00e9: &quot;Quieren ense\u00f1arle la Semana Santa, El Roc\u00edo, la radio&#8230;&quot; &#8211; HOLA"},"content":{"rendered":"<ol>\n<li><a href=\"https:\/\/news.google.com\/rss\/articles\/CBMiswFBVV95cUxNZVVnQnJHN0sxb2JtNTctZms1bmNhdU9BdzVWTzNWcHhWdHBNZUhpNEZtdkRsLTc4bUgyb1dMUFdrMXV0b1RIM2tIZ0hTZFk3YjFLTHVCbkY4NzNyYVdYeTA0ZTM1TUVWbXo2LTR1QWNGdm56bTVFclk0WHoxQjdSRnp2RTFvTlg2SHZ6R3hDVEtRcmtEckhlUV9hQ3I4YmxHaXZQZXhkLURjOHdSQTFZUkxHc9IBwgFBVV95cUxQV0xmUDRuVFF4bU5kelJuZHZVTXVfbXJXdThDSzlseS02Mk5VaUVfSUVfdzhrRTdwbnNxd1pSUVVLTVFGSUNnQ3R6WEc3U1REeEF0Nm40Z2VWTS0zaG1oRDBkMEp6d3FSTmV1aVYwYmlGcDVxZnFIc18yNy1VSE9VUjJkUVBCUmhIQkRQc0NwMHNhS21Ma1JMeTRaVldfVmNQdnQ4RnZNaXBodGFOcWRNMUl0WFNQdXdZUGhHR1Q3cXhFZw?oc=5\" target=\"_blank\" rel=\"nofollow noopener\">Alberto Herrera desvela c\u00f3mo viven sus padres la futura llegada del beb\u00e9: \u00abQuieren ense\u00f1arle la Semana Santa, El Roc\u00edo, la radio&#8230;\u00bb<\/a>&nbsp;&nbsp;HOLA<\/li>\n<li><a href=\"https:\/\/news.google.com\/rss\/articles\/CBMivgFBVV95cUxQUWRxVWczVnpycUw3SzRDZGpOaENJTmM2ZDRuZnB0elcyMkdIOEhfV25IRWt0SzBSTGZtZjdVYVk1cmpJRGtZX2d0RGNGd0hPbHM2SlRpd0F2UWFYUzlLZHRUQ3VyRjlDN25xbDduQlo3cFV6c0p4anIteW1KdWQ0R3lEcUhEVTJRS00zZHliN3dOR1BveG56NXZhWkFFRTdna0ZLLThQcFdwVWdieDlyY0txS2NKR0puVUJMZF9R?oc=5\" target=\"_blank\" rel=\"nofollow noopener\">Alberto Herrera habla de su boda y su pr\u00f3xima paternidad: \u00abTiene pinta que va a ser un ni\u00f1o\u00bb<\/a>&nbsp;&nbsp;Semana<\/li>\n<li><a href=\"https:\/\/news.google.com\/rss\/articles\/CBMivgFBVV95cUxPS0cxa0k4WlhFN3RIMU04TmRtZndTaWliQTBWM0RIOURHcXU0Z0NLc3ZVM0lRcjlKNEpSaEptTU8tejZtS2ZxdnhPZ2lBaU9tOS0tZEM4akFvcG1WVnpNSVFwLTBPVk9fMDdlSEhIeWNqYy1UUFpXVW1oVHdIVGRfV2hPVmkwcjB6UENIUUtkU3JSUVN2eGE2Wk9Oajd0T3l6djFLMWZiNHBIU1FOLTdXZ2VLamFUQU1DM28zaUN3?oc=5\" target=\"_blank\" rel=\"nofollow noopener\">Alberto Herrera revela la reacci\u00f3n de Carlos Herrera y Maril\u00f3 Montero por ser abuelos<\/a>&nbsp;&nbsp;EuropaPress.tv<\/li>\n<li><a href=\"https:\/\/news.google.com\/rss\/articles\/CBMizgFBVV95cUxOOE51MVREVUN2QllqZkE0VzFOLXpvYjctb3BqcXljckFzYmt5eEVENTJxZFU2QW5laGxHSFJXRW4wdVUzaTFRNnVFX2xRNUNrc2FxSHhrV050MlgybE9nU2V2cFFZT0oyVjFTeDVMU0owQVd6V2dnZXRtUDF4MUtSM3dGeWZGTEpXZExXbWNKVzl2SHl2eXd1b3I4Rjg2TWpBU1ZCakJqUG1UNDhyOHJTdnF3ZEk0RTNidElGOG5YN2xGczFNSVRiUzV1cGFGUdIB2gFBVV95cUxOVEJoS3E2QjZKc1doVXF4TEs1UDh5UXNSQkJ1azN6TExMTmFsbFgxWlljclNWVGhYb3J1MFYzLThtQ0ZkRzNYNGF2RzhVck9FWnllTUdWbWRFN04wb0Frdm5wSjIyUW4yZk5UWHNDdWN2b2xyTmVPTDBVdEVMa09wemwtMVZ4NEhYVHdUcktRWGJhUkFLTG1fdExqQU1fd3IwSzBXa1VpQTNxTW44N1lLbWE1Q2tyZnF2b0p4bkJZWUJERFE4bEs0aGV6OWx6c2VUay00eUFLX2hpZw?oc=5\" target=\"_blank\" rel=\"nofollow noopener\">Alberto Herrera habla de su inesperada paternidad y futura boda: \u201cNo me lo esperaba en este momento\u201d<\/a>&nbsp;&nbsp;Divinity<\/li>\n<li><a href=\"https:\/\/news.google.com\/rss\/articles\/CBMi9AFBVV95cUxPWXVNeU5JR25QWkpTTEpKNjFIcVhRa3RsUExpYTFiX3BPMlg5dUZSY2h3LUFFYS0wOTQxYzNwcDdVME5lT1pNcE1aakRvcUhoWkxWLW95bzhMUXgwTHpEaWF1a3ZESTVXRnlpM3RWSFFCX1FqS2EyM0N3eGxDVVFyRGo1QXE3X2JRbkU5TlMzTW1iMXlOd1YxeGVWZWZGc3dqVkZhT1hrT3E3OU9fdmN1SkJnWi1KY05DVS1fLXlZRFpneURfMENEc0hkRU8xMDBlYnpjZTNtdjV0M3JtTGw4NzlEYXFWSzZVM1c3SHpWQmhIUERa?oc=5\" target=\"_blank\" rel=\"nofollow noopener\">Alberto Herrera revela la reacci\u00f3n de Carlos Herrera y Maril\u00f3 Montero cuando les dijo que iban a ser abuelos<\/a>&nbsp;&nbsp;Europa Press<\/li>\n<\/ol>\n","protected":false},"excerpt":{"rendered":"Alberto Herrera desvela c\u00f3mo viven sus padres la futura llegada del beb\u00e9: \u00abQuieren ense\u00f1arle la Semana Santa, El&hellip;\n","protected":false},"author":2,"featured_media":136714,"comment_status":"","ping_status":"","sticky":false,"template":"","format":"standard","meta":{"footnotes":""},"categories":[174],"tags":[517,17915,9654,255,253,146,147,25,24,256,23],"class_list":{"0":"post-136713","1":"post","2":"type-post","3":"status-publish","4":"format-standard","5":"has-post-thumbnail","7":"category-famosos","8":"tag-actualidad","9":"tag-alberto-herrera","10":"tag-carlos-herrera","11":"tag-celebrities","12":"tag-discover","13":"tag-entertainment","14":"tag-entretenimiento","15":"tag-es","16":"tag-espana","17":"tag-famosos","18":"tag-spain"},"share_on_mastodon":{"url":"","error":""},"_links":{"self":[{"href":"https:\/\/www.europesays.com\/es\/wp-json\/wp\/v2\/posts\/136713","targetHints":{"allow":["GET"]}}],"collection":[{"href":"https:\/\/www.europesays.com\/es\/wp-json\/wp\/v2\/posts"}],"about":[{"href":"https:\/\/www.europesays.com\/es\/wp-json\/wp\/v2\/types\/post"}],"author":[{"embeddable":true,"href":"https:\/\/www.europesays.com\/es\/wp-json\/wp\/v2\/users\/2"}],"replies":[{"embeddable":true,"href":"https:\/\/www.europesays.com\/es\/wp-json\/wp\/v2\/comments?post=136713"}],"version-history":[{"count":0,"href":"https:\/\/www.europesays.com\/es\/wp-json\/wp\/v2\/posts\/136713\/revisions"}],"wp:featuredmedia":[{"embeddable":true,"href":"https:\/\/www.europesays.com\/es\/wp-json\/wp\/v2\/media\/136714"}],"wp:attachment":[{"href":"https:\/\/www.europesays.com\/es\/wp-json\/wp\/v2\/media?parent=136713"}],"wp:term":[{"taxonomy":"category","embeddable":true,"href":"https:\/\/www.europesays.com\/es\/wp-json\/wp\/v2\/categories?post=136713"},{"taxonomy":"post_tag","embeddable":true,"href":"https:\/\/www.europesays.com\/es\/wp-json\/wp\/v2\/tags?post=136713"}],"curies":[{"name":"wp","href":"https:\/\/api.w.org\/{rel}","templated":true}]}}