{"id":136717,"date":"2025-09-24T23:26:19","date_gmt":"2025-09-24T23:26:19","guid":{"rendered":"https:\/\/www.europesays.com\/es\/136717\/"},"modified":"2025-09-24T23:26:19","modified_gmt":"2025-09-24T23:26:19","slug":"toni-sala-anima-al-lector-a-ir-a-la-semana-del-libro-uno-de-los-pocos-lugares-publicos-del-mundo-donde-la-catalanidad-esta-normalizada-y-celebrada-con-orgullo-y-justicia","status":"publish","type":"post","link":"https:\/\/www.europesays.com\/es\/136717\/","title":{"rendered":"Toni Sala anima al lector a ir a la Semana del Libro, uno de los pocos lugares p\u00fablicos del mundo donde la catalanidad est\u00e1 normalizada y celebrada con orgullo y justicia"},"content":{"rendered":"<p>El a\u00f1o pasado, como la Copa Am\u00e9rica ten\u00eda prioridad, trasladaron la Semana del Libro del Muelle de la Madera al paseo Llu\u00eds Companys. Yendo ahora, pens\u00e9 en esa jerarqu\u00eda en relaci\u00f3n al destino que Trump prev\u00e9 para Gaza y su poblaci\u00f3n una vez sometidas: dedicarlas al turismo.<\/p>\n<p>El cambio de lugar, sin embargo, ha llevado a m\u00e1s p\u00fablico y ha comportado que se entre en la Semana por un Arco de Triunfo. No hay para menos. Este a\u00f1o, la Semana ha hecho r\u00e9cord de expositores. Pasearse te anima como siempre hace la cultura. Es de los pocos lugares p\u00fablicos en el mundo donde la catalanidad no s\u00f3lo est\u00e1 normalizada, sino celebrada con orgullo y justicia. Es un n\u00facleo cultural de primer orden. M\u00e1s de doscientas editoriales, y todav\u00eda no est\u00e1n todas. Cero turistas. El libro catal\u00e1n \u2013la lengua enloquecida\u2013 representa la vocaci\u00f3n m\u00e1s ambiciosa, universal y libre de nuestra cultura. Podr\u00e1n irnos vendiendo, enflaqueciendo y bombardeando, que, en el tu\u00e9tano, eliminada incluso la lengua, en el \u00faltimo coraz\u00f3n de este pa\u00eds todav\u00eda habr\u00e1 un libro catal\u00e1n, en el formato que sea. Destruido el \u00faltimo libro, entonces s\u00ed, habr\u00e1 terminado.<\/p>\n<p>\n            Este a\u00f1o, la Semana ha hecho r\u00e9cord de expositores. Pasearse te anima como siempre hace la cultura. Es de los pocos lugares p\u00fablicos en el mundo donde la catalanidad no s\u00f3lo est\u00e1 normalizada, sino celebrada con orgullo y justicia.   \u201d        <\/p>\n<p>                    Toni Sala &#8211; Escriptor                        <\/p>\n<p>Ahora, por ejemplo, puedo acercarme a la parada de Club Editor y comprar la edici\u00f3n de hace diez a\u00f1os deLos hermanos Karamazov. En el cap\u00edtulo III del Libro Quinto, Iv\u00e1n dice a su hermano: \u00abQuiero viajar por Europa, Alioixa. S\u00e9 que s\u00f3lo encontrar\u00e9 un cementerio, \u00a1pero un cementerio tan querido! Muertos queridos reposan, cada losa es testigo de su vida ardiente, de su fe apasionada en la ideal, de la ideal\u00bb.<\/p>\n<p>En su estudio sobre Tolstoi y Dostoievski, Steiner dice que en Rusia, en tiempos de Dostoievski, la corte \u00abera hostil a la literatura. La mayor\u00eda de la aristocracia viv\u00eda aislada en una barbarie feudal y s\u00f3lo una minor\u00eda europeizada mostraba inter\u00e9s por el arte. Sin embargo, la literatura rusa y la americana fueron las m\u00e1s abiertas y ambiciosas del XIX, como si ya se anunciaran las dos grandes potencias mundiales del siglo XX.<\/p>\n<p>S\u00ed, por supuesto, una clara decadencia europea y una clara decadencia catalana, ahora mismo. Precisamente por eso, ac\u00e9rquese a la Semana y compre uno o varios libros. Busque La Escrita de Perejaume, o los cuatro poemarios reeditados de Carner, o Calles y otros relatos de Stephen Dixon, o puede pedir consejo a los editores mismos, que es un privilegio. Saldr\u00e1 de toda esta estulticia interesada que busca igualarnos a la baja. Vaya a la Semana del Libro antes de encontrar la forma de estropearla o de cerrarla.<\/p>\n","protected":false},"excerpt":{"rendered":"El a\u00f1o pasado, como la Copa Am\u00e9rica ten\u00eda prioridad, trasladaron la Semana del Libro del Muelle de la&hellip;\n","protected":false},"author":2,"featured_media":136718,"comment_status":"","ping_status":"","sticky":false,"template":"","format":"standard","meta":{"footnotes":""},"categories":[172],"tags":[224,146,147,25,24,1496,225,773,23],"class_list":{"0":"post-136717","1":"post","2":"type-post","3":"status-publish","4":"format-standard","5":"has-post-thumbnail","7":"category-libros","8":"tag-books","9":"tag-entertainment","10":"tag-entretenimiento","11":"tag-es","12":"tag-espana","13":"tag-libro","14":"tag-libros","15":"tag-semana","16":"tag-spain"},"share_on_mastodon":{"url":"","error":""},"_links":{"self":[{"href":"https:\/\/www.europesays.com\/es\/wp-json\/wp\/v2\/posts\/136717","targetHints":{"allow":["GET"]}}],"collection":[{"href":"https:\/\/www.europesays.com\/es\/wp-json\/wp\/v2\/posts"}],"about":[{"href":"https:\/\/www.europesays.com\/es\/wp-json\/wp\/v2\/types\/post"}],"author":[{"embeddable":true,"href":"https:\/\/www.europesays.com\/es\/wp-json\/wp\/v2\/users\/2"}],"replies":[{"embeddable":true,"href":"https:\/\/www.europesays.com\/es\/wp-json\/wp\/v2\/comments?post=136717"}],"version-history":[{"count":0,"href":"https:\/\/www.europesays.com\/es\/wp-json\/wp\/v2\/posts\/136717\/revisions"}],"wp:featuredmedia":[{"embeddable":true,"href":"https:\/\/www.europesays.com\/es\/wp-json\/wp\/v2\/media\/136718"}],"wp:attachment":[{"href":"https:\/\/www.europesays.com\/es\/wp-json\/wp\/v2\/media?parent=136717"}],"wp:term":[{"taxonomy":"category","embeddable":true,"href":"https:\/\/www.europesays.com\/es\/wp-json\/wp\/v2\/categories?post=136717"},{"taxonomy":"post_tag","embeddable":true,"href":"https:\/\/www.europesays.com\/es\/wp-json\/wp\/v2\/tags?post=136717"}],"curies":[{"name":"wp","href":"https:\/\/api.w.org\/{rel}","templated":true}]}}