{"id":136719,"date":"2025-09-24T23:27:17","date_gmt":"2025-09-24T23:27:17","guid":{"rendered":"https:\/\/www.europesays.com\/es\/136719\/"},"modified":"2025-09-24T23:27:17","modified_gmt":"2025-09-24T23:27:17","slug":"grettell-valdez-revela-que-vendera-su-casa-y-comparte-el-fuerte-motivo-detras-de-esa-decision","status":"publish","type":"post","link":"https:\/\/www.europesays.com\/es\/136719\/","title":{"rendered":"Grettell Valdez revela que vender\u00e1 su casa y comparte el fuerte motivo detr\u00e1s de esa decisi\u00f3n"},"content":{"rendered":"<p id=\"e_87at-tQd\" data-wc=\"91\"><strong>Grettell Valdez\u00a0<\/strong>atraviesa por un momento de significativos cambios. La actriz vive motivada por las oportunidades del presente, pero sensible ante la reciente mudanza a Londres de <a class=\"hm-link ho-link\" href=\"https:\/\/www.hola.com\/us-es\/celebrities\/20250727846692\/grettell-valdez-pato-borghetti-santino-cumpleanios\/\" data-mrf-recirculation=\"article-body-link\" rel=\"nofollow noopener\" target=\"_blank\">su hijo Santino,<\/a> quien <a class=\"hm-link ho-link\" href=\"https:\/\/www.hola.com\/us-es\/celebrities\/20250909854847\/grettell-valdez-patricio-borghetti-reunion-londres-hijo-ingreso-escuela\/\" data-mrf-recirculation=\"article-body-link\" rel=\"nofollow noopener\" target=\"_blank\">ahora estudia actuaci\u00f3n en aquella ciudad<\/a>. Inmersa en un proceso de renovaci\u00f3n, la int\u00e9rprete tambi\u00e9n ha tomado la decisi\u00f3n de vender su casa, una situaci\u00f3n que implicar\u00e1 adaptarse a nuevas circunstancias. Sincera, la protagonista de melodramas expuso la fuerte raz\u00f3n detr\u00e1s de este importante cambio personal, el cual ha despertado la curiosidad de sus seguidores, quienes han deseado saber m\u00e1s.<\/p>\n<p> <img src=\"https:\/\/www.europesays.com\/es\/wp-content\/uploads\/2025\/09\/4576d4102215-image-8421375.jpg\"   width=\"819\" height=\"1024\" loading=\"lazy\" decoding=\"async\" alt=\"Grettell Valdez\" fetchpriority=\"auto\" class=\"image ho-image\"\/>\u00a9 @grettellvGrettell Valdez<br \/>\n\u00bfPor qu\u00e9 vender\u00e1 su casa?<\/p>\n<p id=\"eB41tu8p5zB\" data-wc=\"107\">Con total apertura, Grettell expuso, a trav\u00e9s de una din\u00e1mica de preguntas y respuestas, cu\u00e1l es la raz\u00f3n por la que pondr\u00e1 a la venta su casa, la residencia en la que habit\u00f3 por muchos a\u00f1os junto a su hijo Santino. \u201cMuchos preocupados que por qu\u00e9 vendo mi casa. Vendo mi casa poque ya es una casa muy grande para m\u00ed, y porque como Santino se va dos a\u00f1os la verdad lleg\u00f3 el momento de cambiar de lugar. Ya cumpli\u00f3 su objetivo esa casa, me dio much\u00edsimas alegr\u00edas y tambi\u00e9n una que otra l\u00e1grima, pero de eso se aprende\u2026\u201d, explic\u00f3 a trav\u00e9s de su cuenta de Instagram.<\/p>\n<p> <img src=\"https:\/\/www.europesays.com\/es\/wp-content\/uploads\/2025\/09\/5c6a4a8c8493-image-6364297.jpg\"   width=\"1024\" height=\"768\" loading=\"lazy\" decoding=\"async\" alt=\"Grettell Valdez\" fetchpriority=\"auto\" class=\"image ho-image\"\/>\u00a9 @grettellvGrettell Valdez<\/p>\n<p id=\"eDQWHKeirio\" data-wc=\"91\">Una de las mayores inc\u00f3gnitas entre sus seguidores fue si el motivo detr\u00e1s de esa decisi\u00f3n ten\u00eda que ver con su mudanza a otra ciudad o pa\u00eds, una inc\u00f3gnita que la actriz despej\u00f3 de una vez por todas. \u201cNo, no me voy a vivir a ning\u00fan lado, me quedo en M\u00e9xico, pero cuando venda mi casa ver\u00e9 opciones para buscar un departamento y poderme ir, poder cerrarlo, ir a ver a Santino, no tener que preocuparme por una casa que necesita m\u00e1s mantenimiento y estar ah\u00ed, esa es la raz\u00f3n\u201d, confes\u00f3.<\/p>\n<p> <img src=\"https:\/\/www.europesays.com\/es\/wp-content\/uploads\/2025\/09\/2f4ffecf3031-grettell-valdez.jpg\"   width=\"1024\" height=\"1024\" loading=\"lazy\" decoding=\"async\" alt=\"grettell valdez\" fetchpriority=\"auto\" class=\"image ho-image\"\/>\u00a9 @grettellGrettell Valdez<br \/>\nSus d\u00edas lejos de Santino<\/p>\n<p id=\"eHOJ2h6wuXu\" data-wc=\"105\">En su charla con los seguidores, Grettell tambi\u00e9n habl\u00f3, a coraz\u00f3n abierto, de c\u00f3mo transcurre todo para ella en estos momentos lejos de su hijo Santino. La actriz habl\u00f3 de esta situaci\u00f3n al responder a la pregunta de una seguidora, quien al parecer vive algo similar. \u201cS\u00ed est\u00e1 fuerte, la verdad, para m\u00ed la terapia es como ir al gimnasio, es mi forma de vida. creo que ahora s\u00ed necesito entrar a un foro para no pensar mucho, as\u00ed que seguramente pronto arrancar\u00e9 proyecto para no tener tiempo de nada, porque cuando haces proyecto todo el d\u00eda est\u00e1s trabajando y no hay momento de nada\u2026\u201d.<\/p>\n<p> <img src=\"https:\/\/www.europesays.com\/es\/wp-content\/uploads\/2025\/09\/af90327e39bf-image-1163240.jpg\"   width=\"907\" height=\"1024\" loading=\"lazy\" decoding=\"async\" alt=\"Grettell Valdez y su hijo Santino\" fetchpriority=\"auto\" class=\"image ho-image\"\/>\u00a9 @grettellvGrettell Valdez y su hijo Santino<\/p>\n<p id=\"eUqjUBeNfQp\" data-wc=\"102\">Grettell admiti\u00f3 que ha atravesado por momentos de tristeza, aunque ha logrado hacer frente a ese sentimiento cuando recuerda que su hijo est\u00e1 realizando sus sue\u00f1os profesionales. \u201cClaro que se extra\u00f1a y yo lo lloro y cuando estoy triste le marco y le digo te extra\u00f1o, te amo, pero siempre le hago sentir que estoy muy orgullosa y feliz por \u00e9l, porque as\u00ed es. \u00c9l est\u00e1 tan contento que eso es lo que me da energ\u00eda para estar bien y no irme al drama\u2026\u201d, confes\u00f3 en la reveladora din\u00e1mica con sus seguidores, siempre pendientes de todo lo que acontece en su vida.<\/p>\n","protected":false},"excerpt":{"rendered":"Grettell Valdez\u00a0atraviesa por un momento de significativos cambios. La actriz vive motivada por las oportunidades del presente, pero&hellip;\n","protected":false},"author":2,"featured_media":136720,"comment_status":"","ping_status":"","sticky":false,"template":"","format":"standard","meta":{"footnotes":""},"categories":[171],"tags":[517,146,147,25,24,43176,23,214],"class_list":{"0":"post-136719","1":"post","2":"type-post","3":"status-publish","4":"format-standard","5":"has-post-thumbnail","7":"category-tv","8":"tag-actualidad","9":"tag-entertainment","10":"tag-entretenimiento","11":"tag-es","12":"tag-espana","13":"tag-grettell-valdez","14":"tag-spain","15":"tag-tv"},"share_on_mastodon":{"url":"","error":""},"_links":{"self":[{"href":"https:\/\/www.europesays.com\/es\/wp-json\/wp\/v2\/posts\/136719","targetHints":{"allow":["GET"]}}],"collection":[{"href":"https:\/\/www.europesays.com\/es\/wp-json\/wp\/v2\/posts"}],"about":[{"href":"https:\/\/www.europesays.com\/es\/wp-json\/wp\/v2\/types\/post"}],"author":[{"embeddable":true,"href":"https:\/\/www.europesays.com\/es\/wp-json\/wp\/v2\/users\/2"}],"replies":[{"embeddable":true,"href":"https:\/\/www.europesays.com\/es\/wp-json\/wp\/v2\/comments?post=136719"}],"version-history":[{"count":0,"href":"https:\/\/www.europesays.com\/es\/wp-json\/wp\/v2\/posts\/136719\/revisions"}],"wp:featuredmedia":[{"embeddable":true,"href":"https:\/\/www.europesays.com\/es\/wp-json\/wp\/v2\/media\/136720"}],"wp:attachment":[{"href":"https:\/\/www.europesays.com\/es\/wp-json\/wp\/v2\/media?parent=136719"}],"wp:term":[{"taxonomy":"category","embeddable":true,"href":"https:\/\/www.europesays.com\/es\/wp-json\/wp\/v2\/categories?post=136719"},{"taxonomy":"post_tag","embeddable":true,"href":"https:\/\/www.europesays.com\/es\/wp-json\/wp\/v2\/tags?post=136719"}],"curies":[{"name":"wp","href":"https:\/\/api.w.org\/{rel}","templated":true}]}}