{"id":136737,"date":"2025-09-24T23:37:33","date_gmt":"2025-09-24T23:37:33","guid":{"rendered":"https:\/\/www.europesays.com\/es\/136737\/"},"modified":"2025-09-24T23:37:33","modified_gmt":"2025-09-24T23:37:33","slug":"el-congreso-reprueba-a-la-ministra-de-igualdad-por-las-pulseras-antimaltrato-gracias-a-la-abstencion-de-junts-y-erc","status":"publish","type":"post","link":"https:\/\/www.europesays.com\/es\/136737\/","title":{"rendered":"El Congreso reprueba a la ministra de Igualdad por las pulseras antimaltrato gracias a la abstenci\u00f3n de Junts y ERC"},"content":{"rendered":"<p id=\"paragraph_1\">El Gobierno suma su segunda derrota parlamentaria en lo que va de semana y la quinta de este mes. El Congreso de los Diputados ha reprobado a la ministra de Igualdad<strong>, Ana Redondo<\/strong>, por su gesti\u00f3n de las pulseras para el control de maltratadores.<\/p>\n<p class=\"paragraph\" id=\"paragraph_2\">La iniciativa del PP cont\u00f3 con 170 votos a favor, ya que Vox y UPN la respaldaron, frente a 163 de PSOE y Sumar. La abstenci\u00f3n de Junts, ERC, Coalici\u00f3n Canaria y BNG fue clave.<\/p>\n<p class=\"paragraph\" id=\"paragraph_3\">\u00abQueremos saber por qu\u00e9 en tiempo r\u00e9cord y con el Gobierno en funciones se cambi\u00f3 el contrato\u00bb, afirmaba la popular<strong> Patricia Rodr\u00edguez.<\/strong><\/p>\n<p class=\"paragraph\" id=\"paragraph_4\">La diputada de Feij\u00f3o reproch\u00f3 al Ministerio de Igualdad que \u00abmirase para otro lado\u00bb en el esc\u00e1ndalo de la prostituci\u00f3n que afecta al exministro <strong>Jos\u00e9 Luis \u00c1balos<\/strong> o las saunas del suegro de <strong>Pedro S\u00e1nchez.<\/strong><\/p>\n<p><img loading=\"lazy\" decoding=\"async\" alt=\"La ministra de Igualdad, Ana Redondo, en el Congreso de los Diputados.\" height=\"180\" src=\"https:\/\/www.europesays.com\/es\/wp-content\/uploads\/2025\/09\/1003743931663_258823523_320x180.jpg\" width=\"320\" data-lazy-status=\"processed\" data-lazy-info=\"remove loading item 1\"\/><\/p>\n<p class=\"paragraph\" id=\"paragraph_5\">Durante la sesi\u00f3n de control, celebrada por la ma\u00f1ana, <strong>Ana Redondo<\/strong> mostr\u00f3 su indignaci\u00f3n con la posible reprobaci\u00f3n.<\/p>\n<p class=\"paragraph\" id=\"paragraph_6\">\u00abMe quieren reprobar a m\u00ed, cuando ninguna de las mujeres que llevaban pulsera ha sido asesinada y no reprueban al se\u00f1or Maz\u00f3n, que tiene a su espalda m\u00e1s de 200 hombres y mujeres v\u00edctimas\u00bb, aseguraba la ministra en su choque con el popular De los Santos.<\/p>\n<p class=\"paragraph\" id=\"paragraph_7\">Redondo lleg\u00f3 a defenderse asegurando que todo eran \u00abbulos\u00bb y negando hasta que las pulseras se comprasen por Aliexpress.<\/p>\n<p class=\"paragraph\" id=\"paragraph_8\">La iniciativa del PP cont\u00f3 con el apoyo entusiasta de Vox. \u00abEst\u00e1n incapacitados para gobernar\u00bb, afirm\u00f3 <strong>Roc\u00edo Gil de Biedma<\/strong>, que acus\u00f3 al Gobierno de dejar de lado a las mujeres. \u00abSab\u00edan lo que estaba pasando desde hace m\u00e1s de un a\u00f1o, se lo advirtieron\u00bb, condenaba.<\/p>\n<p class=\"paragraph\" id=\"paragraph_9\">Durante el debate, Junts fue enigm\u00e1tico, pero su diputada,<strong> Pilar Calvo,<\/strong> reproch\u00f3 que \u00abhay poca transparencia al no explicar cuando tocaba que el sistema de control de maltrato ha puesto en riesgo a las mujeres\u00bb.<\/p>\n<p class=\"paragraph\" id=\"paragraph_10\">\u00abEs inadmisible al mezclar este tema con la dana\u00bb, afirmaba al recordar la frase de Redondo durante la sesi\u00f3n de control cuando protest\u00f3 por su posible reprobaci\u00f3n.<\/p>\n<p class=\"paragraph\" id=\"paragraph_11\">En esa l\u00ednea, la diputada de ERC, <strong>Pilar Vallugera,<\/strong> que antes de abstenerse pidi\u00f3 que \u00abasuman los errores\u00bb y \u00abden la cara\u00bb.<\/p>\n<p class=\"paragraph\" id=\"paragraph_12\">Con esta derrota, el Gobierno se deja un reguero de leyes ca\u00eddas y revolcones parlamentarios.<\/p>\n<p class=\"paragraph\" id=\"paragraph_13\">Este mismo martes, perdieron la toma en consideraci\u00f3n para que se admitiera a tr\u00e1mite la ley de PSOE y Junts para \u00abdelegar\u00bb las competencias en materia de inmigraci\u00f3n y fronteras.<\/p>\n<p class=\"paragraph\" id=\"paragraph_14\">A esto se suma la ley tumbada sobre la reducci\u00f3n de la jornada laboral, la Oficina de Prevenci\u00f3n de la Corrupci\u00f3n que promov\u00eda Sumar o cuando Junts uni\u00f3 sus votos a PP y Vox para instar a derogar la Ley de Vivienda.<\/p>\n<p class=\"paragraph\" id=\"paragraph_15\">En todas estas votaciones, Junts ha tenido un papel relevante al unir sus votos al PP. Salvo en el caso de la reprobaci\u00f3n que ha optado por abstenerse.<\/p>\n","protected":false},"excerpt":{"rendered":"El Gobierno suma su segunda derrota parlamentaria en lo que va de semana y la quinta de este&hellip;\n","protected":false},"author":2,"featured_media":136738,"comment_status":"","ping_status":"","sticky":false,"template":"","format":"standard","meta":{"footnotes":""},"categories":[5],"tags":[40425,17,18,14892,25,24,13,14,11,19,20,28384,9,10,15,16,6066,952,2957,40977,23,12,21,22],"class_list":{"0":"post-136737","1":"post","2":"type-post","3":"status-publish","4":"format-standard","5":"has-post-thumbnail","7":"category-titulares","8":"tag-ana-redondo","9":"tag-breaking-news","10":"tag-breakingnews","11":"tag-congreso-de-los-diputados","12":"tag-es","13":"tag-espana","14":"tag-featured-news","15":"tag-featurednews","16":"tag-headlines","17":"tag-latest-news","18":"tag-latestnews","19":"tag-ministerio-de-igualdad","20":"tag-news","21":"tag-noticias","22":"tag-noticias-destacadas","23":"tag-noticiasdestacadas","24":"tag-partido-popular-pp","25":"tag-politica","26":"tag-psoe-partido-socialista-obrero-espanol","27":"tag-pulseras","28":"tag-spain","29":"tag-titulares","30":"tag-ultimas-noticias","31":"tag-ultimasnoticias"},"share_on_mastodon":{"url":"","error":""},"_links":{"self":[{"href":"https:\/\/www.europesays.com\/es\/wp-json\/wp\/v2\/posts\/136737","targetHints":{"allow":["GET"]}}],"collection":[{"href":"https:\/\/www.europesays.com\/es\/wp-json\/wp\/v2\/posts"}],"about":[{"href":"https:\/\/www.europesays.com\/es\/wp-json\/wp\/v2\/types\/post"}],"author":[{"embeddable":true,"href":"https:\/\/www.europesays.com\/es\/wp-json\/wp\/v2\/users\/2"}],"replies":[{"embeddable":true,"href":"https:\/\/www.europesays.com\/es\/wp-json\/wp\/v2\/comments?post=136737"}],"version-history":[{"count":0,"href":"https:\/\/www.europesays.com\/es\/wp-json\/wp\/v2\/posts\/136737\/revisions"}],"wp:featuredmedia":[{"embeddable":true,"href":"https:\/\/www.europesays.com\/es\/wp-json\/wp\/v2\/media\/136738"}],"wp:attachment":[{"href":"https:\/\/www.europesays.com\/es\/wp-json\/wp\/v2\/media?parent=136737"}],"wp:term":[{"taxonomy":"category","embeddable":true,"href":"https:\/\/www.europesays.com\/es\/wp-json\/wp\/v2\/categories?post=136737"},{"taxonomy":"post_tag","embeddable":true,"href":"https:\/\/www.europesays.com\/es\/wp-json\/wp\/v2\/tags?post=136737"}],"curies":[{"name":"wp","href":"https:\/\/api.w.org\/{rel}","templated":true}]}}