{"id":136781,"date":"2025-09-25T00:03:14","date_gmt":"2025-09-25T00:03:14","guid":{"rendered":"https:\/\/www.europesays.com\/es\/136781\/"},"modified":"2025-09-25T00:03:14","modified_gmt":"2025-09-25T00:03:14","slug":"tatiana-suarez-la-promesa-que-se-quedo-sin-juegos-olimpicos-por-un-cancer-y-ahora-suena-con-el-oro-de-ufc-relevo","status":"publish","type":"post","link":"https:\/\/www.europesays.com\/es\/136781\/","title":{"rendered":"Tatiana Su\u00e1rez, la promesa que se qued\u00f3 sin Juegos Ol\u00edmpicos por un c\u00e1ncer y ahora sue\u00f1a con el oro de UFC\n| Relevo"},"content":{"rendered":"<p class=\"paragraph\" data-mrf-recirculation=\"Links art\u00edculo\"><strong>Tatiana Su\u00e1rez disputa este s\u00e1bado el Campeonato de la <\/strong><a class=\"link\" href=\"https:\/\/www.relevo.com\/mma\/ufc\/\" target=\"_self\" rel=\"nofollow noopener\"><strong>UFC<\/strong><\/a><strong> del peso paja.<\/strong> La estadounidense, de 34 a\u00f1os, <strong>desaf\u00eda a Weili Zhan<\/strong>g, una de las mejores luchadoras de su categor\u00eda. La pelea puede pasar desapercibida por el nombre de la aspirante, pero la historia que tiene detr\u00e1s Su\u00e1rez sobrecoge. Para ella estar en ese pleito ya es una victoria. La vida no le ha puesto f\u00e1cil llegar a lo m\u00e1s alto, pero ella se ha empe\u00f1ado en hacerlo. <\/p>\n<p class=\"paragraph\" data-mrf-recirculation=\"Links art\u00edculo\">La californiana, de padres mexicanos, <strong>empez\u00f3 a practicar lucha libre con cuatro a\u00f1os influida por su hermano mayor<\/strong>. Pronto se dio cuenta de que ese era su futuro. Los resultados la acompa\u00f1aron. Obtuvo resultados en categor\u00edas inferiores, y con 17 a\u00f1os (cumple en diciembre) <strong>logr\u00f3 un bronce en un Mundial<\/strong>. Dos a\u00f1os despu\u00e9s repiti\u00f3 \u00e9xito. Londres 2012, cita a la que llegar\u00eda con 22 a\u00f1os, era su gran momento.<\/p>\n<p class=\"paragraph\" data-mrf-recirculation=\"Links art\u00edculo\">En el camino a los Juegos, <strong>Su\u00e1rez se lesion\u00f3 del cuello<\/strong>. Cuando los m\u00e9dicos le hicieron pruebas para comprobar el alcance de su lesi\u00f3n<strong> descubrieron que ten\u00eda un n\u00f3dulo maligno en la tiroides<\/strong>. Le extirparon los ganglios linf\u00e1ticos y tuvo que pasar por un tratamiento de radioterapia. Tras a\u00f1o y medio de tratamiento, Su\u00e1rez fue dada de alta.<\/p>\n<p class=\"paragraph\" data-mrf-recirculation=\"Links art\u00edculo\">La oportunidad ol\u00edmpica se hab\u00eda esfumado, pero eso era un segundo plano. Su vida era el deporte y volvi\u00f3 a practicarlo, pero quiso cambiar. Por ello comenz\u00f3, <strong>en 2013, a practicar jiu-jitsu, disciplina de la que despu\u00e9s dio el paso a las MMA<\/strong>. Con un gran suelo y un wrestling \u00e9lite, Tatiana no tard\u00f3 en competir y tras un par de pleitos amateur debut\u00f3, disputando un cintur\u00f3n, en julio de 2014. <strong>Necesit\u00f3 tres combates para que UFC se fijase en ella.<\/strong><\/p>\n<p class=\"paragraph\" data-mrf-recirculation=\"Links art\u00edculo\"><strong>La mayor empresa de MMA del mundo la puso en la edici\u00f3n n\u00famero 23 de su reality, el Ultimate Fighter.<\/strong> Lo gan\u00f3 y en UFC se frotaban las manos. Se llev\u00f3 el triunfo en los cuatro pleitos posteriores que le pusieron. Apuntaba muy alto, pero su carrera se fren\u00f3 de nuevo. <strong>El coronavirus y una lesi\u00f3n en el cuello frenaron su progresi\u00f3n<\/strong>. Hasta 2021 no pudo volver y cuando lo fue a hacer\u2026 se lesion\u00f3 la rodilla. No fue hasta febrero de 2023 cuando pudo retornar al oct\u00e1gono. Venci\u00f3 a Montana de la Rosa y a la excampeona Jessica Andrade. <strong>Ese \u00faltimo pleito fue en agosto de 2023<\/strong>. Lleva un a\u00f1o y medio, con dos cancelaciones de por medio, en el dique seco.<\/p>\n<p class=\"paragraph\" data-mrf-recirculation=\"Links art\u00edculo\">Antes del primer par\u00f3n,<strong> hab\u00eda ganado a excampeonas Carla Esparza y Alexa Grasso<\/strong>. Tiene mucho potencial y lo ha demostrado cuando ha podido pelear. Por ese motivo, y por la escasez de nuevos nombres, l<strong>a UFC le ha dado la oportunidad titular pese a la inactividad<\/strong>. Su\u00e1rez es la n\u00famero uno del ranking y tiene que mostrar todo su potencial frente a la campeona del peso paja. Sin duda est\u00e1 ante su mayor examen, pero con lo que ha superado antes de este momento, nada es imposible para ella.<\/p>\n<p class=\"paragraph\" data-mrf-recirculation=\"Links art\u00edculo\"><strong>Zhang, que en el coestelar el UFC 312, disputar\u00e1 su tercera defensa dentro de su segundo reinado en la divisi\u00f3n debe ser considerada ampliamente favorita<\/strong>. Hasta el momento ha demostrado ser la mejor, con diferencia, de su divisi\u00f3n. Es muy completa y tiene la calidad para finalizar en el stiking y tambi\u00e9n a ras de lona. Esa zona, junto con los agarres, ser\u00e1 la zona en la que la mujer milagro buscar\u00e1 mandar. Es su fuerte. <strong>El oro ol\u00edmpico no pudo disputarlo en 2012, pero 12 a\u00f1os despu\u00e9s pelear\u00e1 por otro oro, el de la UFC<\/strong>. Su historia, pase lo que pase, ya es para el recuerdo.<\/p>\n","protected":false},"excerpt":{"rendered":"Tatiana Su\u00e1rez disputa este s\u00e1bado el Campeonato de la UFC del peso paja. La estadounidense, de 34 a\u00f1os,&hellip;\n","protected":false},"author":2,"featured_media":136782,"comment_status":"","ping_status":"","sticky":false,"template":"","format":"standard","meta":{"footnotes":""},"categories":[276],"tags":[1066,168,25,24,1767,43193,7376,5584,23,167,9248,5038,43192,343],"class_list":{"0":"post-136781","1":"post","2":"type-post","3":"status-publish","4":"format-standard","5":"has-post-thumbnail","7":"category-ufc","8":"tag-cancer","9":"tag-deportes","10":"tag-es","11":"tag-espana","12":"tag-juegos","13":"tag-olimpicos","14":"tag-promesa","15":"tag-quedo","16":"tag-spain","17":"tag-sports","18":"tag-suarez","19":"tag-suena","20":"tag-tatiana","21":"tag-ufc"},"share_on_mastodon":{"url":"","error":""},"_links":{"self":[{"href":"https:\/\/www.europesays.com\/es\/wp-json\/wp\/v2\/posts\/136781","targetHints":{"allow":["GET"]}}],"collection":[{"href":"https:\/\/www.europesays.com\/es\/wp-json\/wp\/v2\/posts"}],"about":[{"href":"https:\/\/www.europesays.com\/es\/wp-json\/wp\/v2\/types\/post"}],"author":[{"embeddable":true,"href":"https:\/\/www.europesays.com\/es\/wp-json\/wp\/v2\/users\/2"}],"replies":[{"embeddable":true,"href":"https:\/\/www.europesays.com\/es\/wp-json\/wp\/v2\/comments?post=136781"}],"version-history":[{"count":0,"href":"https:\/\/www.europesays.com\/es\/wp-json\/wp\/v2\/posts\/136781\/revisions"}],"wp:featuredmedia":[{"embeddable":true,"href":"https:\/\/www.europesays.com\/es\/wp-json\/wp\/v2\/media\/136782"}],"wp:attachment":[{"href":"https:\/\/www.europesays.com\/es\/wp-json\/wp\/v2\/media?parent=136781"}],"wp:term":[{"taxonomy":"category","embeddable":true,"href":"https:\/\/www.europesays.com\/es\/wp-json\/wp\/v2\/categories?post=136781"},{"taxonomy":"post_tag","embeddable":true,"href":"https:\/\/www.europesays.com\/es\/wp-json\/wp\/v2\/tags?post=136781"}],"curies":[{"name":"wp","href":"https:\/\/api.w.org\/{rel}","templated":true}]}}