{"id":136787,"date":"2025-09-25T00:06:14","date_gmt":"2025-09-25T00:06:14","guid":{"rendered":"https:\/\/www.europesays.com\/es\/136787\/"},"modified":"2025-09-25T00:06:14","modified_gmt":"2025-09-25T00:06:14","slug":"mario-aparicio-ciclista-del-burgos-bh-da-pena-que-la-vuelta-no-se-pueda-desarrollar-como-debe","status":"publish","type":"post","link":"https:\/\/www.europesays.com\/es\/136787\/","title":{"rendered":"Mario Aparicio, ciclista del Burgos BH: \u00abDa pena que La Vuelta no se pueda desarrollar como debe\u00bb"},"content":{"rendered":"<p>Disfrutando de las fiestas patronales de su Aranda natal. As\u00ed se repon\u00eda en los \u00faltimos d\u00edas Mario Aparicio, ciclista del Burgos Burpellet BH, del esfuerzo que supone La Vuelta Ciclista a Espa\u00f1a. El arandino fue uno de los afectados por un virus durante la carrera, aunque a diferencia de algunos de sus compa\u00f1eros de equipo, pudo evitar el abandono, certificando una notable actuaci\u00f3n en su primera gran vuelta. Tambi\u00e9n ha vivido de cerca las manifestaciones en favor de Palestina.<\/p>\n<p>Con la temporada a punto de finalizar y la mirada puesta en el Tour de Langkawi, que iniciar\u00e1 a finales de septiembre, Aparicio espera cerrar su a\u00f1o con buenas sensaciones, en un curso con grandes resultados para \u00e9l.<\/p>\n<p>La Vuelta conlleva una gran exigencia f\u00edsica y psicol\u00f3gica. En este aspecto, el ciclista ribere\u00f1o ha asegurado estar \u00abbuscando que el cuerpo recupere de cara a las \u00faltimas carreras de la temporada\u00bb.<\/p>\n<blockquote>\n<p>Considero que he hecho una gran vuelta y que he ofrecido un buen nivel\u00bb<\/p>\n<\/blockquote>\n<p>Adem\u00e1s del agotamiento que supone la prueba, Mario y sus compa\u00f1eros sufrieron un episodio v\u00edrico que oblig\u00f3 a cuatro de ellos a abandonar la carrera. \u00abAl final es dif\u00edcil&#8230; ser cuatro corredores para nuestro objetivo, que era aprovechar las fugas, pues resulta m\u00e1s complicado\u00bb, afirm\u00f3. En el \u00e1mbito personal y acerca de c\u00f3mo \u00e9l mismo ha gestionado la enfermedad, asegura sentirse \u00abuno menos en el equipo, hasta que te recuperas te lastra mucho\u00bb.<\/p>\n<p>En lo deportivo, el ciclista hace balance de su participaci\u00f3n, asegurando que \u00abm\u00e1s all\u00e1 del problema que ha tra\u00eddo el virus, considero que he hecho una gran vuelta y que he ofrecido un buen nivel\u00bb. \u00abEspero que el equipo consiga los puntos para quedarnos entre los 30 primeros y pueda seguir disputando alguna grande\u00bb, a\u00f1adi\u00f3.<\/p>\n<blockquote>\n<p>Cada uno es libre de protestar, pero desde el respeto y no desde el odio\u00bb<\/p>\n<\/blockquote>\n<p>Ha sido tambi\u00e9n una prueba marcada por los acontecimientos extradeportivos, con las protestas de m\u00faltiples manifestantes en favor del pueblo palestino. Sobre ello, Mario se\u00f1ala que \u00abcada uno es libre de protestar, pero pienso que siempre deben ser desde el respeto y no desde el odio\u00bb. \u00abHay gente que ha hecho protestas de forma correcta, pero creo que la gente que ha sido m\u00e1s radical pierde la esencia de la propia protesta\u00bb.<\/p>\n<p>A pesar de ser acontecimientos que no tienen relaci\u00f3n con el ciclismo ni con la Vuelta a Espa\u00f1a, han afectado en el d\u00eda a d\u00eda de los corredores. \u00abPara mi rendimiento no me ha afectado, pero tampoco te evades de ello. Igual sientes un poco de miedo porque no sabes lo que puede pasar en tramos que son m\u00e1s abiertos, en los que se puede abalanzar alguien sobre ti, como el d\u00eda de Monforte de Lemos\u00bb.\u00a0<\/p>\n<blockquote>\n<p>Ser cuatro corredores para nuestro objetivo, que era aprovechar las fugas, te lo pone m\u00e1s complicado\u00bb<\/p>\n<\/blockquote>\n<p>De entre todas las etapas, la preferida para el ciclista del Burgos Burpellet BH fue la de Bilbao (etapa 11). Esta estuvo marcada tambi\u00e9n por las manifestaciones. Aquel d\u00eda la etapa finaliz\u00f3 sin ganador a 3 kil\u00f3metros de la meta. Sobre ella, Mario asegura que \u00abda rabia\u00bb. \u00abUn gran evento como es la Vuelta a Espa\u00f1a, que sea perjudicada as\u00ed y que no se deje desarrollar como se tiene que desarrollar, da pena\u00bb, coment\u00f3.<\/p>\n<p>M\u00e1s all\u00e1 de lo extradeportivo y con Mario Aparicio dej\u00e1ndose ver a nivel nacional e internacional, lo que es seguro es que el arandino ser\u00e1 tema de conversaci\u00f3n a lo largo de los a\u00f1os en las grandes vueltas y en las carreras importantes del circuito UCI.<\/p>\n","protected":false},"excerpt":{"rendered":"Disfrutando de las fiestas patronales de su Aranda natal. As\u00ed se repon\u00eda en los \u00faltimos d\u00edas Mario Aparicio,&hellip;\n","protected":false},"author":2,"featured_media":136788,"comment_status":"","ping_status":"","sticky":false,"template":"","format":"standard","meta":{"footnotes":""},"categories":[273],"tags":[3592,9298,313,312,168,25,24,5087,76,23,167,11214,2275,5411],"class_list":{"0":"post-136787","1":"post","2":"type-post","3":"status-publish","4":"format-standard","5":"has-post-thumbnail","7":"category-ciclismo","8":"tag-aranda-de-duero","9":"tag-burgos-bh","10":"tag-ciclismo","11":"tag-cycling","12":"tag-deportes","13":"tag-es","14":"tag-espana","15":"tag-manifestacion","16":"tag-palestina","17":"tag-spain","18":"tag-sports","19":"tag-uci","20":"tag-virus","21":"tag-vuelta-a-espana"},"share_on_mastodon":{"url":"","error":""},"_links":{"self":[{"href":"https:\/\/www.europesays.com\/es\/wp-json\/wp\/v2\/posts\/136787","targetHints":{"allow":["GET"]}}],"collection":[{"href":"https:\/\/www.europesays.com\/es\/wp-json\/wp\/v2\/posts"}],"about":[{"href":"https:\/\/www.europesays.com\/es\/wp-json\/wp\/v2\/types\/post"}],"author":[{"embeddable":true,"href":"https:\/\/www.europesays.com\/es\/wp-json\/wp\/v2\/users\/2"}],"replies":[{"embeddable":true,"href":"https:\/\/www.europesays.com\/es\/wp-json\/wp\/v2\/comments?post=136787"}],"version-history":[{"count":0,"href":"https:\/\/www.europesays.com\/es\/wp-json\/wp\/v2\/posts\/136787\/revisions"}],"wp:featuredmedia":[{"embeddable":true,"href":"https:\/\/www.europesays.com\/es\/wp-json\/wp\/v2\/media\/136788"}],"wp:attachment":[{"href":"https:\/\/www.europesays.com\/es\/wp-json\/wp\/v2\/media?parent=136787"}],"wp:term":[{"taxonomy":"category","embeddable":true,"href":"https:\/\/www.europesays.com\/es\/wp-json\/wp\/v2\/categories?post=136787"},{"taxonomy":"post_tag","embeddable":true,"href":"https:\/\/www.europesays.com\/es\/wp-json\/wp\/v2\/tags?post=136787"}],"curies":[{"name":"wp","href":"https:\/\/api.w.org\/{rel}","templated":true}]}}