{"id":136821,"date":"2025-09-25T00:25:12","date_gmt":"2025-09-25T00:25:12","guid":{"rendered":"https:\/\/www.europesays.com\/es\/136821\/"},"modified":"2025-09-25T00:25:12","modified_gmt":"2025-09-25T00:25:12","slug":"el-club-cocherito-de-bilbao-convoca-a-la-aficion-taurina-a-una-ofrenda-floral-en-recuerdo-a-ivan-fandino","status":"publish","type":"post","link":"https:\/\/www.europesays.com\/es\/136821\/","title":{"rendered":"El Club Cocherito de Bilbao convoca a la afici\u00f3n taurina a una ofrenda floral en recuerdo a Iv\u00e1n Fandi\u00f1o"},"content":{"rendered":"<p><strong>Tendr\u00e1 lugar el lunes 29 de septiembre, a las 13:00 horas, junto a la escultura que honra la figura del diestro ante la puerta de la plaza de Vista Alegre<\/strong><\/p>\n<p>\u00a0<\/p>\n<p>El <strong>Club Cocherito de Bilbao<\/strong> ha convocado a sus socios y socias y al conjunto de la afici\u00f3n taurina a la ofrenda floral que se celebrar\u00e1 en recuerdo al torero <strong>Iv\u00e1n Fandi\u00f1o<\/strong> el pr\u00f3ximo <strong>lunes, d\u00eda 29 de septiembre, a las 13:00 horas<\/strong>, junto a la puerta grande de la plaza de <strong>Vista Alegre<\/strong>. En esa fecha se conmemora el nacimiento del torero de Ordu\u00f1a, que habr\u00eda cumplido 45 a\u00f1os.<\/p>\n<p>\u00a0<\/p>\n<p>Iv\u00e1n Fandi\u00f1o muri\u00f3 el 17 de junio de 2017, a los 36 a\u00f1os de edad, como consecuencia de la cornada sufrida en la plaza de toros de la localidad landesa de Aire-sur-l\u2019Adour.<\/p>\n","protected":false},"excerpt":{"rendered":"Tendr\u00e1 lugar el lunes 29 de septiembre, a las 13:00 horas, junto a la escultura que honra la&hellip;\n","protected":false},"author":2,"featured_media":136822,"comment_status":"","ping_status":"","sticky":false,"template":"","format":"standard","meta":{"footnotes":""},"categories":[277],"tags":[373,168,25,24,23,167,374],"class_list":{"0":"post-136821","1":"post","2":"type-post","3":"status-publish","4":"format-standard","5":"has-post-thumbnail","7":"category-toreo","8":"tag-bullfighting","9":"tag-deportes","10":"tag-es","11":"tag-espana","12":"tag-spain","13":"tag-sports","14":"tag-toreo"},"share_on_mastodon":{"url":"","error":""},"_links":{"self":[{"href":"https:\/\/www.europesays.com\/es\/wp-json\/wp\/v2\/posts\/136821","targetHints":{"allow":["GET"]}}],"collection":[{"href":"https:\/\/www.europesays.com\/es\/wp-json\/wp\/v2\/posts"}],"about":[{"href":"https:\/\/www.europesays.com\/es\/wp-json\/wp\/v2\/types\/post"}],"author":[{"embeddable":true,"href":"https:\/\/www.europesays.com\/es\/wp-json\/wp\/v2\/users\/2"}],"replies":[{"embeddable":true,"href":"https:\/\/www.europesays.com\/es\/wp-json\/wp\/v2\/comments?post=136821"}],"version-history":[{"count":0,"href":"https:\/\/www.europesays.com\/es\/wp-json\/wp\/v2\/posts\/136821\/revisions"}],"wp:featuredmedia":[{"embeddable":true,"href":"https:\/\/www.europesays.com\/es\/wp-json\/wp\/v2\/media\/136822"}],"wp:attachment":[{"href":"https:\/\/www.europesays.com\/es\/wp-json\/wp\/v2\/media?parent=136821"}],"wp:term":[{"taxonomy":"category","embeddable":true,"href":"https:\/\/www.europesays.com\/es\/wp-json\/wp\/v2\/categories?post=136821"},{"taxonomy":"post_tag","embeddable":true,"href":"https:\/\/www.europesays.com\/es\/wp-json\/wp\/v2\/tags?post=136821"}],"curies":[{"name":"wp","href":"https:\/\/api.w.org\/{rel}","templated":true}]}}