{"id":136823,"date":"2025-09-25T00:27:09","date_gmt":"2025-09-25T00:27:09","guid":{"rendered":"https:\/\/www.europesays.com\/es\/136823\/"},"modified":"2025-09-25T00:27:09","modified_gmt":"2025-09-25T00:27:09","slug":"nagore-lidera-la-reaccion-europea-en-la-junior-ryder-cup","status":"publish","type":"post","link":"https:\/\/www.europesays.com\/es\/136823\/","title":{"rendered":"Nagore lidera la reacci\u00f3n europea en la Junior Ryder Cup"},"content":{"rendered":"<p>\t\t\t\t\tLa joven catalana fue la gran protagonista del Team Europe con pleno de triunfos en una jornada que deja a EE. UU. con una m\u00ednima ventaja<br \/>\n<img fetchpriority=\"high\" decoding=\"async\" class=\"size-full wp-image-319189\" src=\"https:\/\/www.europesays.com\/es\/wp-content\/uploads\/2025\/09\/Nagore-Martinez-Junior-Ryder-Cup-2025-dia-1.jpg\" alt=\"Junior Ryder Cup, Nassau CC, Nagore Mart\u00ednez, \" width=\"650\" height=\"433\"  \/>Nagore Mart\u00ednez con sus dos compa\u00f1eros de juego en la primera jornada de la Junior Ryder Cup<\/p>\n<p style=\"text-align: justify;\">El <strong>equipo europeo<\/strong> mostr\u00f3 car\u00e1cter y resistencia en la primera jornada de la 13\u00aa <strong>Junior Ryder Cup<\/strong>, en la que <strong>Estados Unidos<\/strong> cerr\u00f3 el d\u00eda con una exigua ventaja de 6\u00bd a 5\u00bd en <strong>Nassau Country Club<\/strong>. La gran protagonista del conjunto del viejo continente fue la espa\u00f1ola <strong>Nagore Mart\u00ednez<\/strong>, que firm\u00f3 pleno de victorias en los dos partidos que disput\u00f3.<\/p>\n<p style=\"text-align: justify;\">El arranque no fue sencillo para Europa. El equipo local, impulsado por la n\u00famero uno estadounidense junior <strong>Asterisk Talley<\/strong>, arranc\u00f3 con tres victorias contundentes en los <strong>foursomes<\/strong> de la ma\u00f1ana. Sin embargo, la reacci\u00f3n visitante no tard\u00f3 en llegar.<\/p>\n<p style=\"text-align: justify;\">El d\u00fao franc\u00e9s formado por <strong>Hugo Le Goff<\/strong> y <strong>Oscar Couilleau<\/strong> estren\u00f3 el casillero con un s\u00f3lido 3&amp;2, y poco despu\u00e9s <strong>Nagore Mart\u00ednez<\/strong>, junto a la alemana <strong>Louise Uma Landgraf<\/strong>, sum\u00f3 un punto vital imponi\u00e9ndose 3&amp;2 a <strong>Zoe Cusack<\/strong> y <strong>Rayee Feng<\/strong>. El cierre lo puso la pareja brit\u00e1nica <strong>John Doyle<\/strong> y <strong>Kris Kim<\/strong>, que venci\u00f3 en el 18 para equilibrar el marcador (3-3) al mediod\u00eda.<\/p>\n<p style=\"text-align: justify;\">La tarde trajo emociones fuertes en los <strong>foursomes mixtos<\/strong>. Europa protagoniz\u00f3 una remontada memorable con <strong>Le Goff<\/strong> y <strong>Brentcheneff<\/strong> ara\u00f1ando medio punto contra <strong>Russell<\/strong> y <strong>Talley<\/strong>, que hab\u00edan llegado a ir 4 arriba. Sin embargo, EE.UU. reaccion\u00f3 en partidos ajustad\u00edsimos, incluido el triunfo de <strong>Coleman<\/strong> y <strong>Feng<\/strong> con un birdie en el 18.<\/p>\n<p style=\"text-align: justify;\">En medio de tanta tensi\u00f3n, volvi\u00f3 a brillar <strong>Nagore Mart\u00ednez<\/strong>, esta vez junto al franc\u00e9s <strong>Callixte Alzas<\/strong>; logrando otra victoria solvente (3&amp;2) frente a <strong>Peng<\/strong> y <strong>Puebla<\/strong>. Con este pleno de la catalana; Europa mantuvo viva la lucha y cerr\u00f3 la jornada con una m\u00ednima desventaja que deja todo abierto.<\/p>\n<p style=\"text-align: justify;\">Con dos puntos de dos posibles, Nagore Mart\u00ednez se erigi\u00f3 en l\u00edder indiscutible del equipo europeo; que buscar\u00e1 en <strong>Bethpage Black<\/strong> dar la vuelta al marcador y prolongar su legado en la <strong>Ryder Cup juvenil<\/strong>.<\/p>\n<p><img loading=\"lazy\" decoding=\"async\" class=\"size-full wp-image-319188\" src=\"https:\/\/www.europesays.com\/es\/wp-content\/uploads\/2025\/09\/Junior-Ryder-Cup-Marcador-Dia-1.jpg\" alt=\"Junior Ryder Cup, Nassau CC, Nagore Mart\u00ednez, \" width=\"650\" height=\"634\"  \/>Resultados de la primera jornada de la Junior Ryder Cup en Nassau CC<\/p>\n<p style=\"text-align: justify;\"><strong>Puede seguir a OpenGolf en <\/strong><a style=\"color: #008000;\" href=\"https:\/\/www.facebook.com\/opengolfes.es\/\" rel=\"nofollow noopener\" target=\"_blank\"><strong>Facebook<\/strong><\/a><strong>; <\/strong><a style=\"color: #008000;\" href=\"https:\/\/twitter.com\/opengolf_news\" rel=\"nofollow noopener\" target=\"_blank\"><strong>Twitter<\/strong><\/a><strong>; <\/strong><a style=\"color: #008000;\" href=\"https:\/\/www.linkedin.com\/in\/fernando-molina-b1455a14\/\" rel=\"nofollow noopener\" target=\"_blank\"><strong>LinkedIn<\/strong><\/a><strong> y suscribi\u00e9ndose a trav\u00e9s de este enlace a nuestra <\/strong><a style=\"color: #008000;\" href=\"https:\/\/opengolf.es\/newsletters.php\" rel=\"nofollow noopener\" target=\"_blank\"><strong>Newsletter Semanal<\/strong><\/a><\/p>\n<p>\t\t\t\t<script async src=\"https:\/\/platform.twitter.com\/widgets.js\" charset=\"utf-8\"><\/script><\/p>\n","protected":false},"excerpt":{"rendered":"La joven catalana fue la gran protagonista del Team Europe con pleno de triunfos en una jornada que&hellip;\n","protected":false},"author":2,"featured_media":136824,"comment_status":"","ping_status":"","sticky":false,"template":"","format":"standard","meta":{"footnotes":""},"categories":[275],"tags":[168,25,24,329,42765,42766,42767,23,167],"class_list":{"0":"post-136823","1":"post","2":"type-post","3":"status-publish","4":"format-standard","5":"has-post-thumbnail","7":"category-golf","8":"tag-deportes","9":"tag-es","10":"tag-espana","11":"tag-golf","12":"tag-junior-ryder-cup","13":"tag-nagore-martinez","14":"tag-nassau-cc","15":"tag-spain","16":"tag-sports"},"share_on_mastodon":{"url":"","error":""},"_links":{"self":[{"href":"https:\/\/www.europesays.com\/es\/wp-json\/wp\/v2\/posts\/136823","targetHints":{"allow":["GET"]}}],"collection":[{"href":"https:\/\/www.europesays.com\/es\/wp-json\/wp\/v2\/posts"}],"about":[{"href":"https:\/\/www.europesays.com\/es\/wp-json\/wp\/v2\/types\/post"}],"author":[{"embeddable":true,"href":"https:\/\/www.europesays.com\/es\/wp-json\/wp\/v2\/users\/2"}],"replies":[{"embeddable":true,"href":"https:\/\/www.europesays.com\/es\/wp-json\/wp\/v2\/comments?post=136823"}],"version-history":[{"count":0,"href":"https:\/\/www.europesays.com\/es\/wp-json\/wp\/v2\/posts\/136823\/revisions"}],"wp:featuredmedia":[{"embeddable":true,"href":"https:\/\/www.europesays.com\/es\/wp-json\/wp\/v2\/media\/136824"}],"wp:attachment":[{"href":"https:\/\/www.europesays.com\/es\/wp-json\/wp\/v2\/media?parent=136823"}],"wp:term":[{"taxonomy":"category","embeddable":true,"href":"https:\/\/www.europesays.com\/es\/wp-json\/wp\/v2\/categories?post=136823"},{"taxonomy":"post_tag","embeddable":true,"href":"https:\/\/www.europesays.com\/es\/wp-json\/wp\/v2\/tags?post=136823"}],"curies":[{"name":"wp","href":"https:\/\/api.w.org\/{rel}","templated":true}]}}