{"id":136825,"date":"2025-09-25T00:28:18","date_gmt":"2025-09-25T00:28:18","guid":{"rendered":"https:\/\/www.europesays.com\/es\/136825\/"},"modified":"2025-09-25T00:28:18","modified_gmt":"2025-09-25T00:28:18","slug":"el-mundo-del-tenis-se-despide-de-niki-pilic-atp-tour","status":"publish","type":"post","link":"https:\/\/www.europesays.com\/es\/136825\/","title":{"rendered":"El mundo del tenis se despide de Niki Pilic | ATP Tour"},"content":{"rendered":"<p>        ATP Tour<br \/>\n    El mundo del tenis se despide de Niki Pilic<\/p>\n<p>El ex finalista de Roland Garros fue el detonante del boicot a Wimbledon en 1973<\/p>\n<p>September 23, 2025<\/p>\n<p>            <img decoding=\"async\" src=\"https:\/\/www.europesays.com\/es\/wp-content\/uploads\/2025\/09\/pilic-2025-obituary.jpg\" alt=\"\"\/><\/p>\n<p>Jean-Christophe Verhaegen\/AFP via Getty Images<\/p>\n<p>        By Redacci\u00f3n ATP <\/p>\n<p><a href=\"https:\/\/www.atptour.com\/es\/players\/nikola-pilic\/p080\/overview\" rel=\"nofollow noopener\" target=\"_blank\">Nikola Pilic<\/a>, fallecido el lunes en Rijeka a los 86 a\u00f1os, dej\u00f3 una huella indeleble en el mundo del tenis como jugador, entrenador, capit\u00e1n y director de torneos.<\/p>\n<p>Tal es el legado de Pilic que hoy habr\u00e1 quienes recuerden el punto \u00e1lgido de su carrera como jugador, cuando fue finalista en <a href=\"https:\/\/www.atptour.com\/es\/tournaments\/roland-garros\/520\/overview\" rel=\"nofollow noopener\" target=\"_blank\">Roland Garros<\/a> en 1973, en un momento en el que Pilic se vio envuelto en una tormenta deportiva y pol\u00edtica que culmin\u00f3 con el boicot a <a href=\"https:\/\/www.atptour.com\/es\/tournaments\/wimbledon\/540\/overview\" rel=\"nofollow noopener\" target=\"_blank\">Wimbledon<\/a> un mes despu\u00e9s.<\/p>\n<p>O los recuerdos entra\u00f1ables como capit\u00e1n ganador de la Copa Davis con Alemania, Croacia y Serbia; su papel como director de torneos y reformador durante mucho tiempo, que ha ayudado a las generaciones futuras, o como mentor y entrenador de jugadores como <a href=\"https:\/\/www.atptour.com\/es\/players\/boris-becker\/b028\/overview\" rel=\"nofollow noopener\" target=\"_blank\">Boris Becker<\/a>, <a href=\"https:\/\/www.atptour.com\/es\/players\/michael-stich\/s351\/overview\" rel=\"nofollow noopener\" target=\"_blank\">Michael Stich<\/a>, <a href=\"https:\/\/www.atptour.com\/es\/players\/goran-ivanisevic\/i034\/overview\" rel=\"nofollow noopener\" target=\"_blank\">Goran Ivanisevic<\/a>, y su influencia en el desarrollo del joven <a href=\"https:\/\/www.atptour.com\/es\/players\/novak-djokovic\/d643\/overview\" rel=\"nofollow noopener\" target=\"_blank\">Novak Djokovic<\/a>, ahora 24 veces campe\u00f3n de Grand Slam.<\/p>\n<p>El presidente de la ATP, <a href=\"https:\/\/www.atptour.com\/es\/players\/andrea-gaudenzi\/g254\/overview\" rel=\"nofollow noopener\" target=\"_blank\">Andrea Gaudenzi<\/a>, declar\u00f3: \u00abEstamos profundamente entristecidos por el fallecimiento de Niki Pilic, un verdadero pionero de nuestro deporte. Sus contribuciones en muchas funciones dejaron una huella duradera en los jugadores, los aficionados y el propio juego, y tienen un significado especial en la historia de la ATP. Se le echar\u00e1 mucho de menos. En nombre de la ATP, transmitimos nuestro m\u00e1s sincero p\u00e9same a su familia y seres queridos\u201d.<\/p>\n<p>\u00a0<\/p>\n<p><img alt=\"&lt;a href=\" https:=\"\"\/>Nikola Pilic at <a href=\"https:\/\/www.atptour.com\/es\/tournaments\/wimbledon\/540\/overview\" rel=\"nofollow noopener\" target=\"_blank\">Wimbledon<\/a> in 1970.\u00bb style=\u00bbwidth:100%;\u00bb src=\u00bbhttps:\/\/www.atptour.com\/-\/media\/images\/news\/2025\/09\/23\/16\/19\/pilic-wimbledon-1970.jpg\u00bb&gt;<br \/>\n<a href=\"https:\/\/www.atptour.com\/es\/players\/nikola-pilic\/p080\/overview\" rel=\"nofollow noopener\" target=\"_blank\">Nikola Pilic<\/a> en <a href=\"https:\/\/www.atptour.com\/es\/tournaments\/wimbledon\/540\/overview\" rel=\"nofollow noopener\" target=\"_blank\">Wimbledon<\/a> en 1970. Cr\u00e9dito: Ed Lacey\/Popperfoto via Getty Images<\/p>\n<p>\nPilic logr\u00f3 mucho a lo largo de ocho d\u00e9cadas. No fue hasta los 13 a\u00f1os, en el verano de 1952, cuando Pilic comenz\u00f3 a jugar al tenis: primero en el club Firule, luego entre sus estudios de construcci\u00f3n naval y m\u00e1s tarde en la administraci\u00f3n p\u00fablica. En cuatro a\u00f1os, represent\u00f3 al equipo juvenil de Yugoslavia y gan\u00f3 cinco t\u00edtulos nacionales en individuales y siete en dobles con un potente servicio y un golpe de derecha que se convirtieron en armas temibles.<\/p>\n<p>En una carrera que abarc\u00f3 la era amateur y la Era Abierta, Pilic fue un jugador de talla mundial, llegando a la final de dobles de <a href=\"https:\/\/www.atptour.com\/es\/tournaments\/wimbledon\/540\/overview\" rel=\"nofollow noopener\" target=\"_blank\">Wimbledon<\/a> en 1962 con <a href=\"https:\/\/www.atptour.com\/es\/players\/boro-jovanovic\/j033\/overview\" rel=\"nofollow noopener\" target=\"_blank\">Boro Jovanovic<\/a> y derrotando a <a href=\"https:\/\/www.atptour.com\/es\/players\/roy-emerson\/e030\/overview\" rel=\"nofollow noopener\" target=\"_blank\">Roy Emerson<\/a> en su camino hacia las semifinales de 1967 en el All England Club. Cuando el deporte se abri\u00f3 a los jugadores amateurs y profesionales, Pilic se uni\u00f3 al \u00abHandsome Eight\u00bb del grupo de Lamar Hunt, el World Championship Tennis (WCT), en 1968, junto a <a href=\"https:\/\/www.atptour.com\/es\/players\/dennis-ralston\/r064\/overview\" rel=\"nofollow noopener\" target=\"_blank\">Dennis Ralston<\/a>, <a href=\"https:\/\/www.atptour.com\/es\/players\/john-newcombe\/n044\/overview\" rel=\"nofollow noopener\" target=\"_blank\">John Newcombe<\/a>, <a href=\"https:\/\/www.atptour.com\/es\/players\/tony-roche\/r073\/overview\" rel=\"nofollow noopener\" target=\"_blank\">Tony Roche<\/a>, <a href=\"https:\/\/www.atptour.com\/es\/players\/cliff-drysdale\/d082\/overview\" rel=\"nofollow noopener\" target=\"_blank\">Cliff Drysdale<\/a>, Earl Buchholz, <a href=\"https:\/\/www.atptour.com\/es\/players\/roger-taylor\/t050\/overview\" rel=\"nofollow noopener\" target=\"_blank\">Roger Taylor<\/a> y <a href=\"https:\/\/www.atptour.com\/es\/players\/pierre-barthes\/b122\/overview\" rel=\"nofollow noopener\" target=\"_blank\">Pierre Barthes<\/a>. El alto zurdo tambi\u00e9n form\u00f3 equipo con Barthes para ganar el t\u00edtulo de dobles del <a href=\"https:\/\/www.atptour.com\/es\/tournaments\/us-open\/560\/overview\" rel=\"nofollow noopener\" target=\"_blank\">US Open<\/a> de 1970 (d. Emerson\/Laver).<\/p>\n<p>Sin embargo, en mayo de 1973, Pilic y el derecho de todos los jugadores a elegir d\u00f3nde y cu\u00e1ndo competir llegaron a un punto cr\u00edtico, cuando la Federaci\u00f3n Yugoslava de Tenis suspendi\u00f3 a Pilic durante nueve meses por no jugar en un partido de la Copa Davis contra Nueva Zelanda en Zagreb.<\/p>\n<p>Justo cuando Pilic abandonaba la pista de <a href=\"https:\/\/www.atptour.com\/es\/tournaments\/roland-garros\/520\/overview\" rel=\"nofollow noopener\" target=\"_blank\">Roland Garros<\/a>, tras quedar subcampe\u00f3n frente a <a href=\"https:\/\/www.atptour.com\/es\/players\/ilie-nastase\/n008\/overview\" rel=\"nofollow noopener\" target=\"_blank\">Ilie Nastase<\/a> en la final, se anunci\u00f3 que la Federaci\u00f3n Internacional de Tenis hab\u00eda confirmado la suspensi\u00f3n. Una reuni\u00f3n de emergencia redujo la suspensi\u00f3n a un mes, lo que inclu\u00eda los Abiertos de Italia y Alemania, y la primera semana de <a href=\"https:\/\/www.atptour.com\/es\/tournaments\/wimbledon\/540\/overview\" rel=\"nofollow noopener\" target=\"_blank\">Wimbledon<\/a>.<\/p>\n<p>En los preparativos para The Championships, estaba claro que el intento de la Asociaci\u00f3n de Tenistas Profesionales, como escribi\u00f3 el periodista brit\u00e1nico David Gray, de \u00abreivindicar la libertad de acci\u00f3n de Pilic solicitando una orden judicial para impedir que el All-England Club y la ITF le prohibieran jugar\u00bb, podr\u00eda fracasar. Y as\u00ed fue.<\/p>\n<p><img alt=\"From left to right: &lt;a href=\" https:=\"\"\/>Nikola Pilic, <a href=\"https:\/\/www.atptour.com\/es\/players\/cliff-drysdale\/d082\/overview\" rel=\"nofollow noopener\" target=\"_blank\">Cliff Drysdale<\/a>, <a href=\"https:\/\/www.atptour.com\/es\/players\/arthur-ashe\/a063\/overview\" rel=\"nofollow noopener\" target=\"_blank\">Arthur Ashe<\/a> and <a href=\"https:\/\/www.atptour.com\/es\/players\/jack-kramer\/kg10\/overview\" rel=\"nofollow noopener\" target=\"_blank\">Jack Kramer<\/a> outside the High Court in London in June 1973.\u00bb style=\u00bbwidth:100%;\u00bb src=\u00bbhttps:\/\/www.atptour.com\/-\/media\/images\/news\/2025\/09\/23\/16\/20\/pilic-london-1973.jpg\u00bb&gt;<br \/><a href=\"https:\/\/www.atptour.com\/es\/players\/nikola-pilic\/p080\/overview\" rel=\"nofollow noopener\" target=\"_blank\">Nikola Pilic<\/a>, <a href=\"https:\/\/www.atptour.com\/es\/players\/cliff-drysdale\/d082\/overview\" rel=\"nofollow noopener\" target=\"_blank\">Cliff Drysdale<\/a>, <a href=\"https:\/\/www.atptour.com\/es\/players\/arthur-ashe\/a063\/overview\" rel=\"nofollow noopener\" target=\"_blank\">Arthur Ashe<\/a> y <a href=\"https:\/\/www.atptour.com\/es\/players\/jack-kramer\/kg10\/overview\" rel=\"nofollow noopener\" target=\"_blank\">Jack Kramer<\/a> en las afueras del High Court en Londres en June de 1973. Cr\u00e9dito: Leonard Burt\/Central Press\/Hulton Archive\/Getty Images<\/p>\n<p>\nSe sugirieron compromisos, pero finalmente 81 jugadores masculinos votaron a favor de retirarse de <a href=\"https:\/\/www.atptour.com\/es\/tournaments\/wimbledon\/540\/overview\" rel=\"nofollow noopener\" target=\"_blank\">Wimbledon<\/a>, ya que los miembros de la ATP, formada apenas en septiembre de 1972, quer\u00edan un enfoque m\u00e1s profesional en la organizaci\u00f3n del circuito de torneos. As\u00ed se cre\u00f3 la Asociaci\u00f3n de Tenistas Profesionales, dirigida por los jugadores, que m\u00e1s tarde unir\u00eda fuerzas con los directores de torneos en 1990 para formar el ATP Tour.<\/p>\n<p><a href=\"https:\/\/www.atptour.com\/es\/players\/stan-smith\/s060\/overview\" rel=\"nofollow noopener\" target=\"_blank\">Stan Smith<\/a>, campe\u00f3n de <a href=\"https:\/\/www.atptour.com\/es\/tournaments\/wimbledon\/540\/overview\" rel=\"nofollow noopener\" target=\"_blank\">Wimbledon<\/a> en 1972 y primer presidente de la ATP, declar\u00f3 a ATPTour.com: \u00abObviamente, \u00e9l fue el detonante del boicot a <a href=\"https:\/\/www.atptour.com\/es\/tournaments\/wimbledon\/540\/overview\" rel=\"nofollow noopener\" target=\"_blank\">Wimbledon<\/a>. Con la ATP incipiente, consider\u00e1bamos que los jugadores deb\u00edan poder jugar donde quisieran y cuando quisieran. Le apoyamos no por qui\u00e9n era, sino porque era miembro de nuestra asociaci\u00f3n y no se le permit\u00eda jugar por lo que consider\u00e1bamos una raz\u00f3n injustificada\u00bb.<\/p>\n<p>Tras retirarse de la competici\u00f3n, Pilic se convirti\u00f3 en entrenador y ayud\u00f3 a Alemania a ganar tres trofeos de la Copa Davis en 1988, 1989 y 1993. Tambi\u00e9n fue capit\u00e1n de Croacia y Serbia en sus respectivas victorias en 2005 y 2010.<\/p>\n<p>\u00abNiki era un jugador con mucho talento, con un gran saque y un gran golpe de derecha\u00bb, dijo Smith. \u00abTambi\u00e9n era un buen pensador y estuvo a punto de ganar algunos torneos importantes\u00bb.<\/p>\n<p>\u00abFuera de la pista, ten\u00eda una opini\u00f3n sobre casi cualquier tema y parec\u00eda tener experiencia y conocimientos en muchas \u00e1reas. Una vez viaj\u00e9 con \u00e9l en avi\u00f3n y me dijo que el motor no sonaba normal y que eso pod\u00eda ser peligroso. Le pregunt\u00e9 qu\u00e9 sab\u00eda sobre aviones y me respondi\u00f3: &#8216;Conozco estos motores'\u00bb.<\/p>\n<p><a href=\"https:\/\/www.atptour.com\/es\/players\/cliff-drysdale\/d082\/overview\" rel=\"nofollow noopener\" target=\"_blank\">Cliff Drysdale<\/a>, miembro fundador y presidente de la ATP, recuerda a Pilic con cari\u00f1o. \u00abNiki era un amigo y me parec\u00eda uno de los jugadores m\u00e1s interesantes con los que hablar en el circuito. Era inteligente, culto y un hombre de principios. En una de las conversaciones que tuvimos y en la que yo me burl\u00e9 de \u00e9l, dijo que Yugoslavia se desintegrar\u00eda. Demostr\u00f3 que ten\u00eda raz\u00f3n\u00bb.<\/p>\n<p>\u00abForm\u00f3 parte de los Handsome Eight y fue una pieza clave en la creaci\u00f3n de la ATP. La huelga de <a href=\"https:\/\/www.atptour.com\/es\/tournaments\/wimbledon\/540\/overview\" rel=\"nofollow noopener\" target=\"_blank\">Wimbledon<\/a> fue el catalizador que nos convirti\u00f3 de un grupo de chicos corriendo como pollos sin cabeza en una ATP consolidada. El boicot nunca tuvo que ver con el dinero. Se trataba de la capacidad de Niki para jugar en <a href=\"https:\/\/www.atptour.com\/es\/tournaments\/wimbledon\/540\/overview\" rel=\"nofollow noopener\" target=\"_blank\">Wimbledon<\/a>, ya que estaba cualificado para hacerlo\u00bb.<\/p>\n<p>Pilic dirig\u00eda una academia de tenis en Oberschlei\u00dfheim, cerca de M\u00fanich, donde se gan\u00f3 una s\u00f3lida reputaci\u00f3n por su disciplina y su visi\u00f3n t\u00e1ctica, lo que le ayud\u00f3 como jugador de talento. En 1999, la primera entrenadora de Djokovic, Jelena Gencic, envi\u00f3 a su alumno de 12 a\u00f1os a entrenar all\u00ed durante tres meses.<\/p>\n<p>Pilic se cas\u00f3 con la actriz serbia Mija Adamovic. Hace cinco a\u00f1os, fue galardonado con la Medalla de Oro al M\u00e9rito de la Rep\u00fablica de Serbia.<\/p>\n<p>\n<a href=\"https:\/\/www.atptour.com\/es\/players\/nikola-pilic\/p080\/overview\" rel=\"nofollow noopener\" target=\"_blank\">Nikola Pilic<\/a>, Tenista, entrenador y \u00e1rbitro, nacido el 27 de agosto de 1939 y fallecido el 22 de septiembre de 2025.<\/p>\n","protected":false},"excerpt":{"rendered":"ATP Tour El mundo del tenis se despide de Niki Pilic El ex finalista de Roland Garros fue&hellip;\n","protected":false},"author":2,"featured_media":136826,"comment_status":"","ping_status":"","sticky":false,"template":"","format":"standard","meta":{"footnotes":""},"categories":[274],"tags":[168,25,24,23,167,327,326],"class_list":{"0":"post-136825","1":"post","2":"type-post","3":"status-publish","4":"format-standard","5":"has-post-thumbnail","7":"category-tenis","8":"tag-deportes","9":"tag-es","10":"tag-espana","11":"tag-spain","12":"tag-sports","13":"tag-tenis","14":"tag-tennis"},"share_on_mastodon":{"url":"","error":""},"_links":{"self":[{"href":"https:\/\/www.europesays.com\/es\/wp-json\/wp\/v2\/posts\/136825","targetHints":{"allow":["GET"]}}],"collection":[{"href":"https:\/\/www.europesays.com\/es\/wp-json\/wp\/v2\/posts"}],"about":[{"href":"https:\/\/www.europesays.com\/es\/wp-json\/wp\/v2\/types\/post"}],"author":[{"embeddable":true,"href":"https:\/\/www.europesays.com\/es\/wp-json\/wp\/v2\/users\/2"}],"replies":[{"embeddable":true,"href":"https:\/\/www.europesays.com\/es\/wp-json\/wp\/v2\/comments?post=136825"}],"version-history":[{"count":0,"href":"https:\/\/www.europesays.com\/es\/wp-json\/wp\/v2\/posts\/136825\/revisions"}],"wp:featuredmedia":[{"embeddable":true,"href":"https:\/\/www.europesays.com\/es\/wp-json\/wp\/v2\/media\/136826"}],"wp:attachment":[{"href":"https:\/\/www.europesays.com\/es\/wp-json\/wp\/v2\/media?parent=136825"}],"wp:term":[{"taxonomy":"category","embeddable":true,"href":"https:\/\/www.europesays.com\/es\/wp-json\/wp\/v2\/categories?post=136825"},{"taxonomy":"post_tag","embeddable":true,"href":"https:\/\/www.europesays.com\/es\/wp-json\/wp\/v2\/tags?post=136825"}],"curies":[{"name":"wp","href":"https:\/\/api.w.org\/{rel}","templated":true}]}}