{"id":136827,"date":"2025-09-25T00:29:10","date_gmt":"2025-09-25T00:29:10","guid":{"rendered":"https:\/\/www.europesays.com\/es\/136827\/"},"modified":"2025-09-25T00:29:10","modified_gmt":"2025-09-25T00:29:10","slug":"balderstone-el-ciclista-que-ha-pasado-de-cobrar-50-euros-por-entrenar-con-el-a-correr-el-mundial","status":"publish","type":"post","link":"https:\/\/www.europesays.com\/es\/136827\/","title":{"rendered":"Balderstone, el ciclista que ha pasado de cobrar 50 euros por entrenar con \u00e9l a correr el Mundial"},"content":{"rendered":"<p><b>Abel Balderstone <\/b>(Ullastrell, 2000) no estaba en la primera lista de <b>Alejandro Valverde para el Mundial del domingo en Ruanda<\/b>. Pero su gran temporada y los problemas de espalda de Mikel Landa le abrieron la puerta de un campeonato que no estaba en sus planes al comienzo del curso. \u00abL\u00e1stima que no pueda ir Mikel por los problemas de espalda\u00bb, se lamentaba Abel despu\u00e9s de la contrarreloj de Valladolid en la Vuelta.<\/p>\n<p>Mikel era un hombre de confianza del seleccionador. Fueron compa\u00f1eros en Movistar y Valverde sab\u00eda lo que le pod\u00eda pedir. Pero con 25 a\u00f1os cumplidos el d\u00eda de San Ferm\u00edn, Balderstone ha vivido su mejor temporada. <b>Fue el mejor espa\u00f1ol en la general de la Vuelta y luce el maillot de campe\u00f3n de Espa\u00f1a contrarreloj. <\/b>Pero \u00e9l no es un especialista. El t\u00edtulo se lo gan\u00f3 en Sierra Nevada, en una cronoescalada y la Vuelta le ha confirmado que cuando mejor se siente es cuando la carretera mira hacia arriba. \u00ab<b>Te dir\u00eda escalador\u00bb, dice al preguntarle por sus virtudes como corredor<\/b>. \u00abEs verdad que hay unos diez corredores que son muy buenos, son como extraterrestres subiendo ahora mismo en el pelot\u00f3n. Pero yo creo que me defiendo mucho mejor en escalada. <b>Tampoco te dir\u00eda que soy malo en nada, soy bastante completo<\/b>. Mi peso no me permite llanear como una persona de 80 kilos pero me defiendo bastante bien\u00bb, dice el corredor del Caja Rural.<\/p>\n<p>La muestra de que la monta\u00f1a se le da bien fue la etapa del Angliru. Aunque acab\u00f3 desfondado y tirado en el suelo de manera llamativa, fue uno de sus mejores d\u00edas en la Vuelta. \u00abEse d\u00eda no s\u00e9 qu\u00e9 me pasaba pero sab\u00eda que ten\u00eda piernas y pod\u00eda hacerlo bien y fue as\u00ed. No esperaba estar de los primeros pero una vez est\u00e1s ah\u00ed te cuesta creerlo. Lo di todo y estoy muy contento\u00bb, asegura.<\/p>\n<p>Y eso que \u00e9l mismo dudaba de que pudiera estar en la carrera espa\u00f1ola. \u00ab<b>Tuve una enfermedad, una bronquitis, y dos o tres semanas antes de la Vuelta estaba en altura y tuve que bajar <\/b>a casa para recuperarme. El equipo confiaba en m\u00ed, pero yo ten\u00eda mis dudas de si quer\u00eda ir a la Vuelta o no estando as\u00ed. No quieres hacer una Vuelta y estar mal y tambi\u00e9n piensas que le quitas el puesto a un compa\u00f1ero que tambi\u00e9n pod\u00eda estar fuerte pero vi que d\u00eda a d\u00eda estaba un poco mejor. Llegaba un poco m\u00e1s pensando en buscar fugas, m\u00e1s en la segunda semana que era dura, pero <b>sin querer me met\u00ed un poco en la general y el equipo quiso que siguiera as\u00ed<\/b>\u00bb, cuenta.<\/p>\n<p>En los planes de Abel tampoco estaba disputar la clasificaci\u00f3n general en la Vuelta. Pero una cosa lleva a la otra y se vio defendiendo su puesto como mejor espa\u00f1ol en lugar de luchar por las etapas. \u00abEs mucho desgaste, luchar todos los d\u00edas mientras hay gente que se reserva muchos d\u00edas para ganar alguna etapa lo hace m\u00e1s complicado. No es f\u00e1cil estar en la general y estar en lucha por las etapas, la fatiga al final es mucho mayor\u00bb, confiesa.<\/p>\n<blockquote class=\"blockquote\">\n<p class=\"blockquote__quote\">\u00abMi padre iba en bici toda su vida y mi hermano m\u00e1s grande, tambi\u00e9n. Me quedaba solo en casa siempre y ten\u00eda ganas tambi\u00e9n de probar \u00bb<\/p>\n<\/blockquote>\n<p>Abel, como tantos, comenz\u00f3 a montar en bici por casualidad. \u00ab<b>Mi padre iba en bici toda su vida y mi hermano m\u00e1s grande, tambi\u00e9n. Me quedaba solo en casa siempre y ten\u00eda ganas tambi\u00e9n de probar y con 13 a\u00f1os me compraron mi primera bici de carretera. <\/b>Antes hac\u00eda BTT y me gustaba mucho tambi\u00e9n, pero la carretera me gust\u00f3 mucho m\u00e1s\u00bb, recuerda.<\/p>\n<p>Durante un tiempo <b>Balderstone fue tambi\u00e9n un reclamo publicitario. A cambio de 50 euros cualquier aficionado pod\u00eda permitirse entrenar con \u00e9l, <\/b>que ya era profesional. \u00abUn chico quer\u00eda empezar un negocio de salir con gente profesional y me llam\u00f3. Es de cerca de casa, me llam\u00f3 y me dijo \u2018\u2018a ver si la gente se anima\u2019\u2019. S\u00ed que vinieron no s\u00e9 cu\u00e1ntas personas pero fue una cosa improvisada, por un amigo que quer\u00eda hacer eso. La gente quiere salir contigo y preguntarte curiosidades de ciclismo, de carreras profesionales\u00bb, dice. Ahora Abel tendr\u00eda muchas m\u00e1s cosas que contarles.<\/p>\n<p>El \u00abpique\u00bb con Guarde\u00f1o y el World Tour<\/p>\n<p>\u25ba\u00abHay un pique sano\u00bb, confesaba durante la Vuelta Jaume Guarde\u00f1o, compa\u00f1ero en el Caja Rural y de habitaci\u00f3n de Balderstone en esos d\u00edas. \u00abHemos compartido habitaci\u00f3n en muchas carreras y esta es una m\u00e1s al final. Vernos ah\u00ed los dos luchando por el Top 15 es bonito y lo recordar\u00e9 siempre\u00bb, contaba Jaume. La experiencia les ha valido a Abel y a \u00e9l para llamar la atenci\u00f3n de equipos m\u00e1s grandes, de estructuras del World Tour. Pero Caja Rural ya se ha asegurado la continuidad de Balderstone durante dos temporadas m\u00e1s. Hasta 2027 seguir\u00e1 en el equipo navarro si no lo saca antes alg\u00fan equipo del World Tour.<\/p>\n","protected":false},"excerpt":{"rendered":"Abel Balderstone (Ullastrell, 2000) no estaba en la primera lista de Alejandro Valverde para el Mundial del domingo&hellip;\n","protected":false},"author":2,"featured_media":136828,"comment_status":"","ping_status":"","sticky":false,"template":"","format":"standard","meta":{"footnotes":""},"categories":[273],"tags":[313,312,168,25,24,23,167],"class_list":{"0":"post-136827","1":"post","2":"type-post","3":"status-publish","4":"format-standard","5":"has-post-thumbnail","7":"category-ciclismo","8":"tag-ciclismo","9":"tag-cycling","10":"tag-deportes","11":"tag-es","12":"tag-espana","13":"tag-spain","14":"tag-sports"},"share_on_mastodon":{"url":"","error":""},"_links":{"self":[{"href":"https:\/\/www.europesays.com\/es\/wp-json\/wp\/v2\/posts\/136827","targetHints":{"allow":["GET"]}}],"collection":[{"href":"https:\/\/www.europesays.com\/es\/wp-json\/wp\/v2\/posts"}],"about":[{"href":"https:\/\/www.europesays.com\/es\/wp-json\/wp\/v2\/types\/post"}],"author":[{"embeddable":true,"href":"https:\/\/www.europesays.com\/es\/wp-json\/wp\/v2\/users\/2"}],"replies":[{"embeddable":true,"href":"https:\/\/www.europesays.com\/es\/wp-json\/wp\/v2\/comments?post=136827"}],"version-history":[{"count":0,"href":"https:\/\/www.europesays.com\/es\/wp-json\/wp\/v2\/posts\/136827\/revisions"}],"wp:featuredmedia":[{"embeddable":true,"href":"https:\/\/www.europesays.com\/es\/wp-json\/wp\/v2\/media\/136828"}],"wp:attachment":[{"href":"https:\/\/www.europesays.com\/es\/wp-json\/wp\/v2\/media?parent=136827"}],"wp:term":[{"taxonomy":"category","embeddable":true,"href":"https:\/\/www.europesays.com\/es\/wp-json\/wp\/v2\/categories?post=136827"},{"taxonomy":"post_tag","embeddable":true,"href":"https:\/\/www.europesays.com\/es\/wp-json\/wp\/v2\/tags?post=136827"}],"curies":[{"name":"wp","href":"https:\/\/api.w.org\/{rel}","templated":true}]}}