{"id":136839,"date":"2025-09-25T00:38:08","date_gmt":"2025-09-25T00:38:08","guid":{"rendered":"https:\/\/www.europesays.com\/es\/136839\/"},"modified":"2025-09-25T00:38:08","modified_gmt":"2025-09-25T00:38:08","slug":"eso-no-lo-he-contado-nunca","status":"publish","type":"post","link":"https:\/\/www.europesays.com\/es\/136839\/","title":{"rendered":"Eso no lo he contado nunca"},"content":{"rendered":"<p class=\"article-text\">\n        Este mi\u00e9rcoles, 24 de septiembre, A<strong>lejandro Amen\u00e1bar y Julio Pe\u00f1a<\/strong> visitaron <strong>El Hormiguero<\/strong> para promocionar su nueva pel\u00edcula: El Cautivo. El director y el actor compartieron an\u00e9cdotas, reflexiones y momentos vividos durante el rodaje de la historia de <strong>Miguel de Cervantes. <\/strong>\n    <\/p>\n<p>    <a href=\"https:\/\/www.eldiario.es\/vertele\/noticias\/pedro-j-ramirez-critico-rtve-pablo-motos-ver-si-tv-publica-israel-independiente_1_12626948.html\" data-mrf-recirculation=\"saber-mas\" data-dl-event=\"saber-mas\" rel=\"nofollow noopener\" target=\"_blank\"><\/p>\n<p class=\"know-more__title\">Pedro J. Ram\u00edrez tambi\u00e9n critic\u00f3 a RTVE con Pablo Motos: \u00abA ver si la TV p\u00fablica de Israel es m\u00e1s independiente\u00bb<\/p>\n<p>            <img decoding=\"async\" class=\"lazy\" loading=\"lazy\" data-src=\"https:\/\/static.eldiario.es\/clip\/b881c441-0b2b-4325-a454-45ca8ed71b9c_16-9-aspect-ratio_default_0.jpg\" src=\"data:image\/svg+xml,%3Csvg xmlns=\" http:=\"\" viewbox=\"0 0 880 495\" alt=\"Pedro J. Ram\u00edrez tambi\u00e9n critic\u00f3 a RTVE con Pablo Motos: &quot;A ver si la TV p\u00fablica de Israel es m\u00e1s independiente&quot;\"\/><\/p>\n<p>                        <\/a><\/p>\n<p class=\"article-text\">\n        Tras ello, <strong>Pablo Motos<\/strong> pregunt\u00f3 al cineasta si eran verdad algunas historias que se contaban sobre \u00e9l: <strong>\u201c\u00bfEs verdad que una vez le dijiste que no a Tom Cruise por un cumplea\u00f1os?\u201d.<\/strong> Algo que el invitado desminti\u00f3:\n    <\/p>\n<p class=\"article-text\">\n        \u201cHe sido reticente un poco al mundo de Hollywood porque me ha gustado verlo en la distancia. A la tercera vez que insisit\u00f3 en conocerme acud\u00ed encantado, y hasta entonces me resist\u00ed un poco. Pero no por un cumplea\u00f1os\u201d, asegur\u00f3 entre risas.\n    <\/p>\n<blockquote class=\"twitter-tweet\" data-lang=\"es\"><p><a href=\"https:\/\/twitter.com\/X\/status\/1970949323597705379?ref_src=twsrc%5Etfw\" rel=\"nofollow noopener\" target=\"_blank\"><\/p><\/blockquote>\n<p class=\"article-text\">\n        El presentador pregunt\u00f3 por otro rumor: \u201cLos americanos quer\u00edan el control de Los Otros y no les dejaste,<strong> \u00bfes cierto que Harvey Weinstein se puso de rodillas delante de ti?\u201d,<\/strong> pregunt\u00f3 que s\u00ed confirm\u00f3.\n    <\/p>\n<p class=\"article-text\">\n        \u201cEsa historia no la he contado nunca y se cont\u00f3 en el podcast &#8216;La incre\u00edble historia del rodaje de Los Otros&#8217; y es cierto. Llegu\u00e9 a Nueva York, despu\u00e9s de las mil peleas de montaje, alguna guerra sucia, y <strong>vino, se acerc\u00f3 y se arrodill\u00f3. Me pidi\u00f3 disculpas. Fue curioso\u201d<\/strong>, record\u00f3 Amen\u00e1bar.\n    <\/p>\n<p>    <a href=\"https:\/\/www.eldiario.es\/vertele\/noticias\/inaki-lopez-ayuso-gonzalez-amador-victimice_1_12628980.html\" data-mrf-recirculation=\"saber-mas-abajo\" data-dl-event=\"saber-mas-abajo\" rel=\"nofollow noopener\" target=\"_blank\"><\/p>\n<p class=\"know-more__title\">I\u00f1aki L\u00f3pez cuestiona la estrategia de Ayuso en el caso Gonz\u00e1lez Amador: \u201c\u00bfOs sorprende que se victimice?\u201d<\/p>\n<p>            <img decoding=\"async\" class=\"lazy\" loading=\"lazy\" data-src=\"https:\/\/static.eldiario.es\/clip\/f146fab7-3c60-4b1f-8bec-39456113eb42_16-9-aspect-ratio_default_0.jpg\" src=\"data:image\/svg+xml,%3Csvg xmlns=\" http:=\"\" viewbox=\"0 0 880 495\" alt=\"I\u00f1aki L\u00f3pez cuestiona la estrategia de Ayuso en el caso Gonz\u00e1lez Amador: &quot;\u00bfOs sorprende que se victimice?&quot;\"\/><\/p>\n<p>                        <\/a><\/p>\n<p class=\"article-text\">\n        Y aclar\u00f3 lo ocurrido: \u201cHaciendo una pel\u00edcula as\u00ed cuando tratas con gente con el poder que ten\u00eda Weinstein en ese momento, <strong>unas batallas las pierdes, otras las ganas, pero tengo la conciencia tranquila que la pel\u00edcula la mantuve donde quer\u00eda que estuviera.<\/strong> Y estoy muy agradecido a la fuerza creativa de Nicole Kidman, Tom Cruise tambi\u00e9n intervino&#8230; en el fondo estoy agradecido de todo lo que pas\u00f3 en ese viaje, pero hab\u00eda momentos en los que deb\u00eda mantenerme firme\u201d, zanj\u00f3.\n    <\/p>\n<p>                                <script async src=\"https:\/\/platform.twitter.com\/widgets.js\" charset=\"utf-8\"><\/script><\/p>\n","protected":false},"excerpt":{"rendered":"Este mi\u00e9rcoles, 24 de septiembre, Alejandro Amen\u00e1bar y Julio Pe\u00f1a visitaron El Hormiguero para promocionar su nueva pel\u00edcula:&hellip;\n","protected":false},"author":2,"featured_media":136840,"comment_status":"","ping_status":"","sticky":false,"template":"","format":"standard","meta":{"footnotes":""},"categories":[171],"tags":[15992,43091,43205,10804,146,147,25,24,19109,17775,3294,689,4165,43207,23,214,43206],"class_list":{"0":"post-136839","1":"post","2":"type-post","3":"status-publish","4":"format-standard","5":"has-post-thumbnail","7":"category-tv","8":"tag-amenabar","9":"tag-contado","10":"tag-desvelo","11":"tag-disculpas","12":"tag-entertainment","13":"tag-entretenimiento","14":"tag-es","15":"tag-espana","16":"tag-he","17":"tag-hormiguero","18":"tag-le","19":"tag-no","20":"tag-pidio","21":"tag-rodillas","22":"tag-spain","23":"tag-tv","24":"tag-weinstein"},"share_on_mastodon":{"url":"","error":""},"_links":{"self":[{"href":"https:\/\/www.europesays.com\/es\/wp-json\/wp\/v2\/posts\/136839","targetHints":{"allow":["GET"]}}],"collection":[{"href":"https:\/\/www.europesays.com\/es\/wp-json\/wp\/v2\/posts"}],"about":[{"href":"https:\/\/www.europesays.com\/es\/wp-json\/wp\/v2\/types\/post"}],"author":[{"embeddable":true,"href":"https:\/\/www.europesays.com\/es\/wp-json\/wp\/v2\/users\/2"}],"replies":[{"embeddable":true,"href":"https:\/\/www.europesays.com\/es\/wp-json\/wp\/v2\/comments?post=136839"}],"version-history":[{"count":0,"href":"https:\/\/www.europesays.com\/es\/wp-json\/wp\/v2\/posts\/136839\/revisions"}],"wp:featuredmedia":[{"embeddable":true,"href":"https:\/\/www.europesays.com\/es\/wp-json\/wp\/v2\/media\/136840"}],"wp:attachment":[{"href":"https:\/\/www.europesays.com\/es\/wp-json\/wp\/v2\/media?parent=136839"}],"wp:term":[{"taxonomy":"category","embeddable":true,"href":"https:\/\/www.europesays.com\/es\/wp-json\/wp\/v2\/categories?post=136839"},{"taxonomy":"post_tag","embeddable":true,"href":"https:\/\/www.europesays.com\/es\/wp-json\/wp\/v2\/tags?post=136839"}],"curies":[{"name":"wp","href":"https:\/\/api.w.org\/{rel}","templated":true}]}}