{"id":136860,"date":"2025-09-25T00:49:10","date_gmt":"2025-09-25T00:49:10","guid":{"rendered":"https:\/\/www.europesays.com\/es\/136860\/"},"modified":"2025-09-25T00:49:10","modified_gmt":"2025-09-25T00:49:10","slug":"argentina-debuto-en-el-sur-centro-cadete-con-victoria-por-duplicado","status":"publish","type":"post","link":"https:\/\/www.europesays.com\/es\/136860\/","title":{"rendered":"Argentina debut\u00f3 en el Sur-Centro Cadete con victoria por duplicado"},"content":{"rendered":"<p>&#13;<br \/>\n\t\t\t\t\t\t\t\t&#13;<\/p>\n<p>&#13;<br \/>\n\t\t\t\t\t\t\t\t\t24 septiembre, 202524 septiembre, 2025\t\t\t\t\t\t\t\t<\/p>\n<p>&#13;<br \/>\n\t\t\t\t\t\t\t\tShare<a class=\"penci-social-item facebook\" target=\"_blank\" rel=\"noopener nofollow\" title=\"\" href=\"https:\/\/www.facebook.com\/sharer\/sharer.php?u=https%3A%2F%2Fhandballargentina.org%2Fcah%2F2025%2F09%2Fargentina-debuto-en-el-sur-centro-cadete-con-victoria-por-duplicado%2F\"><\/a><a class=\"penci-social-item twitter\" target=\"_blank\" rel=\"noopener nofollow\" title=\"\" href=\"https:\/\/twitter.com\/intent\/tweet?text=Argentina%20debut\u00f3%20en%20el%20Sur-Centro%20Cadete%20con%20victoria%20por%20duplicado%20-%20https:\/\/handballargentina.org\/cah\/2025\/09\/argentina-debuto-en-el-sur-centro-cadete-con-victoria-por-duplicado\/\"><\/a><a class=\"penci-social-item whatsapp\" rel=\"noopener\" data-text=\"Argentina debut\u00f3 en el Sur-Centro Cadete con victoria por duplicado\" data-link=\"https:\/\/handballargentina.org\/cah\/2025\/09\/argentina-debuto-en-el-sur-centro-cadete-con-victoria-por-duplicado\/\" href=\"#\"><\/a><a class=\"penci-social-item email\" target=\"_blank\" rel=\"noopener\" href=\"mailto:?subject=Argentina%20debut\u00f3%20en%20el%20Sur-Centro%20Cadete%20con%20victoria%20por%20duplicado&amp;BODY=https:\/\/handballargentina.org\/cah\/2025\/09\/argentina-debuto-en-el-sur-centro-cadete-con-victoria-por-duplicado\/\"><\/a>\t\t\t\t\t\t\t<\/p>\n<p><strong>La Selecci\u00f3n Femenina venci\u00f3 a Chile 31:22 y la Masculina a Paraguay 43:26 por la segunda fecha del certamen subcontinental U-15 y U-16 que se lleva a cabo en Asunci\u00f3n. Ambos equipos se medir\u00e1n ma\u00f1ana con Uruguay, a las 14hs los varones y a las 16hs las mujeres.<\/strong><\/p>\n<p>Luego de la medalla dorada y plateada obtenida por la delegaci\u00f3n albiceleste en el Sur-Centro Menores, turno de los Cadetes que no fallaron en su debut para sumar los primeros puntos en los torneos. <strong>Todos los encuentros del Sur-Centro Asunci\u00f3n 2025 se pueden ver en vivo por el canal de\u00a0<a href=\"https:\/\/www.youtube.com\/HandballSCAm%C3%A9rica\" target=\"_blank\" rel=\"noreferrer noopener nofollow\">You Tube de la Coscabal<\/a>.<\/strong><\/p>\n<p>Tras quedar libre en el primer d\u00eda de competencia, ambos equipos se impusieron con contundencia por la segunda fecha de los Grupos A. Las chicas le ganaron a Chile, aseguraron su lugar en semifinales y ma\u00f1ana buscar\u00e1n avanzar como l\u00edderes de su zona, mientras que los chicos superaron a Paraguay y ma\u00f1ana ir\u00e1n por la clasificaci\u00f3n.<\/p>\n<p><a href=\"https:\/\/handballargentina.org\/cah\/wp-content\/uploads\/2025\/09\/PAR-A-VS.-ARG-S16_1-scaled.jpg\" rel=\"nofollow noopener\" target=\"_blank\"><img loading=\"lazy\" decoding=\"async\" width=\"1024\" height=\"769\" src=\"https:\/\/www.europesays.com\/es\/wp-content\/uploads\/2025\/09\/PAR-A-VS.-ARG-S16_1-1024x769.jpg\" alt=\"\" class=\"wp-image-40048\"  \/><\/a><\/p>\n<p>Las primeras en salir a la cancha fueron las Cadetas al mando de Hern\u00e1n Siso, haci\u00e9ndolo de gran forma con un parcial inicial de 5:0 y un goleo repartido que lleg\u00f3 desde todas las posiciones con Sofia Delgado -una de las m\u00e1ximas anotadoras del partido con 4- sumando en el pivot, Oriana Repetto y Micaela Zanghi haciendo da\u00f1o desde la primera l\u00ednea y Luc\u00eda Maschietto y Alma Albino ampliando de contraataque.<\/p>\n<p>S\u00f3lido comienzo colectivo en ataque que tambi\u00e9n tuvo correlato en el arco con las atajadas de Victoria Trebini y un buen trabajo defensivo dejando a Chile sin gol hasta los seis minutos. Un par de goles desde afuera de Agustina Viscovich -tambi\u00e9n goleadora con 4- completaron ese buen comienzo que tuvo continuidad incluso en la rotaci\u00f3n de las jugadoras a partir del ecuador del primer tiempo.<\/p>\n<p>Con los goles de Tiziana Sica e Isabella Intagliata -las otras dos goleadoras albicelestes con 4 tantos-, Argentina cerr\u00f3 unos buenos veinticinco minutos iniciales 19:12. En el complemento, si bien las chicas de Chile emparejaron las acciones aprovechando algunos minutos de irregularidad, la Selecci\u00f3n se mantuvo e incluso ampli\u00f3 la diferencia gracias a un buen trabajo en la primera l\u00ednea de Viscovich y Sol Oranias para el 31:22 final.<\/p>\n<p><a href=\"https:\/\/handballargentina.org\/cah\/wp-content\/uploads\/2025\/09\/ARG-VS.-CHI-S15_1-scaled.jpg\" rel=\"nofollow noopener\" target=\"_blank\"><img loading=\"lazy\" decoding=\"async\" width=\"1024\" height=\"769\" src=\"https:\/\/www.europesays.com\/es\/wp-content\/uploads\/2025\/09\/ARG-VS.-CHI-S15_1-1024x769.jpg\" alt=\"\" class=\"wp-image-40043\"  \/><\/a><\/p>\n<p>Por el lado de los conducidos por Pablo Robledo, un mayor trabajo para poder romper el encuentro ante un combinado A de Paraguay con jugadores de talla que complic\u00f3 a la defensa nacional en el primer tiempo. Pese a esa resistencia local, Argentina fue la que siempre estuvo al mando del tablero con los tantos desde el comienzo de Jose Brancato, Demian Vitale -m\u00e1ximo anotador con 14 tantos- y Ciro Carbone para el 10:5 en diez minutos.<\/p>\n<p>Luego de un pasaje de bajo goleo para ambos equipos, la Selecci\u00f3n ampliar\u00eda la diferencia gracias a un buen ingreso en el arco de Santino Canepa, Gonzalo Perznianko en la primera l\u00ednea y Joaqu\u00edn Gonzalez al extremo. Ni el intento de Paraguay por neutralizar el juego albiceleste mandando una personal a Facundo Gandolfo, fue suficiente para que los Cadetes sigan marcando la diferencia para el 21:13 al descanso.<\/p>\n<p>En el segundo tiempo la din\u00e1mica del encuentro no cambi\u00f3 y si bien Argentina ampli\u00f3 la rotaci\u00f3n, la distancia de ocho goles se mantuvo durante varios minutos para en los minutos siguientes crecer de forma definitiva. Vitale contin\u00fao haciendo da\u00f1o en la defensa local, Gonzalo Romano tuvo un buen ingreso en ataque y Felipe Verdejo se pudo ir con buenas sensaciones en el arco para el 43:26 final.<\/p>\n<p><a href=\"https:\/\/handballargentina.org\/cah\/2025\/09\/sur-centro-cadete-masculino-y-femenino-asuncion-paraguay-2025\/\" target=\"_blank\" rel=\"noreferrer noopener nofollow\"><strong>Minisitio Sur-Centro Cadete Asunci\u00f3n 2025<\/strong><\/a><\/p>\n<p class=\"has-text-align-right\"><strong>Fotos:<\/strong>\u00a0Coscabal \/ Germ\u00e1n P\u00e1ez y Jorge Olmedo<strong><br \/>Por Rodrigo Alzugaray \u2013 Prensa CAH<\/strong><br \/><a href=\"https:\/\/twitter.com\/roalzugaray\" rel=\"nofollow noopener\" target=\"_blank\">Seguir a @roalzugaray<\/a><\/p>\n<p><script async src=\"https:\/\/platform.twitter.com\/widgets.js\" charset=\"utf-8\"><\/script><\/p>\n","protected":false},"excerpt":{"rendered":"&#13; &#13; &#13; 24 septiembre, 202524 septiembre, 2025 &#13; Share La Selecci\u00f3n Femenina venci\u00f3 a Chile 31:22 y&hellip;\n","protected":false},"author":2,"featured_media":136861,"comment_status":"","ping_status":"","sticky":false,"template":"","format":"standard","meta":{"footnotes":""},"categories":[278],"tags":[376,168,25,24,375,23,167],"class_list":{"0":"post-136860","1":"post","2":"type-post","3":"status-publish","4":"format-standard","5":"has-post-thumbnail","7":"category-balonmano","8":"tag-balonmano","9":"tag-deportes","10":"tag-es","11":"tag-espana","12":"tag-handball","13":"tag-spain","14":"tag-sports"},"share_on_mastodon":{"url":"","error":""},"_links":{"self":[{"href":"https:\/\/www.europesays.com\/es\/wp-json\/wp\/v2\/posts\/136860","targetHints":{"allow":["GET"]}}],"collection":[{"href":"https:\/\/www.europesays.com\/es\/wp-json\/wp\/v2\/posts"}],"about":[{"href":"https:\/\/www.europesays.com\/es\/wp-json\/wp\/v2\/types\/post"}],"author":[{"embeddable":true,"href":"https:\/\/www.europesays.com\/es\/wp-json\/wp\/v2\/users\/2"}],"replies":[{"embeddable":true,"href":"https:\/\/www.europesays.com\/es\/wp-json\/wp\/v2\/comments?post=136860"}],"version-history":[{"count":0,"href":"https:\/\/www.europesays.com\/es\/wp-json\/wp\/v2\/posts\/136860\/revisions"}],"wp:featuredmedia":[{"embeddable":true,"href":"https:\/\/www.europesays.com\/es\/wp-json\/wp\/v2\/media\/136861"}],"wp:attachment":[{"href":"https:\/\/www.europesays.com\/es\/wp-json\/wp\/v2\/media?parent=136860"}],"wp:term":[{"taxonomy":"category","embeddable":true,"href":"https:\/\/www.europesays.com\/es\/wp-json\/wp\/v2\/categories?post=136860"},{"taxonomy":"post_tag","embeddable":true,"href":"https:\/\/www.europesays.com\/es\/wp-json\/wp\/v2\/tags?post=136860"}],"curies":[{"name":"wp","href":"https:\/\/api.w.org\/{rel}","templated":true}]}}