{"id":136862,"date":"2025-09-25T00:50:45","date_gmt":"2025-09-25T00:50:45","guid":{"rendered":"https:\/\/www.europesays.com\/es\/136862\/"},"modified":"2025-09-25T00:50:45","modified_gmt":"2025-09-25T00:50:45","slug":"david-de-miranda-y-andres-romero-entre-las-figuras-que-componen-el-cartel-del-festival-taurino-de-almonte","status":"publish","type":"post","link":"https:\/\/www.europesays.com\/es\/136862\/","title":{"rendered":"David de Miranda y Andr\u00e9s Romero entre las figuras que componen el cartel del Festival Taurino de Almonte"},"content":{"rendered":"<p>Se celebrar\u00e1 el pr\u00f3ximo domingo 6 de julio a las 19:00 horas en la Plaza de Toros de Almonte. El festejo contar\u00e1 con un cartel de gran nivel, con figuras que est\u00e1n siendo triunfadores en las principales ferias de Espa\u00f1a. El rejoneador Andr\u00e9s Romero y los diestros Curro D\u00edaz, Manuel Escribano, Paco Ure\u00f1a y David de Miranda.<\/p>\n<p>A ellos se suma el joven novillero Carlos Tirado, recientemente proclamado triunfador de las novilladas de promoci\u00f3n organizadas por la Fundaci\u00f3n Toro de Lidia y la Junta de Andaluc\u00eda, que lidiar\u00e1 uno de los seis novillos-toros de la ganader\u00eda de Sobral, al igual que el rejoneador, completando as\u00ed un cartel con todos los alicientes para atraer al p\u00fablico aficionado.<\/p>\n<p>Un cartel que representa tambi\u00e9n la generosidad del mundo del toro, volcado una vez m\u00e1s con las causas solidarias. Y es que los beneficios de este festival se destinar\u00e1n a las Hermandades de Penitencia de Almonte: Sacramental, Gran Poder, Soledad, Cautivo y Piedad, reforzando el car\u00e1cter ben\u00e9fico y social de este evento, que a\u00fana tauromaquia y compromiso con las tradiciones locales.<\/p>\n<p>En el acto de presentaci\u00f3n han estado presentes el alcalde de Almonte, Francisco Bella, el empresario taurino Jorge Buend\u00eda, la concejal de Ganader\u00eda, Antonia Maraver, y el diputado provincial Juan Daniel Romero. Buend\u00eda ha agradecido expresamente al Ayuntamiento \u201csu lucha constante por la cultura, las tradiciones y el mundo del toro\u201d, subrayando el respaldo institucional a una plaza como la de Almonte, con tanto arraigo. Por su parte, Antonia Maraver ha destacado \u201cla profesionalidad y seriedad de Buend\u00eda como empresario de garant\u00eda\u201d, agradeciendo su esfuerzo y su firme apuesta por el municipio.<\/p>\n<p>Bella ha recordado que Almonte ha estado siempre vinculado al toro y a la marisma, y ha subrayado la importancia de mantener vivo un festival que cuenta con d\u00e9cadas de historia. Tambi\u00e9n ha tenido palabras de agradecimiento para la Diputaci\u00f3n de Huelva, \u201cque siempre apoya estas iniciativas donde se cruzan cultura, identidad y compromiso social\u201d.<\/p>\n<p>Por su parte, Juan Daniel Romero ha hecho hincapi\u00e9 en el car\u00e1cter solidario del festival que \u201crepercute positivamente en la vida social del municipio\u201d y ha animado a los vecinos \u201ca disfrutar de un cartel de primer nivel que pone en valor nuestras tradiciones\u201d.<\/p>\n<p>El festival taurino de Almonte volver\u00e1 a celebrarse as\u00ed como una de las citas destacadas de la Feria de San Pedro, combinando la presencia de primeras figuras del toreo con el apoyo a las hermandades locales y la defensa de una tradici\u00f3n cultural profundamente enraizada en el municipio.<\/p>\n","protected":false},"excerpt":{"rendered":"Se celebrar\u00e1 el pr\u00f3ximo domingo 6 de julio a las 19:00 horas en la Plaza de Toros de&hellip;\n","protected":false},"author":2,"featured_media":136863,"comment_status":"","ping_status":"","sticky":false,"template":"","format":"standard","meta":{"footnotes":""},"categories":[277],"tags":[373,168,25,24,43208,23,167,374],"class_list":{"0":"post-136862","1":"post","2":"type-post","3":"status-publish","4":"format-standard","5":"has-post-thumbnail","7":"category-toreo","8":"tag-bullfighting","9":"tag-deportes","10":"tag-es","11":"tag-espana","12":"tag-matalascanas","13":"tag-spain","14":"tag-sports","15":"tag-toreo"},"share_on_mastodon":{"url":"","error":""},"_links":{"self":[{"href":"https:\/\/www.europesays.com\/es\/wp-json\/wp\/v2\/posts\/136862","targetHints":{"allow":["GET"]}}],"collection":[{"href":"https:\/\/www.europesays.com\/es\/wp-json\/wp\/v2\/posts"}],"about":[{"href":"https:\/\/www.europesays.com\/es\/wp-json\/wp\/v2\/types\/post"}],"author":[{"embeddable":true,"href":"https:\/\/www.europesays.com\/es\/wp-json\/wp\/v2\/users\/2"}],"replies":[{"embeddable":true,"href":"https:\/\/www.europesays.com\/es\/wp-json\/wp\/v2\/comments?post=136862"}],"version-history":[{"count":0,"href":"https:\/\/www.europesays.com\/es\/wp-json\/wp\/v2\/posts\/136862\/revisions"}],"wp:featuredmedia":[{"embeddable":true,"href":"https:\/\/www.europesays.com\/es\/wp-json\/wp\/v2\/media\/136863"}],"wp:attachment":[{"href":"https:\/\/www.europesays.com\/es\/wp-json\/wp\/v2\/media?parent=136862"}],"wp:term":[{"taxonomy":"category","embeddable":true,"href":"https:\/\/www.europesays.com\/es\/wp-json\/wp\/v2\/categories?post=136862"},{"taxonomy":"post_tag","embeddable":true,"href":"https:\/\/www.europesays.com\/es\/wp-json\/wp\/v2\/tags?post=136862"}],"curies":[{"name":"wp","href":"https:\/\/api.w.org\/{rel}","templated":true}]}}