{"id":136866,"date":"2025-09-25T00:52:09","date_gmt":"2025-09-25T00:52:09","guid":{"rendered":"https:\/\/www.europesays.com\/es\/136866\/"},"modified":"2025-09-25T00:52:09","modified_gmt":"2025-09-25T00:52:09","slug":"viktor-hovland-el-golfista-obsesionado-con-los-extraterrestres","status":"publish","type":"post","link":"https:\/\/www.europesays.com\/es\/136866\/","title":{"rendered":"Viktor Hovland, el golfista obsesionado con los extraterrestres"},"content":{"rendered":"<p data-mrf-recirculation=\"Links P\u00e1rrafos\" class=\"ue-c-article__paragraph paragraph ue-c-article--first-letter-highlighted\">C<strong>omo en el chiste, a Viktor Hovland,<\/strong> miembro del equipo de la Ryder Cup, habr\u00e1 que preguntarle si cree que en el cielo se jugar\u00e1 al golf o no. Porque el noruego da por hecho que hay vida m\u00e1s all\u00e1 de la muerte, a pesar de que la ciencia no se atreva a a\u00f1adir nada que no sea \u00abque las neuronas dejar\u00e1n de funcionar y nuestro cuerpo se pudrir\u00e1. Yo lo quiero saber todo\u00bb.<\/p>\n<p data-mrf-recirculation=\"Links P\u00e1rrafos\" class=\"ue-c-article__paragraph paragraph\"><strong>Uno de los dos golfistas desparejados de esta edici\u00f3n que desfilar\u00e1n sin acompa\u00f1ante<\/strong> dentro de unas horas en la ceremonia de inauguraci\u00f3n, el \u00fanico que lo hace por voluntad propia, por solter\u00eda, es un jugador singular. Despu\u00e9s de una traves\u00eda de m\u00e1s de un a\u00f1o, en el que prob\u00f3 seis entrenadores, volvi\u00f3 a ganar un torneo en marzo, el Valspar Championship, el s\u00e9ptimo del PGA Tour, dos m\u00e1s en el DP World Tour, para adornar una carrera que tiene como c\u00e9nit el t\u00edtulo de la FedEX Cup de 2023.\u00a0<\/p>\n<p data-mrf-recirculation=\"Links P\u00e1rrafos\" class=\"ue-c-article__paragraph paragraph\"><strong>Fue una decisi\u00f3n valiente para un golfista de 28 a\u00f1os que quiso modificar su swing,<\/strong> una aventura peligrosa y que ha destrozado varias carreras. \u00abHubo un momento donde la bola no sab\u00eda si iba a ir a la derecha o a la izquierda\u00bb, apunt\u00f3 en una reflexi\u00f3n con la revista GQ. Desde entonces ha cosechado buenos resultados como el tercer puesto en el US Open, ha pasado todos los cortes, y recientemente, en el BMW Championship, donde coincidieron todos los miembros del equipo europeo salvo Straka -cuyo parto complicado de su mujer le hace estar tambi\u00e9n solo en Bethpage-, acab\u00f3 quinto.<\/p>\n<p><img decoding=\"async\" width=\"1024\" height=\"682\" class=\"ue-c-article__image lazyload\" alt=\"Viktor Hovland y Rob MacIntyre, en una jornada de entrenamientos\" loading=\"lazy\" src=\"https:\/\/www.europesays.com\/es\/wp-content\/uploads\/2025\/09\/68d4353633690.jpeg\"\/><\/p>\n<p>Viktor Hovland y Rob MacIntyre, en una jornada de entrenamientos<\/p>\n<p data-mrf-recirculation=\"Links P\u00e1rrafos\" class=\"ue-c-article__paragraph paragraph\"><strong>Hovland, con Ludvig Aberg, de pareja fue una de las sensaciones de la \u00faltima edici\u00f3n en Roma en 2023<\/strong>. Era su segunda participaci\u00f3n y sum\u00f3 3,5 puntos. Memorable fue la victoria de la pareja antes Scottie Scheffler y Brooks Koepka por 9 y 7 en los foursome del s\u00e1bado. Precisamente Aberg fue preguntado por su relaci\u00f3n con el noruego y aqu\u00e9l toc\u00f3 uno de los temas favoritos de su amigo. \u00abSiempre le interesan los temas de ovnis y esas cosas, as\u00ed que es bastante interesante. Yo a\u00fan no pienso as\u00ed, pero si paso mucho tiempo con \u00e9l, puede que termine igual\u00bb.<\/p>\n<p data-mrf-recirculation=\"Links P\u00e1rrafos\" class=\"ue-c-article__paragraph paragraph\"><strong>Su inter\u00e9s por los extraterrestres es algo repetitivo. \u00abMe fascina la reticencia de todos esos pilotos<\/strong> que han visto cosas raras all\u00ed arriba a hablar de ello\u00bb, cont\u00f3 en una entrevista en The Telegraph. \u00abYo quiero entenderlo todo. No soy de los que siguen teor\u00edas ciegamente que les dicen lo que tiene que hacer\u00bb, apunta el joven que alterna la lectura de cl\u00e1sicos, Plat\u00f3n y Arist\u00f3teles, con ciencia ficci\u00f3n como &#8216;El problema de los tres cuerpos&#8217;.<\/p>\n<p data-mrf-recirculation=\"Links P\u00e1rrafos\" class=\"ue-c-article__paragraph paragraph\"><strong>El golfista se pregunta sobre los antepasados. \u00abDesde hace tiempo mucha gente se ha preparado para el m\u00e1s all\u00e1<\/strong>. \u00bfEran simplemente idiotas o ten\u00edan raz\u00f3n? Tengo curiosidad por descubrirlo. Nos han vendido la idea de tener todas las respuestas, pero hay tanto que desconocemos. Esas preguntas me motivan much\u00edsimo y solo quiero descubrirlo\u00bb.<\/p>\n<p data-mrf-recirculation=\"Links P\u00e1rrafos\" class=\"ue-c-article__paragraph paragraph\"><strong>Recientemente, junto a un periodista americano y unos miembros de un grupo de m\u00fasica<\/strong> se embarc\u00f3 \u00aben la caza de ovnis\u00bb. Viajaron a Hessdalen, en el sur de Tr\u00f8ndelag, en los fiordos del alto sur de Noruega, donde se producen muchos fen\u00f3menos de luces. No vieron nada que se pareciese a un extraterrestre. Pero no ceja en el empe\u00f1o de comprobar si hay vida m\u00e1s all\u00e1 del planeta Tierra.<\/p>\n","protected":false},"excerpt":{"rendered":"Como en el chiste, a Viktor Hovland, miembro del equipo de la Ryder Cup, habr\u00e1 que preguntarle si&hellip;\n","protected":false},"author":2,"featured_media":136867,"comment_status":"","ping_status":"","sticky":false,"template":"","format":"standard","meta":{"footnotes":""},"categories":[275],"tags":[168,25,24,329,23,167],"class_list":{"0":"post-136866","1":"post","2":"type-post","3":"status-publish","4":"format-standard","5":"has-post-thumbnail","7":"category-golf","8":"tag-deportes","9":"tag-es","10":"tag-espana","11":"tag-golf","12":"tag-spain","13":"tag-sports"},"share_on_mastodon":{"url":"","error":""},"_links":{"self":[{"href":"https:\/\/www.europesays.com\/es\/wp-json\/wp\/v2\/posts\/136866","targetHints":{"allow":["GET"]}}],"collection":[{"href":"https:\/\/www.europesays.com\/es\/wp-json\/wp\/v2\/posts"}],"about":[{"href":"https:\/\/www.europesays.com\/es\/wp-json\/wp\/v2\/types\/post"}],"author":[{"embeddable":true,"href":"https:\/\/www.europesays.com\/es\/wp-json\/wp\/v2\/users\/2"}],"replies":[{"embeddable":true,"href":"https:\/\/www.europesays.com\/es\/wp-json\/wp\/v2\/comments?post=136866"}],"version-history":[{"count":0,"href":"https:\/\/www.europesays.com\/es\/wp-json\/wp\/v2\/posts\/136866\/revisions"}],"wp:featuredmedia":[{"embeddable":true,"href":"https:\/\/www.europesays.com\/es\/wp-json\/wp\/v2\/media\/136867"}],"wp:attachment":[{"href":"https:\/\/www.europesays.com\/es\/wp-json\/wp\/v2\/media?parent=136866"}],"wp:term":[{"taxonomy":"category","embeddable":true,"href":"https:\/\/www.europesays.com\/es\/wp-json\/wp\/v2\/categories?post=136866"},{"taxonomy":"post_tag","embeddable":true,"href":"https:\/\/www.europesays.com\/es\/wp-json\/wp\/v2\/tags?post=136866"}],"curies":[{"name":"wp","href":"https:\/\/api.w.org\/{rel}","templated":true}]}}