{"id":136870,"date":"2025-09-25T00:54:12","date_gmt":"2025-09-25T00:54:12","guid":{"rendered":"https:\/\/www.europesays.com\/es\/136870\/"},"modified":"2025-09-25T00:54:12","modified_gmt":"2025-09-25T00:54:12","slug":"el-granadino-que-pillo-a-primoz-roglic-en-pleno-ascenso-a-sierra-nevada-es-un-lujo","status":"publish","type":"post","link":"https:\/\/www.europesays.com\/es\/136870\/","title":{"rendered":"El granadino que &#8216;pill\u00f3&#8217; a Primoz Roglic en pleno ascenso a Sierra Nevada: \u00abEs un lujo\u00bb"},"content":{"rendered":"<p><a class=\"v-mdl-ath__fig-a\" href=\"https:\/\/www.ideal.es\/autor\/angel-mengibar-4853.html\" title=\"\u00c1ngel Meng\u00edbar\" rel=\"nofollow noopener\" target=\"_blank\"><br \/>\n<img decoding=\"async\" class=\"v-mdl-ath__img\" src=\"https:\/\/www.europesays.com\/es\/wp-content\/uploads\/2025\/08\/autor-4853-foto-1.jpeg\" alt=\"\u00c1ngel Meng\u00edbar\"\/><br \/>\n<\/a><\/p>\n<p class=\"v-mdl-ath__p v-mdl-ath__p--6\">\nMi\u00e9rcoles, 24 de septiembre 2025, 20:03<\/p>\n<p>| Actualizado 20:08h.<\/p>\n<p class=\"v-p\">Granada es tierra de ciclismo y de grandes corredores. As\u00ed lo demuestran los numerosos competidores del circuito internacional que se trasladan a la provincia para preparar cada temporada, siempre con un paraje predilecto en su hoja de ruta: Sierra Nevada. El \u00faltimo en enfrentarse a su desnivel fue Primoz Roglic -cuatro veces campe\u00f3n de la Vuelta a Espa\u00f1a y una del Giro-, al que un granadino se atrevi\u00f3 a &#8216;hacerle frente&#8217;.<\/p>\n<p class=\"v-p\">Se trata de Pablo Maldonado, joven ciclista amateur y apasionado del deporte de la bicicleta. Sub\u00eda la carretera junto a unos amigos cuando, de repente, el esloveno apareci\u00f3 en escena. \u00abCuando pasamos Pinos Genil, alguien nos adelant\u00f3. Era Primoz Roglic. Cuando nos sacaba unos 50 metros, un amigo me anim\u00f3 a seguirlo para grabarme con \u00e9l. Hice un sprint y le alcanc\u00e9. Le ped\u00ed permiso y fue muy amable conmigo\u00bb, explica el propio Maldonado a IDEAL.<\/p>\n<p class=\"v-p\">\u00abPude hablar lo justo con \u00e9l, ya que prosigui\u00f3 su entrenamiento y no pude seguirle el ritmo. Me cont\u00f3 que estaba haciendo cuatro subidas a la Sierra ese mismo d\u00eda. Parec\u00eda que iba de paseo, muy fresco\u00bb, rememora. El momento qued\u00f3 inmortalizado en un video grabado por el amateur, donde se muestra al propio Pablo comentando que \u00abesto solo pasa en Granada\u00bb y al profesional saludando ante la c\u00e1mara a su lado. Un recurso que pas\u00f3 de las redes sociales a las secciones deportivas de los noticiarios.<\/p>\n<p class=\"v-p\">\u00abNo esperaba esa repercusi\u00f3n, pero la verdad que poder ir al lado de profesionales durante un rato es un lujo que tenemos en Granada. Me he topado con otros muchos, pero siempre en sentido contrario. Con Roglic s\u00ed que pude coincidir de verdad y disfrutarlo\u00bb, sentencia. Sierra Nevada ya registr\u00f3 la subida de <a href=\"https:\/\/www.ideal.es\/deportes\/provincial-granada\/mejores-ciclistas-mundo-compiten-sierra-nevada-preparar-20250514000736-nt.html\" title=\"www.ideal.es\" data-voc-vtm-id=\"in-text-traffic\" data-mrf-link=\"www.ideal.es\" rel=\"nofollow noopener\" target=\"_blank\">los mejores ciclistas del mundo<\/a>, tales como Jonas Vingegaard o Tadej Pogacar, en sus entrenamientos previos al \u00faltimo Tour de Francia.<\/p>\n<p>Comenta<\/p>\n<p>Reporta un error<\/p>\n","protected":false},"excerpt":{"rendered":"Mi\u00e9rcoles, 24 de septiembre 2025, 20:03 | Actualizado 20:08h. Granada es tierra de ciclismo y de grandes corredores.&hellip;\n","protected":false},"author":2,"featured_media":136871,"comment_status":"","ping_status":"","sticky":false,"template":"","format":"standard","meta":{"footnotes":""},"categories":[273],"tags":[6421,313,312,168,25,24,15440,1531,43210,43209,2464,11676,11677,11774,23,167],"class_list":{"0":"post-136870","1":"post","2":"type-post","3":"status-publish","4":"format-standard","5":"has-post-thumbnail","7":"category-ciclismo","8":"tag-ascenso","9":"tag-ciclismo","10":"tag-cycling","11":"tag-deportes","12":"tag-es","13":"tag-espana","14":"tag-granadino","15":"tag-lujo","16":"tag-nevada","17":"tag-pillo","18":"tag-pleno","19":"tag-primoz","20":"tag-roglic","21":"tag-sierra","22":"tag-spain","23":"tag-sports"},"share_on_mastodon":{"url":"","error":""},"_links":{"self":[{"href":"https:\/\/www.europesays.com\/es\/wp-json\/wp\/v2\/posts\/136870","targetHints":{"allow":["GET"]}}],"collection":[{"href":"https:\/\/www.europesays.com\/es\/wp-json\/wp\/v2\/posts"}],"about":[{"href":"https:\/\/www.europesays.com\/es\/wp-json\/wp\/v2\/types\/post"}],"author":[{"embeddable":true,"href":"https:\/\/www.europesays.com\/es\/wp-json\/wp\/v2\/users\/2"}],"replies":[{"embeddable":true,"href":"https:\/\/www.europesays.com\/es\/wp-json\/wp\/v2\/comments?post=136870"}],"version-history":[{"count":0,"href":"https:\/\/www.europesays.com\/es\/wp-json\/wp\/v2\/posts\/136870\/revisions"}],"wp:featuredmedia":[{"embeddable":true,"href":"https:\/\/www.europesays.com\/es\/wp-json\/wp\/v2\/media\/136871"}],"wp:attachment":[{"href":"https:\/\/www.europesays.com\/es\/wp-json\/wp\/v2\/media?parent=136870"}],"wp:term":[{"taxonomy":"category","embeddable":true,"href":"https:\/\/www.europesays.com\/es\/wp-json\/wp\/v2\/categories?post=136870"},{"taxonomy":"post_tag","embeddable":true,"href":"https:\/\/www.europesays.com\/es\/wp-json\/wp\/v2\/tags?post=136870"}],"curies":[{"name":"wp","href":"https:\/\/api.w.org\/{rel}","templated":true}]}}