{"id":136878,"date":"2025-09-25T00:59:21","date_gmt":"2025-09-25T00:59:21","guid":{"rendered":"https:\/\/www.europesays.com\/es\/136878\/"},"modified":"2025-09-25T00:59:21","modified_gmt":"2025-09-25T00:59:21","slug":"la-guia-de-artesanos-de-espana-segun-josie-o-como-poner-en-valor-quienes-somos-a-traves-del-diseno-que-nos-une","status":"publish","type":"post","link":"https:\/\/www.europesays.com\/es\/136878\/","title":{"rendered":"La gu\u00eda de artesanos de Espa\u00f1a, seg\u00fan Josie (o c\u00f3mo poner en valor qui\u00e9nes somos a trav\u00e9s del dise\u00f1o que nos une)"},"content":{"rendered":"<p>La alberca con surtidores de agua torneados a mano en terracota, obra de Juan Monz\u00f3n Gasca. Todo el proyecto de plantas y recuperaci\u00f3n de las ya existentes es de Vivercid con Rosales Ferrer para Villa Josie.\u00a9 Pablo Zamora, realizaci\u00f3n: Cito Ballesta<\/p>\n<p><strong>Juan Monz\u00f3n Gasca, en Villena<\/strong><\/p>\n<p>\u201cEl artista <a data-offer-url=\"https:\/\/www.monzongasca.com\/\" class=\"external-link\" data-event-click=\"{&quot;element&quot;:&quot;ExternalLink&quot;,&quot;outgoingURL&quot;:&quot;https:\/\/www.monzongasca.com\/&quot;}\" href=\"https:\/\/www.monzongasca.com\/\" rel=\"nofollow noopener\" target=\"_blank\">Juan Monz\u00f3n Gasca<\/a> ha sido determinante en la concepci\u00f3n de Villa Josie; y lo ser\u00e1 de nuevo en el futuro de esta casa. <strong>En lo que queda por hacer he tenido una suerte inmensa de contar con su visi\u00f3n art\u00edstica y con sus brillantes ideas,<\/strong> que son el fruto de d\u00e9cadas de estudio de materiales,\u00a0de t\u00e9cnicas, de pintura, de escultura, de cer\u00e1mica\u2026 En suma, un artista integral que forma parte de mi casa, del proyecto de vida y de su historia. <strong>El pr\u00f3ximo mes de mayo volver\u00e1 a Villa Josie, a su estudio de aqu\u00ed, para terminar el techo del sal\u00f3n rojo.<\/strong> Y trazaremos juntos un plan de todo lo que queda\u201d, avanza Josie.<\/p>\n<p>Ese techo que menciona, por cierto, con t\u00e9cnicas de pintura medieval de temple al huevo, es el del sal\u00f3n rojo del siglo XIX que corona la planta de arriba de Villa Josie. Nada menos. <strong>Monz\u00f3n Gasca firma tambi\u00e9n los surtidores de agua y la vajilla que ha torneado y pintado a mano en blanco y cobalto artesanal,<\/strong> con el monograma VJ en los frentes.<\/p>\n<p>En su alcoba, cama alfonsina vestida con antiguas batistas de algod\u00f3n de Viuda de Tolr\u00e1 y s\u00e1banas finas heredadas de sus t\u00edas abuelas. Los almohadones en sat\u00e9n de algod\u00f3n org\u00e1nico con remates de hilo carmes\u00ed, de Gayle Warwick para Hahn Design, tienen el anagrama de Villa Josie bordado. Por su parte, la colcha es una pieza \u00fanica de \u00c1bbatte, con urdimbre de lino verde bosque, trama de lana merino gris y uniones zigzag de alpaca en azul petr\u00f3leo. Sobre el arrimadero, pintado de blanco antiguo por MC Pinturas, paredes encaladas con azul Moonstone, de Croma Natural Paint. Los mecanismos el\u00e9ctricos de porcelana blanca son de la colecci\u00f3n Garby Colonial de Fontini. El tr\u00edptico que descansa sobre el cabecero es obra de Mario Ant\u00f3n, y est\u00e1 suspendido en una pareja de varillas de lat\u00f3n envejecido de Ferreter\u00eda Ortiz. A la izda., el atrezo floral del jarr\u00f3n de plata y cristal tallado es de Floreale; a la dcha., las zapatillas turcas amarillas son de Sabah.\u00a9 Pablo Zamora, realizaci\u00f3n: Cito Ballesta<\/p>\n<p><strong>Materiales Alc\u00e1zar, en Lorca<\/strong><\/p>\n<p>\u201cHe tenido much\u00edsima suerte de encontrar en Lorca, Murcia, a <strong>estos <a data-offer-url=\"https:\/\/www.instagram.com\/materialesalcazar\/?hl=es\" class=\"external-link\" data-event-click=\"{&quot;element&quot;:&quot;ExternalLink&quot;,&quot;outgoingURL&quot;:&quot;https:\/\/www.instagram.com\/materialesalcazar\/?hl=es&quot;}\" href=\"https:\/\/www.instagram.com\/materialesalcazar\/?hl=es\" rel=\"nofollow noopener\" target=\"_blank\">amigos de Salvador Escriv\u00e1,<\/a> que me proporcionaron un milagroso pal\u00e9 de hidr\u00e1ulicos,<\/strong> antiqu\u00edsimos, exactamente iguales a unos que ten\u00edan mis t\u00edas y que forman parte del suelo de mi actual alcoba de verano. Tambi\u00e9n, me buscaron unas <strong>baldosas de barro del siglo XVII para que pudieran dialogar con las que exist\u00edan en la antigua almazara de la casa,<\/strong> que hoy es el comedor que da al corral\u201d, detalla nuestro experto en encontrar talento artesano por Espa\u00f1a.<\/p>\n<p>\u201cLos profesionales de Materiales Alc\u00e1zar me buscaron unas <strong>baldosas de barro del siglo XVII para que pudieran dialogar<\/strong> con las que ya estaban en una de las estancias de Villa Josie\u201d<\/p>\n<p>Josie<\/p>\n<p><strong>Salcedo, en Sevilla<\/strong><\/p>\n<p>La firma sevillana de est\u00e9tica tradicional firma una de las joyas de Villa Josie. <strong>\u201cEn pleno barrio de la Alfalfa, siempre he pasado por su tienda de Sevilla,<\/strong> enamor\u00e1ndome de sus l\u00e1mparas, faroles y luminarias artesanas inspiradas en el siglo XVIII. <strong>Era mi ilusi\u00f3n tener un <a data-offer-url=\"https:\/\/farolesdeforja.es\/\" class=\"external-link\" data-event-click=\"{&quot;element&quot;:&quot;ExternalLink&quot;,&quot;outgoingURL&quot;:&quot;https:\/\/farolesdeforja.es\/&quot;}\" href=\"https:\/\/farolesdeforja.es\/\" rel=\"nofollow noopener\" target=\"_blank\">farol sevillano de Salcedo<\/a> en la cocina de invierno restaurada.<\/strong> Es el modelo Senescal, el primero pero no el \u00faltimo: ya le he echado el ojo a unos de inspiraci\u00f3n japonesa \u2014en cuanto acabe las obras, pienso encargar uno\u201d.<\/p>\n<p><script async src=\"\/\/www.instagram.com\/embed.js\"><\/script><\/p>\n","protected":false},"excerpt":{"rendered":"La alberca con surtidores de agua torneados a mano en terracota, obra de Juan Monz\u00f3n Gasca. Todo el&hellip;\n","protected":false},"author":2,"featured_media":136879,"comment_status":"","ping_status":"","sticky":false,"template":"","format":"standard","meta":{"footnotes":""},"categories":[173],"tags":[229,233,21686,231,230,232,234,146,147,25,24,23],"class_list":{"0":"post-136878","1":"post","2":"type-post","3":"status-publish","4":"format-standard","5":"has-post-thumbnail","7":"category-arte-y-diseno","8":"tag-arte","9":"tag-arte-y-diseno","10":"tag-artesanos","11":"tag-arts","12":"tag-arts-and-design","13":"tag-design","14":"tag-diseno","15":"tag-entertainment","16":"tag-entretenimiento","17":"tag-es","18":"tag-espana","19":"tag-spain"},"share_on_mastodon":{"url":"","error":""},"_links":{"self":[{"href":"https:\/\/www.europesays.com\/es\/wp-json\/wp\/v2\/posts\/136878","targetHints":{"allow":["GET"]}}],"collection":[{"href":"https:\/\/www.europesays.com\/es\/wp-json\/wp\/v2\/posts"}],"about":[{"href":"https:\/\/www.europesays.com\/es\/wp-json\/wp\/v2\/types\/post"}],"author":[{"embeddable":true,"href":"https:\/\/www.europesays.com\/es\/wp-json\/wp\/v2\/users\/2"}],"replies":[{"embeddable":true,"href":"https:\/\/www.europesays.com\/es\/wp-json\/wp\/v2\/comments?post=136878"}],"version-history":[{"count":0,"href":"https:\/\/www.europesays.com\/es\/wp-json\/wp\/v2\/posts\/136878\/revisions"}],"wp:featuredmedia":[{"embeddable":true,"href":"https:\/\/www.europesays.com\/es\/wp-json\/wp\/v2\/media\/136879"}],"wp:attachment":[{"href":"https:\/\/www.europesays.com\/es\/wp-json\/wp\/v2\/media?parent=136878"}],"wp:term":[{"taxonomy":"category","embeddable":true,"href":"https:\/\/www.europesays.com\/es\/wp-json\/wp\/v2\/categories?post=136878"},{"taxonomy":"post_tag","embeddable":true,"href":"https:\/\/www.europesays.com\/es\/wp-json\/wp\/v2\/tags?post=136878"}],"curies":[{"name":"wp","href":"https:\/\/api.w.org\/{rel}","templated":true}]}}